{"id":13317,"date":"2021-10-12T11:26:07","date_gmt":"2021-10-12T15:26:07","guid":{"rendered":"https:\/\/www.cisa-arica.cl\/wp1\/?p=13317"},"modified":"2021-10-12T11:26:09","modified_gmt":"2021-10-12T15:26:09","slug":"alumnas-4os-medios-participan-en-ensayos-pdt","status":"publish","type":"post","link":"https:\/\/www.cisa-arica.cl\/wp1\/2021\/10\/12\/alumnas-4os-medios-participan-en-ensayos-pdt\/","title":{"rendered":"Alumnas 4os medios participan en Ensayos PDT"},"content":{"rendered":"<p>Los pasados s\u00e1bados 2 y 9 de octubre nuestras alumnas de 4o medio realizaron de manera presencial sus primeros ensayos de la Prueba de Transici\u00f3n para la Admisi\u00f3n Universitaria (PDT) 2022 de Lenguaje, Matem\u00e1ticas y Electivos de Ciencia e Historia. Agradecemos su participaci\u00f3n y compromiso y que <span class=\"\">todo su esfuerzo tenga una recompensa.<\/span><\/p>\n<p>Colegio Italiano Santa Ana<\/p>\n<p>\u00a0<\/p>\n\n\n<figure class=\"wp-block-gallery columns-4 is-cropped wp-block-gallery-1 is-layout-flex wp-block-gallery-is-layout-flex\"><ul class=\"blocks-gallery-grid\"><li class=\"blocks-gallery-item\"><figure><img loading=\"lazy\" decoding=\"async\" width=\"600\" height=\"450\" data-attachment-id=\"13309\" data-permalink=\"https:\/\/www.cisa-arica.cl\/wp1\/000-109\/\" data-orig-file=\"https:\/\/www.cisa-arica.cl\/wp1\/wp-content\/uploads\/2021\/10\/000-2.jpg\" data-orig-size=\"1600,1200\" data-comments-opened=\"0\" data-image-meta=\"{&quot;aperture&quot;:&quot;0&quot;,&quot;credit&quot;:&quot;&quot;,&quot;camera&quot;:&quot;&quot;,&quot;caption&quot;:&quot;&quot;,&quot;created_timestamp&quot;:&quot;0&quot;,&quot;copyright&quot;:&quot;&quot;,&quot;focal_length&quot;:&quot;0&quot;,&quot;iso&quot;:&quot;0&quot;,&quot;shutter_speed&quot;:&quot;0&quot;,&quot;title&quot;:&quot;&quot;,&quot;orientation&quot;:&quot;0&quot;}\" data-image-title=\"000\" data-image-description=\"\" data-image-caption=\"\" data-large-file=\"https:\/\/www.cisa-arica.cl\/wp1\/wp-content\/uploads\/2021\/10\/000-2-600x450.jpg\" src=\"http:\/\/www.cisa-arica.cl\/wp1\/wp-content\/uploads\/2021\/10\/000-2-600x450.jpg\" alt=\"\" data-id=\"13309\" data-full-url=\"http:\/\/www.cisa-arica.cl\/wp1\/wp-content\/uploads\/2021\/10\/000-2.jpg\" data-link=\"https:\/\/www.cisa-arica.cl\/wp1\/000-109\/\" class=\"wp-image-13309\" srcset=\"https:\/\/www.cisa-arica.cl\/wp1\/wp-content\/uploads\/2021\/10\/000-2-600x450.jpg 600w, https:\/\/www.cisa-arica.cl\/wp1\/wp-content\/uploads\/2021\/10\/000-2-300x225.jpg 300w, https:\/\/www.cisa-arica.cl\/wp1\/wp-content\/uploads\/2021\/10\/000-2-768x576.jpg 768w, https:\/\/www.cisa-arica.cl\/wp1\/wp-content\/uploads\/2021\/10\/000-2-1536x1152.jpg 1536w, https:\/\/www.cisa-arica.cl\/wp1\/wp-content\/uploads\/2021\/10\/000-2.jpg 1600w\" sizes=\"auto, (max-width: 600px) 100vw, 600px\" \/><\/figure><\/li><li class=\"blocks-gallery-item\"><figure><img loading=\"lazy\" decoding=\"async\" width=\"600\" height=\"450\" data-attachment-id=\"13313\" data-permalink=\"https:\/\/www.cisa-arica.cl\/wp1\/002-75\/\" data-orig-file=\"https:\/\/www.cisa-arica.cl\/wp1\/wp-content\/uploads\/2021\/10\/002-2.jpg\" data-orig-size=\"1600,1200\" data-comments-opened=\"0\" data-image-meta=\"{&quot;aperture&quot;:&quot;0&quot;,&quot;credit&quot;:&quot;&quot;,&quot;camera&quot;:&quot;&quot;,&quot;caption&quot;:&quot;&quot;,&quot;created_timestamp&quot;:&quot;0&quot;,&quot;copyright&quot;:&quot;&quot;,&quot;focal_length&quot;:&quot;0&quot;,&quot;iso&quot;:&quot;0&quot;,&quot;shutter_speed&quot;:&quot;0&quot;,&quot;title&quot;:&quot;&quot;,&quot;orientation&quot;:&quot;0&quot;}\" data-image-title=\"002\" data-image-description=\"\" data-image-caption=\"\" data-large-file=\"https:\/\/www.cisa-arica.cl\/wp1\/wp-content\/uploads\/2021\/10\/002-2-600x450.jpg\" src=\"http:\/\/www.cisa-arica.cl\/wp1\/wp-content\/uploads\/2021\/10\/002-2-600x450.jpg\" alt=\"\" data-id=\"13313\" data-full-url=\"http:\/\/www.cisa-arica.cl\/wp1\/wp-content\/uploads\/2021\/10\/002-2.jpg\" data-link=\"https:\/\/www.cisa-arica.cl\/wp1\/002-75\/\" class=\"wp-image-13313\" srcset=\"https:\/\/www.cisa-arica.cl\/wp1\/wp-content\/uploads\/2021\/10\/002-2-600x450.jpg 600w, https:\/\/www.cisa-arica.cl\/wp1\/wp-content\/uploads\/2021\/10\/002-2-300x225.jpg 300w, https:\/\/www.cisa-arica.cl\/wp1\/wp-content\/uploads\/2021\/10\/002-2-768x576.jpg 768w, https:\/\/www.cisa-arica.cl\/wp1\/wp-content\/uploads\/2021\/10\/002-2-1536x1152.jpg 1536w, https:\/\/www.cisa-arica.cl\/wp1\/wp-content\/uploads\/2021\/10\/002-2.jpg 1600w\" sizes=\"auto, (max-width: 600px) 100vw, 600px\" \/><\/figure><\/li><li class=\"blocks-gallery-item\"><figure><img loading=\"lazy\" decoding=\"async\" width=\"600\" height=\"450\" data-attachment-id=\"13310\" data-permalink=\"https:\/\/www.cisa-arica.cl\/wp1\/00-6\/\" data-orig-file=\"https:\/\/www.cisa-arica.cl\/wp1\/wp-content\/uploads\/2021\/10\/00-1.jpg\" data-orig-size=\"718,539\" data-comments-opened=\"0\" data-image-meta=\"{&quot;aperture&quot;:&quot;0&quot;,&quot;credit&quot;:&quot;&quot;,&quot;camera&quot;:&quot;&quot;,&quot;caption&quot;:&quot;&quot;,&quot;created_timestamp&quot;:&quot;0&quot;,&quot;copyright&quot;:&quot;&quot;,&quot;focal_length&quot;:&quot;0&quot;,&quot;iso&quot;:&quot;0&quot;,&quot;shutter_speed&quot;:&quot;0&quot;,&quot;title&quot;:&quot;&quot;,&quot;orientation&quot;:&quot;0&quot;}\" data-image-title=\"00\" data-image-description=\"\" data-image-caption=\"\" data-large-file=\"https:\/\/www.cisa-arica.cl\/wp1\/wp-content\/uploads\/2021\/10\/00-1-600x450.jpg\" src=\"http:\/\/www.cisa-arica.cl\/wp1\/wp-content\/uploads\/2021\/10\/00-1-600x450.jpg\" alt=\"\" data-id=\"13310\" data-full-url=\"http:\/\/www.cisa-arica.cl\/wp1\/wp-content\/uploads\/2021\/10\/00-1.jpg\" data-link=\"https:\/\/www.cisa-arica.cl\/wp1\/00-6\/\" class=\"wp-image-13310\" srcset=\"https:\/\/www.cisa-arica.cl\/wp1\/wp-content\/uploads\/2021\/10\/00-1-600x450.jpg 600w, https:\/\/www.cisa-arica.cl\/wp1\/wp-content\/uploads\/2021\/10\/00-1-300x225.jpg 300w, https:\/\/www.cisa-arica.cl\/wp1\/wp-content\/uploads\/2021\/10\/00-1.jpg 718w\" sizes=\"auto, (max-width: 600px) 100vw, 600px\" \/><\/figure><\/li><li class=\"blocks-gallery-item\"><figure><img loading=\"lazy\" decoding=\"async\" width=\"600\" height=\"338\" data-attachment-id=\"13311\" data-permalink=\"https:\/\/www.cisa-arica.cl\/wp1\/0\/\" data-orig-file=\"https:\/\/www.cisa-arica.cl\/wp1\/wp-content\/uploads\/2021\/10\/0-1.jpg\" data-orig-size=\"721,406\" data-comments-opened=\"0\" data-image-meta=\"{&quot;aperture&quot;:&quot;0&quot;,&quot;credit&quot;:&quot;&quot;,&quot;camera&quot;:&quot;&quot;,&quot;caption&quot;:&quot;&quot;,&quot;created_timestamp&quot;:&quot;0&quot;,&quot;copyright&quot;:&quot;&quot;,&quot;focal_length&quot;:&quot;0&quot;,&quot;iso&quot;:&quot;0&quot;,&quot;shutter_speed&quot;:&quot;0&quot;,&quot;title&quot;:&quot;&quot;,&quot;orientation&quot;:&quot;0&quot;}\" data-image-title=\"0\" data-image-description=\"\" data-image-caption=\"\" data-large-file=\"https:\/\/www.cisa-arica.cl\/wp1\/wp-content\/uploads\/2021\/10\/0-1-600x338.jpg\" src=\"http:\/\/www.cisa-arica.cl\/wp1\/wp-content\/uploads\/2021\/10\/0-1-600x338.jpg\" alt=\"\" data-id=\"13311\" data-full-url=\"http:\/\/www.cisa-arica.cl\/wp1\/wp-content\/uploads\/2021\/10\/0-1.jpg\" data-link=\"https:\/\/www.cisa-arica.cl\/wp1\/0\/\" class=\"wp-image-13311\" srcset=\"https:\/\/www.cisa-arica.cl\/wp1\/wp-content\/uploads\/2021\/10\/0-1-600x338.jpg 600w, https:\/\/www.cisa-arica.cl\/wp1\/wp-content\/uploads\/2021\/10\/0-1-300x169.jpg 300w, https:\/\/www.cisa-arica.cl\/wp1\/wp-content\/uploads\/2021\/10\/0-1.jpg 721w\" sizes=\"auto, (max-width: 600px) 100vw, 600px\" \/><\/figure><\/li><li class=\"blocks-gallery-item\"><figure><img loading=\"lazy\" decoding=\"async\" width=\"600\" height=\"450\" data-attachment-id=\"13316\" data-permalink=\"https:\/\/www.cisa-arica.cl\/wp1\/a-2\/\" data-orig-file=\"https:\/\/www.cisa-arica.cl\/wp1\/wp-content\/uploads\/2021\/10\/A.jpg\" data-orig-size=\"721,541\" data-comments-opened=\"0\" data-image-meta=\"{&quot;aperture&quot;:&quot;0&quot;,&quot;credit&quot;:&quot;&quot;,&quot;camera&quot;:&quot;&quot;,&quot;caption&quot;:&quot;&quot;,&quot;created_timestamp&quot;:&quot;0&quot;,&quot;copyright&quot;:&quot;&quot;,&quot;focal_length&quot;:&quot;0&quot;,&quot;iso&quot;:&quot;0&quot;,&quot;shutter_speed&quot;:&quot;0&quot;,&quot;title&quot;:&quot;&quot;,&quot;orientation&quot;:&quot;0&quot;}\" data-image-title=\"A\" data-image-description=\"\" data-image-caption=\"\" data-large-file=\"https:\/\/www.cisa-arica.cl\/wp1\/wp-content\/uploads\/2021\/10\/A-600x450.jpg\" src=\"http:\/\/www.cisa-arica.cl\/wp1\/wp-content\/uploads\/2021\/10\/A-600x450.jpg\" alt=\"\" data-id=\"13316\" data-full-url=\"http:\/\/www.cisa-arica.cl\/wp1\/wp-content\/uploads\/2021\/10\/A.jpg\" data-link=\"https:\/\/www.cisa-arica.cl\/wp1\/a-2\/\" class=\"wp-image-13316\" srcset=\"https:\/\/www.cisa-arica.cl\/wp1\/wp-content\/uploads\/2021\/10\/A-600x450.jpg 600w, https:\/\/www.cisa-arica.cl\/wp1\/wp-content\/uploads\/2021\/10\/A-300x225.jpg 300w, https:\/\/www.cisa-arica.cl\/wp1\/wp-content\/uploads\/2021\/10\/A.jpg 721w\" sizes=\"auto, (max-width: 600px) 100vw, 600px\" \/><\/figure><\/li><li class=\"blocks-gallery-item\"><figure><img decoding=\"async\" data-attachment-id=\"13312\" data-permalink=\"https:\/\/www.cisa-arica.cl\/wp1\/001-67\/\" data-orig-file=\"https:\/\/www.cisa-arica.cl\/wp1\/wp-content\/uploads\/2021\/10\/001-1-e1634052503415.jpg\" data-orig-size=\"1079,1282\" data-comments-opened=\"0\" data-image-meta=\"{&quot;aperture&quot;:&quot;0&quot;,&quot;credit&quot;:&quot;&quot;,&quot;camera&quot;:&quot;&quot;,&quot;caption&quot;:&quot;&quot;,&quot;created_timestamp&quot;:&quot;0&quot;,&quot;copyright&quot;:&quot;&quot;,&quot;focal_length&quot;:&quot;0&quot;,&quot;iso&quot;:&quot;0&quot;,&quot;shutter_speed&quot;:&quot;0&quot;,&quot;title&quot;:&quot;&quot;,&quot;orientation&quot;:&quot;0&quot;}\" data-image-title=\"001\" data-image-description=\"\" data-image-caption=\"\" data-large-file=\"https:\/\/www.cisa-arica.cl\/wp1\/wp-content\/uploads\/2021\/10\/001-1-e1634052503415-505x600.jpg\" src=\"http:\/\/www.cisa-arica.cl\/wp1\/wp-content\/uploads\/2021\/10\/001-1-495x600.jpg\" alt=\"\" data-id=\"13312\" data-full-url=\"http:\/\/www.cisa-arica.cl\/wp1\/wp-content\/uploads\/2021\/10\/001-1.jpg\" data-link=\"https:\/\/www.cisa-arica.cl\/wp1\/001-67\/\" class=\"wp-image-13312\"\/><\/figure><\/li><li class=\"blocks-gallery-item\"><figure><img loading=\"lazy\" decoding=\"async\" width=\"600\" height=\"450\" data-attachment-id=\"13314\" data-permalink=\"https:\/\/www.cisa-arica.cl\/wp1\/004-98\/\" data-orig-file=\"https:\/\/www.cisa-arica.cl\/wp1\/wp-content\/uploads\/2021\/10\/004-1.jpg\" data-orig-size=\"1600,1200\" data-comments-opened=\"0\" data-image-meta=\"{&quot;aperture&quot;:&quot;0&quot;,&quot;credit&quot;:&quot;&quot;,&quot;camera&quot;:&quot;&quot;,&quot;caption&quot;:&quot;&quot;,&quot;created_timestamp&quot;:&quot;0&quot;,&quot;copyright&quot;:&quot;&quot;,&quot;focal_length&quot;:&quot;0&quot;,&quot;iso&quot;:&quot;0&quot;,&quot;shutter_speed&quot;:&quot;0&quot;,&quot;title&quot;:&quot;&quot;,&quot;orientation&quot;:&quot;0&quot;}\" data-image-title=\"004\" data-image-description=\"\" data-image-caption=\"\" data-large-file=\"https:\/\/www.cisa-arica.cl\/wp1\/wp-content\/uploads\/2021\/10\/004-1-600x450.jpg\" src=\"http:\/\/www.cisa-arica.cl\/wp1\/wp-content\/uploads\/2021\/10\/004-1-600x450.jpg\" alt=\"\" data-id=\"13314\" data-full-url=\"http:\/\/www.cisa-arica.cl\/wp1\/wp-content\/uploads\/2021\/10\/004-1.jpg\" data-link=\"https:\/\/www.cisa-arica.cl\/wp1\/004-98\/\" class=\"wp-image-13314\" srcset=\"https:\/\/www.cisa-arica.cl\/wp1\/wp-content\/uploads\/2021\/10\/004-1-600x450.jpg 600w, https:\/\/www.cisa-arica.cl\/wp1\/wp-content\/uploads\/2021\/10\/004-1-300x225.jpg 300w, https:\/\/www.cisa-arica.cl\/wp1\/wp-content\/uploads\/2021\/10\/004-1-768x576.jpg 768w, https:\/\/www.cisa-arica.cl\/wp1\/wp-content\/uploads\/2021\/10\/004-1-1536x1152.jpg 1536w, https:\/\/www.cisa-arica.cl\/wp1\/wp-content\/uploads\/2021\/10\/004-1.jpg 1600w\" sizes=\"auto, (max-width: 600px) 100vw, 600px\" \/><\/figure><\/li><li class=\"blocks-gallery-item\"><figure><img loading=\"lazy\" decoding=\"async\" width=\"600\" height=\"450\" data-attachment-id=\"13315\" data-permalink=\"https:\/\/www.cisa-arica.cl\/wp1\/005-56\/\" data-orig-file=\"https:\/\/www.cisa-arica.cl\/wp1\/wp-content\/uploads\/2021\/10\/005-2.jpg\" data-orig-size=\"1600,1200\" data-comments-opened=\"0\" data-image-meta=\"{&quot;aperture&quot;:&quot;0&quot;,&quot;credit&quot;:&quot;&quot;,&quot;camera&quot;:&quot;&quot;,&quot;caption&quot;:&quot;&quot;,&quot;created_timestamp&quot;:&quot;0&quot;,&quot;copyright&quot;:&quot;&quot;,&quot;focal_length&quot;:&quot;0&quot;,&quot;iso&quot;:&quot;0&quot;,&quot;shutter_speed&quot;:&quot;0&quot;,&quot;title&quot;:&quot;&quot;,&quot;orientation&quot;:&quot;0&quot;}\" data-image-title=\"005\" data-image-description=\"\" data-image-caption=\"\" data-large-file=\"https:\/\/www.cisa-arica.cl\/wp1\/wp-content\/uploads\/2021\/10\/005-2-600x450.jpg\" src=\"http:\/\/www.cisa-arica.cl\/wp1\/wp-content\/uploads\/2021\/10\/005-2-600x450.jpg\" alt=\"\" data-id=\"13315\" data-full-url=\"http:\/\/www.cisa-arica.cl\/wp1\/wp-content\/uploads\/2021\/10\/005-2.jpg\" data-link=\"https:\/\/www.cisa-arica.cl\/wp1\/005-56\/\" class=\"wp-image-13315\" srcset=\"https:\/\/www.cisa-arica.cl\/wp1\/wp-content\/uploads\/2021\/10\/005-2-600x450.jpg 600w, https:\/\/www.cisa-arica.cl\/wp1\/wp-content\/uploads\/2021\/10\/005-2-300x225.jpg 300w, https:\/\/www.cisa-arica.cl\/wp1\/wp-content\/uploads\/2021\/10\/005-2-768x576.jpg 768w, https:\/\/www.cisa-arica.cl\/wp1\/wp-content\/uploads\/2021\/10\/005-2-1536x1152.jpg 1536w, https:\/\/www.cisa-arica.cl\/wp1\/wp-content\/uploads\/2021\/10\/005-2.jpg 1600w\" sizes=\"auto, (max-width: 600px) 100vw, 600px\" \/><\/figure><\/li><\/ul><\/figure>\n\n\n\n<p><\/p>\n","protected":false},"excerpt":{"rendered":"<p>Los pasados s\u00e1bados 2 y 9 de octubre nuestras alumnas de 4o medio realizaron de manera presencial sus primeros ensayos de la Prueba de Transici\u00f3n para la Admisi\u00f3n Universitaria (PDT) 2022 de Lenguaje, Matem\u00e1ticas y Electivos de Ciencia e Historia. Agradecemos su participaci\u00f3n y compromiso y que todo su esfuerzo tenga una recompensa. Colegio Italiano <a class=\"read-more\" href=\"https:\/\/www.cisa-arica.cl\/wp1\/2021\/10\/12\/alumnas-4os-medios-participan-en-ensayos-pdt\/\">Continuar leyendo<\/a><\/p>\n","protected":false},"author":5,"featured_media":13312,"comment_status":"closed","ping_status":"open","sticky":false,"template":"","format":"standard","meta":{"_jetpack_memberships_contains_paid_content":false,"footnotes":"","jetpack_publicize_message":"","jetpack_publicize_feature_enabled":true,"jetpack_social_post_already_shared":true,"jetpack_social_options":{"image_generator_settings":{"template":"highway","default_image_id":0,"font":"","enabled":false},"version":2}},"categories":[19],"tags":[],"class_list":["post-13317","post","type-post","status-publish","format-standard","has-post-thumbnail","hentry","category-cisa"],"jetpack_publicize_connections":[],"jetpack_featured_media_url":"https:\/\/www.cisa-arica.cl\/wp1\/wp-content\/uploads\/2021\/10\/001-1-e1634052503415.jpg","jetpack_sharing_enabled":true,"jetpack_shortlink":"https:\/\/wp.me\/p84wcz-3sN","jetpack-related-posts":[{"id":11801,"url":"https:\/\/www.cisa-arica.cl\/wp1\/2020\/11\/30\/3era-jornada-de-ensayos-pdt\/","url_meta":{"origin":13317,"position":0},"title":"3era Jornada de Ensayos PDT","author":"CISA","date":"30 de Noviembre de 2020","format":false,"excerpt":"Estimadas alumnas. Les comunicamos que ma\u00f1ana comienza la 3 era jornada de ensayo para la nueva prueba de transici\u00f3n PDTHorario: 8:00 a 10:59Ingreso: www.evaluacionesonline.clUsuario: rut sin puntos + digito verificadorClave: los primeros 5 digitis del rut Unidad T\u00e9cnico Pedag\u00f3gica","rel":"","context":"Entrada similar ","block_context":{"text":"Entrada similar ","link":""},"img":{"alt_text":"","src":"https:\/\/i0.wp.com\/www.cisa-arica.cl\/wp1\/wp-content\/uploads\/2020\/11\/3efa1ba9-c150-43c8-8a62-a29300482fbb.png?resize=350%2C200&ssl=1","width":350,"height":200,"srcset":"https:\/\/i0.wp.com\/www.cisa-arica.cl\/wp1\/wp-content\/uploads\/2020\/11\/3efa1ba9-c150-43c8-8a62-a29300482fbb.png?resize=350%2C200&ssl=1 1x, https:\/\/i0.wp.com\/www.cisa-arica.cl\/wp1\/wp-content\/uploads\/2020\/11\/3efa1ba9-c150-43c8-8a62-a29300482fbb.png?resize=525%2C300&ssl=1 1.5x, https:\/\/i0.wp.com\/www.cisa-arica.cl\/wp1\/wp-content\/uploads\/2020\/11\/3efa1ba9-c150-43c8-8a62-a29300482fbb.png?resize=700%2C400&ssl=1 2x, https:\/\/i0.wp.com\/www.cisa-arica.cl\/wp1\/wp-content\/uploads\/2020\/11\/3efa1ba9-c150-43c8-8a62-a29300482fbb.png?resize=1050%2C600&ssl=1 3x"},"classes":[]},{"id":8778,"url":"https:\/\/www.cisa-arica.cl\/wp1\/2019\/08\/27\/alumnas-del-7oa-realizan-destacada-presentacion-teatral\/","url_meta":{"origin":13317,"position":1},"title":"Alumnas del 7\u00baA realizan destacada presentaci\u00f3n teatral","author":"Jeannette Rivera","date":"27 de Agosto de 2019","format":false,"excerpt":"Bajo la direcci\u00f3n de su profesora de Lenguaje Mar\u00eda Jos\u00e9 Pacheco, las estudiantes del 7\u00baA realizaron ayer lunes 26 de agosto una redonda presentaci\u00f3n de la obra teatral \"Como en Santiago\" de Daniel Barros Grez. Se destaca el esfuerzo de nuestras alumnas no solo en la presentaci\u00f3n final, sino tambi\u00e9n\u2026","rel":"","context":"En &quot;galeria&quot;","block_context":{"text":"galeria","link":"https:\/\/www.cisa-arica.cl\/wp1\/category\/galeria\/"},"img":{"alt_text":"","src":"https:\/\/i0.wp.com\/www.cisa-arica.cl\/wp1\/wp-content\/uploads\/2019\/08\/001-16.jpeg?resize=350%2C200&ssl=1","width":350,"height":200,"srcset":"https:\/\/i0.wp.com\/www.cisa-arica.cl\/wp1\/wp-content\/uploads\/2019\/08\/001-16.jpeg?resize=350%2C200&ssl=1 1x, https:\/\/i0.wp.com\/www.cisa-arica.cl\/wp1\/wp-content\/uploads\/2019\/08\/001-16.jpeg?resize=525%2C300&ssl=1 1.5x, https:\/\/i0.wp.com\/www.cisa-arica.cl\/wp1\/wp-content\/uploads\/2019\/08\/001-16.jpeg?resize=700%2C400&ssl=1 2x, https:\/\/i0.wp.com\/www.cisa-arica.cl\/wp1\/wp-content\/uploads\/2019\/08\/001-16.jpeg?resize=1050%2C600&ssl=1 3x"},"classes":[]},{"id":11664,"url":"https:\/\/www.cisa-arica.cl\/wp1\/2020\/10\/27\/ensayos-pdt-4tos-medios\/","url_meta":{"origin":13317,"position":2},"title":"Ensayos PDT 4tos Medios","author":"CISA","date":"27 de Octubre de 2020","format":false,"excerpt":"Estudiantes de 4tos Medios. Las invitamos a participar de este ensayo de PDT en las asignaturas de Lenguaje, Matem\u00e1tica y Ciencias, los d\u00edas mi\u00e9rcoles 28, jueves 29 y viernes 30 de Octubre desde las 8:30 a las 10:59 hrs. Ingresa a www.evaluacionesonline.cl No faltes. Unidad T\u00e9cnica Pedag\u00f3gica.","rel":"","context":"Entrada similar ","block_context":{"text":"Entrada similar ","link":""},"img":{"alt_text":"","src":"https:\/\/i0.wp.com\/www.cisa-arica.cl\/wp1\/wp-content\/uploads\/2020\/10\/f1a83c4b-4653-42d1-ac3b-f1faba92bab2.png?resize=350%2C200&ssl=1","width":350,"height":200,"srcset":"https:\/\/i0.wp.com\/www.cisa-arica.cl\/wp1\/wp-content\/uploads\/2020\/10\/f1a83c4b-4653-42d1-ac3b-f1faba92bab2.png?resize=350%2C200&ssl=1 1x, https:\/\/i0.wp.com\/www.cisa-arica.cl\/wp1\/wp-content\/uploads\/2020\/10\/f1a83c4b-4653-42d1-ac3b-f1faba92bab2.png?resize=525%2C300&ssl=1 1.5x, https:\/\/i0.wp.com\/www.cisa-arica.cl\/wp1\/wp-content\/uploads\/2020\/10\/f1a83c4b-4653-42d1-ac3b-f1faba92bab2.png?resize=700%2C400&ssl=1 2x, https:\/\/i0.wp.com\/www.cisa-arica.cl\/wp1\/wp-content\/uploads\/2020\/10\/f1a83c4b-4653-42d1-ac3b-f1faba92bab2.png?resize=1050%2C600&ssl=1 3x"},"classes":[]},{"id":12321,"url":"https:\/\/www.cisa-arica.cl\/wp1\/2021\/04\/23\/ensayo-online-midete\/","url_meta":{"origin":13317,"position":3},"title":"Ensayo Online M\u00eddete","author":"CISA","date":"23 de Abril de 2021","format":false,"excerpt":"Estudiantes y apoderados. Junto con saludar y esperando que se encuentren bien, les informamos que el colegio se inscribi\u00f3 para participar en el primer ensayo M\u00cdDETE para 3\u00b0 y 4\u00b0 medio en matem\u00e1tica y Comprensi\u00f3n lectora. Este ensayo cuenta con todas las actualizaciones que hasta el momento el DEMRE ha\u2026","rel":"","context":"Entrada similar ","block_context":{"text":"Entrada similar ","link":""},"img":{"alt_text":"","src":"https:\/\/i0.wp.com\/www.cisa-arica.cl\/wp1\/wp-content\/uploads\/2021\/04\/img_7805-1.jpg?resize=350%2C200&ssl=1","width":350,"height":200,"srcset":"https:\/\/i0.wp.com\/www.cisa-arica.cl\/wp1\/wp-content\/uploads\/2021\/04\/img_7805-1.jpg?resize=350%2C200&ssl=1 1x, https:\/\/i0.wp.com\/www.cisa-arica.cl\/wp1\/wp-content\/uploads\/2021\/04\/img_7805-1.jpg?resize=525%2C300&ssl=1 1.5x, https:\/\/i0.wp.com\/www.cisa-arica.cl\/wp1\/wp-content\/uploads\/2021\/04\/img_7805-1.jpg?resize=700%2C400&ssl=1 2x"},"classes":[]},{"id":8329,"url":"https:\/\/www.cisa-arica.cl\/wp1\/2019\/08\/02\/bienvenida-a-alumnas-nuevas-2o-semestre\/","url_meta":{"origin":13317,"position":4},"title":"Bienvenida a alumnas nuevas 2\u00ba semestre","author":"Jeannette Rivera","date":"2 de Agosto de 2019","format":false,"excerpt":"Con una peque\u00f1a convivencia el d\u00eda mi\u00e9rcoles 31 de julio, el equipo de Convivencia Escolar le dio la bienvenida a las alumnas nuevas que ingresaron este segundo semestre a nuestro colegio.","rel":"","context":"Entrada similar ","block_context":{"text":"Entrada similar ","link":""},"img":{"alt_text":"","src":"https:\/\/i0.wp.com\/www.cisa-arica.cl\/wp1\/wp-content\/uploads\/2019\/08\/aaa.jpeg?resize=350%2C200&ssl=1","width":350,"height":200,"srcset":"https:\/\/i0.wp.com\/www.cisa-arica.cl\/wp1\/wp-content\/uploads\/2019\/08\/aaa.jpeg?resize=350%2C200&ssl=1 1x, https:\/\/i0.wp.com\/www.cisa-arica.cl\/wp1\/wp-content\/uploads\/2019\/08\/aaa.jpeg?resize=525%2C300&ssl=1 1.5x, https:\/\/i0.wp.com\/www.cisa-arica.cl\/wp1\/wp-content\/uploads\/2019\/08\/aaa.jpeg?resize=700%2C400&ssl=1 2x, https:\/\/i0.wp.com\/www.cisa-arica.cl\/wp1\/wp-content\/uploads\/2019\/08\/aaa.jpeg?resize=1050%2C600&ssl=1 3x"},"classes":[]},{"id":8915,"url":"https:\/\/www.cisa-arica.cl\/wp1\/2019\/09\/03\/centro-de-alumnas-participa-en-encuentro-de-colegios-de-iglesia-y-coordinadores-pastorales\/","url_meta":{"origin":13317,"position":5},"title":"Centro de Alumnas participa en encuentro de Colegios de iglesia y Coordinadores Pastorales","author":"Jeannette Rivera","date":"3 de Septiembre de 2019","format":false,"excerpt":"Nuestras alumnas del CEAL CISA participaron junto a j\u00f3venes de otros colegios en el Encuentro de Centro de Alumnas de Colegios de Iglesia y Coordinadores Pastorales el pasado mi\u00e9rcoles 28 de agosto, este encuentro tuvo como objetivo reflexionar sobre el liderazgo y compromiso social.","rel":"","context":"En &quot;Pastoral&quot;","block_context":{"text":"Pastoral","link":"https:\/\/www.cisa-arica.cl\/wp1\/category\/pastoral\/"},"img":{"alt_text":"","src":"https:\/\/i0.wp.com\/www.cisa-arica.cl\/wp1\/wp-content\/uploads\/2019\/09\/aaa-1.jpeg?resize=350%2C200&ssl=1","width":350,"height":200,"srcset":"https:\/\/i0.wp.com\/www.cisa-arica.cl\/wp1\/wp-content\/uploads\/2019\/09\/aaa-1.jpeg?resize=350%2C200&ssl=1 1x, https:\/\/i0.wp.com\/www.cisa-arica.cl\/wp1\/wp-content\/uploads\/2019\/09\/aaa-1.jpeg?resize=525%2C300&ssl=1 1.5x, https:\/\/i0.wp.com\/www.cisa-arica.cl\/wp1\/wp-content\/uploads\/2019\/09\/aaa-1.jpeg?resize=700%2C400&ssl=1 2x, https:\/\/i0.wp.com\/www.cisa-arica.cl\/wp1\/wp-content\/uploads\/2019\/09\/aaa-1.jpeg?resize=1050%2C600&ssl=1 3x"},"classes":[]}],"_links":{"self":[{"href":"https:\/\/www.cisa-arica.cl\/wp1\/wp-json\/wp\/v2\/posts\/13317","targetHints":{"allow":["GET"]}}],"collection":[{"href":"https:\/\/www.cisa-arica.cl\/wp1\/wp-json\/wp\/v2\/posts"}],"about":[{"href":"https:\/\/www.cisa-arica.cl\/wp1\/wp-json\/wp\/v2\/types\/post"}],"author":[{"embeddable":true,"href":"https:\/\/www.cisa-arica.cl\/wp1\/wp-json\/wp\/v2\/users\/5"}],"replies":[{"embeddable":true,"href":"https:\/\/www.cisa-arica.cl\/wp1\/wp-json\/wp\/v2\/comments?post=13317"}],"version-history":[{"count":1,"href":"https:\/\/www.cisa-arica.cl\/wp1\/wp-json\/wp\/v2\/posts\/13317\/revisions"}],"predecessor-version":[{"id":13318,"href":"https:\/\/www.cisa-arica.cl\/wp1\/wp-json\/wp\/v2\/posts\/13317\/revisions\/13318"}],"wp:featuredmedia":[{"embeddable":true,"href":"https:\/\/www.cisa-arica.cl\/wp1\/wp-json\/wp\/v2\/media\/13312"}],"wp:attachment":[{"href":"https:\/\/www.cisa-arica.cl\/wp1\/wp-json\/wp\/v2\/media?parent=13317"}],"wp:term":[{"taxonomy":"category","embeddable":true,"href":"https:\/\/www.cisa-arica.cl\/wp1\/wp-json\/wp\/v2\/categories?post=13317"},{"taxonomy":"post_tag","embeddable":true,"href":"https:\/\/www.cisa-arica.cl\/wp1\/wp-json\/wp\/v2\/tags?post=13317"}],"curies":[{"name":"wp","href":"https:\/\/api.w.org\/{rel}","templated":true}]}}