{"id":13306,"date":"2021-10-12T07:42:42","date_gmt":"2021-10-12T11:42:42","guid":{"rendered":"https:\/\/www.cisa-arica.cl\/wp1\/?p=13306"},"modified":"2021-10-12T07:42:42","modified_gmt":"2021-10-12T11:42:42","slug":"12-de-octubre-encuentro-de-dos-mundos","status":"publish","type":"post","link":"https:\/\/www.cisa-arica.cl\/wp1\/2021\/10\/12\/12-de-octubre-encuentro-de-dos-mundos\/","title":{"rendered":"12 de Octubre Encuentro de dos mundos"},"content":{"rendered":"<div>Hoy Martes 12 de octubre se conmemora el llamado &#8220;Encuentro de dos mundos&#8221; y por ello, queremos recordar a nuestros pueblos originarios.<\/div>\n<div>\u00bfSab\u00edas que?&#8230; <img loading=\"lazy\" decoding=\"async\" class=\"an1\" src=\"https:\/\/fonts.gstatic.com\/s\/e\/notoemoji\/13.1.1\/1f440\/32.png\" alt=\"&#x1f440;\" width=\"24\" height=\"24\" data-emoji=\"&#x1f440;\" aria-label=\"&#x1f440;\" \/><\/div>\n<div>En Am\u00e9rica Latina existen actualmente 522 pueblos ind\u00edgenas\u00a0<img loading=\"lazy\" decoding=\"async\" class=\"an1\" src=\"https:\/\/fonts.gstatic.com\/s\/e\/notoemoji\/13.1.1\/1f30e\/32.png\" alt=\"&#x1f30e;\" width=\"19\" height=\"19\" data-emoji=\"&#x1f30e;\" aria-label=\"&#x1f30e;\" \/>\u00a0,que van desde la Patagonia hasta el norte de M\u00e9xico, pasando por distintas \u00e1reas geogr\u00e1ficas como Amazon\u00eda, Andes, Caribe Continental, Baja Centroam\u00e9rica y Mesoam\u00e9rica. M\u00e9xico, Bolivia, Guatemala, Per\u00fa, Colombia y Chile re\u00fanen al 87% de ind\u00edgenas de Am\u00e9rica Latina y el Caribe\u00a0<img loading=\"lazy\" decoding=\"async\" class=\"an1\" src=\"https:\/\/fonts.gstatic.com\/s\/e\/notoemoji\/13.1.1\/1f4cc\/32.png\" alt=\"&#x1f4cc;\" width=\"23\" height=\"23\" data-emoji=\"&#x1f4cc;\" aria-label=\"&#x1f4cc;\" \/>.<\/div>\n<div><\/div>\n<div>Atentamente,<\/div>\n<div>Equipo Psicopedag\u00f3gico CISA<br \/>\nEstudiantes en pr\u00e1ctica psicopedagog\u00eda IP-Santo Tom\u00e1s.<\/div>\n","protected":false},"excerpt":{"rendered":"<p>Hoy Martes 12 de octubre se conmemora el llamado &#8220;Encuentro de dos mundos&#8221; y por ello, queremos recordar a nuestros pueblos originarios. \u00bfSab\u00edas que?&#8230; En Am\u00e9rica Latina existen actualmente 522 pueblos ind\u00edgenas\u00a0\u00a0,que van desde la Patagonia hasta el norte de M\u00e9xico, pasando por distintas \u00e1reas geogr\u00e1ficas como Amazon\u00eda, Andes, Caribe Continental, Baja Centroam\u00e9rica y Mesoam\u00e9rica. <a class=\"read-more\" href=\"https:\/\/www.cisa-arica.cl\/wp1\/2021\/10\/12\/12-de-octubre-encuentro-de-dos-mundos\/\">Continuar leyendo<\/a><\/p>\n","protected":false},"author":5,"featured_media":13307,"comment_status":"closed","ping_status":"open","sticky":false,"template":"","format":"standard","meta":{"_jetpack_memberships_contains_paid_content":false,"footnotes":"","jetpack_publicize_message":"","jetpack_publicize_feature_enabled":true,"jetpack_social_post_already_shared":true,"jetpack_social_options":{"image_generator_settings":{"template":"highway","default_image_id":0,"font":"","enabled":false},"version":2}},"categories":[19],"tags":[],"class_list":["post-13306","post","type-post","status-publish","format-standard","has-post-thumbnail","hentry","category-cisa"],"jetpack_publicize_connections":[],"jetpack_featured_media_url":"https:\/\/www.cisa-arica.cl\/wp1\/wp-content\/uploads\/2021\/10\/Screenshot_2.png","jetpack_sharing_enabled":true,"jetpack_shortlink":"https:\/\/wp.me\/p84wcz-3sC","jetpack-related-posts":[{"id":16601,"url":"https:\/\/www.cisa-arica.cl\/wp1\/2022\/06\/21\/dia-de-los-pueblos-originarios\/","url_meta":{"origin":13306,"position":0},"title":"D\u00eda de los Pueblos Originarios","author":"Jeannette Rivera","date":"21 de Junio de 2022","format":false,"excerpt":"Por segunda vez en la historia de Chile, se celebr\u00f3 este martes 21 \"El D\u00eda Nacional de los Pueblos Ind\u00edgenas\". Este feriado legal se promulg\u00f3 el a\u00f1o 2021 de acuerdo a la Ley 21.357 en la cual se lee: \"Decl\u00e1rase feriado legal el d\u00eda del solsticio de invierno de cada\u2026","rel":"","context":"Entrada similar ","block_context":{"text":"Entrada similar ","link":""},"img":{"alt_text":"","src":"https:\/\/i0.wp.com\/www.cisa-arica.cl\/wp1\/wp-content\/uploads\/2022\/06\/PHOTO-2022-06-21-21-35-52.jpg?resize=350%2C200&ssl=1","width":350,"height":200,"srcset":"https:\/\/i0.wp.com\/www.cisa-arica.cl\/wp1\/wp-content\/uploads\/2022\/06\/PHOTO-2022-06-21-21-35-52.jpg?resize=350%2C200&ssl=1 1x, https:\/\/i0.wp.com\/www.cisa-arica.cl\/wp1\/wp-content\/uploads\/2022\/06\/PHOTO-2022-06-21-21-35-52.jpg?resize=525%2C300&ssl=1 1.5x"},"classes":[]},{"id":9855,"url":"https:\/\/www.cisa-arica.cl\/wp1\/2019\/10\/11\/salida-a-terreno-asignatura-ed-tecnologica\/","url_meta":{"origin":13306,"position":1},"title":"Salida a terreno asignatura Ed. Tecnol\u00f3gica","author":"Jeannette Rivera","date":"11 de Octubre de 2019","format":false,"excerpt":"El pasado viernes 04 de octubre el curso 8\u00baB tuvo una salida a terreno que consisti\u00f3 en visitar la actividad denominada \"Fiesta de lenguas ind\u00edgenas\", organizada por CONADI y patrocinada por el Ministerio de las Culturas, en donde los pueblos Aymara y Quechua de nuestra regi\u00f3n realizaron una muestra para\u2026","rel":"","context":"En &quot;galeria&quot;","block_context":{"text":"galeria","link":"https:\/\/www.cisa-arica.cl\/wp1\/category\/galeria\/"},"img":{"alt_text":"","src":"https:\/\/i0.wp.com\/www.cisa-arica.cl\/wp1\/wp-content\/uploads\/2019\/10\/IMG_5413.jpg?resize=350%2C200&ssl=1","width":350,"height":200,"srcset":"https:\/\/i0.wp.com\/www.cisa-arica.cl\/wp1\/wp-content\/uploads\/2019\/10\/IMG_5413.jpg?resize=350%2C200&ssl=1 1x, https:\/\/i0.wp.com\/www.cisa-arica.cl\/wp1\/wp-content\/uploads\/2019\/10\/IMG_5413.jpg?resize=525%2C300&ssl=1 1.5x, https:\/\/i0.wp.com\/www.cisa-arica.cl\/wp1\/wp-content\/uploads\/2019\/10\/IMG_5413.jpg?resize=700%2C400&ssl=1 2x, https:\/\/i0.wp.com\/www.cisa-arica.cl\/wp1\/wp-content\/uploads\/2019\/10\/IMG_5413.jpg?resize=1050%2C600&ssl=1 3x, https:\/\/i0.wp.com\/www.cisa-arica.cl\/wp1\/wp-content\/uploads\/2019\/10\/IMG_5413.jpg?resize=1400%2C800&ssl=1 4x"},"classes":[]},{"id":9966,"url":"https:\/\/www.cisa-arica.cl\/wp1\/2019\/10\/14\/jornada-de-compartir-junto-a-rositas-y-misioneras-de-la-esperanza\/","url_meta":{"origin":13306,"position":2},"title":"Jornada de compartir junto a Rositas y Misioneras de la Esperanza","author":"Jeannette Rivera","date":"14 de Octubre de 2019","format":false,"excerpt":"Visita de las agrupaciones de Pastoral \"Rositas\" y \"Misioneras de la Esperanza\" a los laicos del Movimiento de la Esperanza, quienes estaban realizando en la ciudad de Arica su encuentro nacional el pasado viernes 11 de octubre. Una hermosa jornada de oraci\u00f3n, m\u00fasica y compartir.","rel":"","context":"En &quot;Pastoral&quot;","block_context":{"text":"Pastoral","link":"https:\/\/www.cisa-arica.cl\/wp1\/category\/pastoral\/"},"img":{"alt_text":"","src":"https:\/\/i0.wp.com\/www.cisa-arica.cl\/wp1\/wp-content\/uploads\/2019\/10\/111-2-600x450.jpeg?resize=350%2C200","width":350,"height":200,"srcset":"https:\/\/i0.wp.com\/www.cisa-arica.cl\/wp1\/wp-content\/uploads\/2019\/10\/111-2-600x450.jpeg?resize=350%2C200 1x, https:\/\/i0.wp.com\/www.cisa-arica.cl\/wp1\/wp-content\/uploads\/2019\/10\/111-2-600x450.jpeg?resize=525%2C300 1.5x"},"classes":[]},{"id":8915,"url":"https:\/\/www.cisa-arica.cl\/wp1\/2019\/09\/03\/centro-de-alumnas-participa-en-encuentro-de-colegios-de-iglesia-y-coordinadores-pastorales\/","url_meta":{"origin":13306,"position":3},"title":"Centro de Alumnas participa en encuentro de Colegios de iglesia y Coordinadores Pastorales","author":"Jeannette Rivera","date":"3 de Septiembre de 2019","format":false,"excerpt":"Nuestras alumnas del CEAL CISA participaron junto a j\u00f3venes de otros colegios en el Encuentro de Centro de Alumnas de Colegios de Iglesia y Coordinadores Pastorales el pasado mi\u00e9rcoles 28 de agosto, este encuentro tuvo como objetivo reflexionar sobre el liderazgo y compromiso social.","rel":"","context":"En &quot;Pastoral&quot;","block_context":{"text":"Pastoral","link":"https:\/\/www.cisa-arica.cl\/wp1\/category\/pastoral\/"},"img":{"alt_text":"","src":"https:\/\/i0.wp.com\/www.cisa-arica.cl\/wp1\/wp-content\/uploads\/2019\/09\/aaa-1.jpeg?resize=350%2C200&ssl=1","width":350,"height":200,"srcset":"https:\/\/i0.wp.com\/www.cisa-arica.cl\/wp1\/wp-content\/uploads\/2019\/09\/aaa-1.jpeg?resize=350%2C200&ssl=1 1x, https:\/\/i0.wp.com\/www.cisa-arica.cl\/wp1\/wp-content\/uploads\/2019\/09\/aaa-1.jpeg?resize=525%2C300&ssl=1 1.5x, https:\/\/i0.wp.com\/www.cisa-arica.cl\/wp1\/wp-content\/uploads\/2019\/09\/aaa-1.jpeg?resize=700%2C400&ssl=1 2x, https:\/\/i0.wp.com\/www.cisa-arica.cl\/wp1\/wp-content\/uploads\/2019\/09\/aaa-1.jpeg?resize=1050%2C600&ssl=1 3x"},"classes":[]},{"id":25634,"url":"https:\/\/www.cisa-arica.cl\/wp1\/2024\/05\/25\/encuentro-familiar-de-pentecostes\/","url_meta":{"origin":13306,"position":4},"title":"Encuentro Familiar de Pentecost\u00e9s","author":"Jeannette Rivera","date":"25 de Mayo de 2024","format":false,"excerpt":"El pasado viernes 24 de mayo se realiz\u00f3 la actividad familiar de Pentecost\u00e9s en el patio Esperanza de nuestro colegio. Fue un hermoso encuentro en donde participaron familias que recibieron el llamado del Esp\u00edritu Santo.","rel":"","context":"Entrada similar ","block_context":{"text":"Entrada similar ","link":""},"img":{"alt_text":"","src":"https:\/\/i0.wp.com\/www.cisa-arica.cl\/wp1\/wp-content\/uploads\/2024\/05\/IMG_0164-scaled.jpeg?resize=350%2C200&ssl=1","width":350,"height":200,"srcset":"https:\/\/i0.wp.com\/www.cisa-arica.cl\/wp1\/wp-content\/uploads\/2024\/05\/IMG_0164-scaled.jpeg?resize=350%2C200&ssl=1 1x, https:\/\/i0.wp.com\/www.cisa-arica.cl\/wp1\/wp-content\/uploads\/2024\/05\/IMG_0164-scaled.jpeg?resize=525%2C300&ssl=1 1.5x, https:\/\/i0.wp.com\/www.cisa-arica.cl\/wp1\/wp-content\/uploads\/2024\/05\/IMG_0164-scaled.jpeg?resize=700%2C400&ssl=1 2x, https:\/\/i0.wp.com\/www.cisa-arica.cl\/wp1\/wp-content\/uploads\/2024\/05\/IMG_0164-scaled.jpeg?resize=1050%2C600&ssl=1 3x, https:\/\/i0.wp.com\/www.cisa-arica.cl\/wp1\/wp-content\/uploads\/2024\/05\/IMG_0164-scaled.jpeg?resize=1400%2C800&ssl=1 4x"},"classes":[]},{"id":12865,"url":"https:\/\/www.cisa-arica.cl\/wp1\/2021\/08\/20\/3er-encuentro-de-contencion-socioemocional\/","url_meta":{"origin":13306,"position":5},"title":"3er Encuentro de Contenci\u00f3n Socioemocional","author":"CISA","date":"20 de Agosto de 2021","format":false,"excerpt":"Estimados Padres y Apoderados: El Equipo de Convivencia Escolar agradecemos su participaci\u00f3n en el 3er Encuentro de\u00a0Madres, Padres y Apoderados, cuyo objetivo fue\u00a0acoger y conocer las condiciones\u00a0socioemocionales que sostienen a los apoderados\u00a0 en este tiempo de crisis. Este encuentro realizado tuvo muy buena acogida por parte de nuestros apoderados que\u2026","rel":"","context":"Entrada similar ","block_context":{"text":"Entrada similar ","link":""},"img":{"alt_text":"","src":"https:\/\/i0.wp.com\/www.cisa-arica.cl\/wp1\/wp-content\/uploads\/2021\/08\/img_9605.jpg?resize=350%2C200&ssl=1","width":350,"height":200,"srcset":"https:\/\/i0.wp.com\/www.cisa-arica.cl\/wp1\/wp-content\/uploads\/2021\/08\/img_9605.jpg?resize=350%2C200&ssl=1 1x, https:\/\/i0.wp.com\/www.cisa-arica.cl\/wp1\/wp-content\/uploads\/2021\/08\/img_9605.jpg?resize=525%2C300&ssl=1 1.5x, https:\/\/i0.wp.com\/www.cisa-arica.cl\/wp1\/wp-content\/uploads\/2021\/08\/img_9605.jpg?resize=700%2C400&ssl=1 2x"},"classes":[]}],"_links":{"self":[{"href":"https:\/\/www.cisa-arica.cl\/wp1\/wp-json\/wp\/v2\/posts\/13306","targetHints":{"allow":["GET"]}}],"collection":[{"href":"https:\/\/www.cisa-arica.cl\/wp1\/wp-json\/wp\/v2\/posts"}],"about":[{"href":"https:\/\/www.cisa-arica.cl\/wp1\/wp-json\/wp\/v2\/types\/post"}],"author":[{"embeddable":true,"href":"https:\/\/www.cisa-arica.cl\/wp1\/wp-json\/wp\/v2\/users\/5"}],"replies":[{"embeddable":true,"href":"https:\/\/www.cisa-arica.cl\/wp1\/wp-json\/wp\/v2\/comments?post=13306"}],"version-history":[{"count":1,"href":"https:\/\/www.cisa-arica.cl\/wp1\/wp-json\/wp\/v2\/posts\/13306\/revisions"}],"predecessor-version":[{"id":13308,"href":"https:\/\/www.cisa-arica.cl\/wp1\/wp-json\/wp\/v2\/posts\/13306\/revisions\/13308"}],"wp:featuredmedia":[{"embeddable":true,"href":"https:\/\/www.cisa-arica.cl\/wp1\/wp-json\/wp\/v2\/media\/13307"}],"wp:attachment":[{"href":"https:\/\/www.cisa-arica.cl\/wp1\/wp-json\/wp\/v2\/media?parent=13306"}],"wp:term":[{"taxonomy":"category","embeddable":true,"href":"https:\/\/www.cisa-arica.cl\/wp1\/wp-json\/wp\/v2\/categories?post=13306"},{"taxonomy":"post_tag","embeddable":true,"href":"https:\/\/www.cisa-arica.cl\/wp1\/wp-json\/wp\/v2\/tags?post=13306"}],"curies":[{"name":"wp","href":"https:\/\/api.w.org\/{rel}","templated":true}]}}