{"id":13297,"date":"2021-10-08T15:26:09","date_gmt":"2021-10-08T19:26:09","guid":{"rendered":"https:\/\/www.cisa-arica.cl\/wp1\/?p=13297"},"modified":"2021-10-13T12:30:27","modified_gmt":"2021-10-13T16:30:27","slug":"jornada-informativa-4os-medios-fuas","status":"publish","type":"post","link":"https:\/\/www.cisa-arica.cl\/wp1\/2021\/10\/08\/jornada-informativa-4os-medios-fuas\/","title":{"rendered":"Jornada Informativa 4os medios FUAS"},"content":{"rendered":"","protected":false},"excerpt":{"rendered":"","protected":false},"author":5,"featured_media":13298,"comment_status":"closed","ping_status":"open","sticky":false,"template":"","format":"standard","meta":{"_jetpack_memberships_contains_paid_content":false,"footnotes":"","jetpack_publicize_message":"","jetpack_publicize_feature_enabled":true,"jetpack_social_post_already_shared":true,"jetpack_social_options":{"image_generator_settings":{"template":"highway","default_image_id":0,"font":"","enabled":false},"version":2}},"categories":[5],"tags":[],"class_list":["post-13297","post","type-post","status-publish","format-standard","has-post-thumbnail","hentry","category-uncategorized"],"jetpack_publicize_connections":[],"jetpack_featured_media_url":"https:\/\/www.cisa-arica.cl\/wp1\/wp-content\/uploads\/2021\/10\/indice-2.jpg","jetpack_sharing_enabled":true,"jetpack_shortlink":"https:\/\/wp.me\/p84wcz-3st","jetpack-related-posts":[{"id":9884,"url":"https:\/\/www.cisa-arica.cl\/wp1\/2019\/10\/14\/alumnas-de-4os-medios-se-informan-sobre-fuas\/","url_meta":{"origin":13297,"position":0},"title":"Alumnas de 4os medios se informan sobre FUAS","author":"Jeannette Rivera","date":"14 de Octubre de 2019","format":false,"excerpt":"Con el apoyo de la Universidad de Tarapac\u00e1, nuestras alumnas de ambos 4os medios aprendieron el pasado viernes 11 de octubre a completar el Fomulario \u00danico de Acreditaci\u00f3n Econ\u00f3mica (FUAS), documentaci\u00f3n importante para las estudiantes ya que es necesario para postular a cualquier beca y\/o beneficios para la educaci\u00f3n superior,\u2026","rel":"","context":"Entrada similar ","block_context":{"text":"Entrada similar ","link":""},"img":{"alt_text":"","src":"https:\/\/i0.wp.com\/www.cisa-arica.cl\/wp1\/wp-content\/uploads\/2019\/10\/111-1-450x600.jpeg?resize=350%2C200","width":350,"height":200},"classes":[]},{"id":13269,"url":"https:\/\/www.cisa-arica.cl\/wp1\/2021\/10\/05\/inicio-de-postulacion-fuas-para-4os-medios\/","url_meta":{"origin":13297,"position":1},"title":"Inicio de postulaci\u00f3n FUAS para 4os medios","author":"Jeannette Rivera","date":"5 de Octubre de 2021","format":false,"excerpt":"Estimadas alumnas: A partir de hoy Martes 5 de octubre se inicia el proceso de postulaci\u00f3n al Formulario \u00danico de Acreditaci\u00f3n Socioecon\u00f3mica (FUAS) para el a\u00f1o 2022.\u00a0 Recuerden que este tr\u00e1mite es de suma importancia para quienes deseen obtener la gratuidad, becas y cr\u00e9ditos que entrega el Estado para ingresar\u2026","rel":"","context":"Entrada similar ","block_context":{"text":"Entrada similar ","link":""},"img":{"alt_text":"","src":"https:\/\/i0.wp.com\/www.cisa-arica.cl\/wp1\/wp-content\/uploads\/2021\/10\/indice.jpg?resize=350%2C200&ssl=1","width":350,"height":200,"srcset":"https:\/\/i0.wp.com\/www.cisa-arica.cl\/wp1\/wp-content\/uploads\/2021\/10\/indice.jpg?resize=350%2C200&ssl=1 1x, https:\/\/i0.wp.com\/www.cisa-arica.cl\/wp1\/wp-content\/uploads\/2021\/10\/indice.jpg?resize=525%2C300&ssl=1 1.5x"},"classes":[]},{"id":13110,"url":"https:\/\/www.cisa-arica.cl\/wp1\/2021\/09\/08\/reunion-de-apoderados-4os-medios\/","url_meta":{"origin":13297,"position":2},"title":"Reuni\u00f3n de Apoderados 4os Medios","author":"Jeannette Rivera","date":"8 de Septiembre de 2021","format":false,"excerpt":"Estimados: Se cita a los apoderados de 4os Medios a reuni\u00f3n ma\u00f1ana Jueves 9 de septiembre a las 18:00 hrs. de forma virtual a trav\u00e9s de Meet. La invitaci\u00f3n ser\u00e1 enviada a los correos institucionales. Atentamente, Colegio italiano Santa Ana","rel":"","context":"Entrada similar ","block_context":{"text":"Entrada similar ","link":""},"img":{"alt_text":"","src":"https:\/\/i0.wp.com\/www.cisa-arica.cl\/wp1\/wp-content\/uploads\/2021\/09\/Screenshot_2.png?resize=350%2C200&ssl=1","width":350,"height":200,"srcset":"https:\/\/i0.wp.com\/www.cisa-arica.cl\/wp1\/wp-content\/uploads\/2021\/09\/Screenshot_2.png?resize=350%2C200&ssl=1 1x, https:\/\/i0.wp.com\/www.cisa-arica.cl\/wp1\/wp-content\/uploads\/2021\/09\/Screenshot_2.png?resize=525%2C300&ssl=1 1.5x"},"classes":[]},{"id":9641,"url":"https:\/\/www.cisa-arica.cl\/wp1\/2019\/09\/27\/reunion-escuela-para-padres-3os-y-4os-medios\/","url_meta":{"origin":13297,"position":3},"title":"Reuni\u00f3n Escuela para padres 3os y 4os medios","author":"Jeannette Rivera","date":"27 de Septiembre de 2019","format":false,"excerpt":"Ayer jueves 26 de septiembre se realiz\u00f3 una charla para los apoderados de 3os y 4os medios, la cual entreg\u00f3 informaci\u00f3n respecto a la emisi\u00f3n, actualizaci\u00f3n y la importancia que tiene el Registro Social de Hogares en los procesos de postulaci\u00f3n, principalmente a becas y beneficios estudiantiles.","rel":"","context":"Entrada similar ","block_context":{"text":"Entrada similar ","link":""},"img":{"alt_text":"","src":"https:\/\/i0.wp.com\/www.cisa-arica.cl\/wp1\/wp-content\/uploads\/2019\/09\/IMG_20190926_184529-150x150.jpg?resize=350%2C200&ssl=1","width":350,"height":200,"srcset":"https:\/\/i0.wp.com\/www.cisa-arica.cl\/wp1\/wp-content\/uploads\/2019\/09\/IMG_20190926_184529-150x150.jpg?resize=350%2C200&ssl=1 1x, https:\/\/i0.wp.com\/www.cisa-arica.cl\/wp1\/wp-content\/uploads\/2019\/09\/IMG_20190926_184529-150x150.jpg?resize=525%2C300&ssl=1 1.5x, https:\/\/i0.wp.com\/www.cisa-arica.cl\/wp1\/wp-content\/uploads\/2019\/09\/IMG_20190926_184529-150x150.jpg?resize=700%2C400&ssl=1 2x, https:\/\/i0.wp.com\/www.cisa-arica.cl\/wp1\/wp-content\/uploads\/2019\/09\/IMG_20190926_184529-150x150.jpg?resize=1050%2C600&ssl=1 3x, https:\/\/i0.wp.com\/www.cisa-arica.cl\/wp1\/wp-content\/uploads\/2019\/09\/IMG_20190926_184529-150x150.jpg?resize=1400%2C800&ssl=1 4x"},"classes":[]},{"id":12187,"url":"https:\/\/www.cisa-arica.cl\/wp1\/2021\/04\/01\/inicio-clases-mixtas-3os-y-4os-medios\/","url_meta":{"origin":13297,"position":4},"title":"Inicio clases mixtas 3os y 4os Medios","author":"Jeannette Rivera","date":"1 de Abril de 2021","format":false,"excerpt":"Estimada Comunidad Educativa: Junto con saludarlas y esperando se encuentren bien junto a su familia, les comunicamos que el d\u00eda mi\u00e9rcoles 7 de Abril damos inicio a las clases mixtas, comenzando con los 3eros y 4tos medios, los cuales est\u00e1n divididos en 3 grupos, y asistir\u00e1n en semanas diferidas (cada\u2026","rel":"","context":"Entrada similar ","block_context":{"text":"Entrada similar ","link":""},"img":{"alt_text":"","src":"https:\/\/i0.wp.com\/www.cisa-arica.cl\/wp1\/wp-content\/uploads\/2021\/04\/Screenshot_2021-04-01-Convivencia-Escolar-Cisa-Arica-est%C3%A1-en-Instagram-%E2%80%A2-427-publicaciones-en-su-perfil.png?resize=350%2C200&ssl=1","width":350,"height":200,"srcset":"https:\/\/i0.wp.com\/www.cisa-arica.cl\/wp1\/wp-content\/uploads\/2021\/04\/Screenshot_2021-04-01-Convivencia-Escolar-Cisa-Arica-est%C3%A1-en-Instagram-%E2%80%A2-427-publicaciones-en-su-perfil.png?resize=350%2C200&ssl=1 1x, https:\/\/i0.wp.com\/www.cisa-arica.cl\/wp1\/wp-content\/uploads\/2021\/04\/Screenshot_2021-04-01-Convivencia-Escolar-Cisa-Arica-est%C3%A1-en-Instagram-%E2%80%A2-427-publicaciones-en-su-perfil.png?resize=525%2C300&ssl=1 1.5x, https:\/\/i0.wp.com\/www.cisa-arica.cl\/wp1\/wp-content\/uploads\/2021\/04\/Screenshot_2021-04-01-Convivencia-Escolar-Cisa-Arica-est%C3%A1-en-Instagram-%E2%80%A2-427-publicaciones-en-su-perfil.png?resize=700%2C400&ssl=1 2x"},"classes":[]},{"id":13317,"url":"https:\/\/www.cisa-arica.cl\/wp1\/2021\/10\/12\/alumnas-4os-medios-participan-en-ensayos-pdt\/","url_meta":{"origin":13297,"position":5},"title":"Alumnas 4os medios participan en Ensayos PDT","author":"Jeannette Rivera","date":"12 de Octubre de 2021","format":false,"excerpt":"Los pasados s\u00e1bados 2 y 9 de octubre nuestras alumnas de 4o medio realizaron de manera presencial sus primeros ensayos de la Prueba de Transici\u00f3n para la Admisi\u00f3n Universitaria (PDT) 2022 de Lenguaje, Matem\u00e1ticas y Electivos de Ciencia e Historia. Agradecemos su participaci\u00f3n y compromiso y que todo su esfuerzo\u2026","rel":"","context":"En &quot;CISA&quot;","block_context":{"text":"CISA","link":"https:\/\/www.cisa-arica.cl\/wp1\/category\/cisa\/"},"img":{"alt_text":"","src":"https:\/\/i0.wp.com\/www.cisa-arica.cl\/wp1\/wp-content\/uploads\/2021\/10\/001-1-e1634052503415.jpg?resize=350%2C200&ssl=1","width":350,"height":200,"srcset":"https:\/\/i0.wp.com\/www.cisa-arica.cl\/wp1\/wp-content\/uploads\/2021\/10\/001-1-e1634052503415.jpg?resize=350%2C200&ssl=1 1x, https:\/\/i0.wp.com\/www.cisa-arica.cl\/wp1\/wp-content\/uploads\/2021\/10\/001-1-e1634052503415.jpg?resize=525%2C300&ssl=1 1.5x, https:\/\/i0.wp.com\/www.cisa-arica.cl\/wp1\/wp-content\/uploads\/2021\/10\/001-1-e1634052503415.jpg?resize=700%2C400&ssl=1 2x, https:\/\/i0.wp.com\/www.cisa-arica.cl\/wp1\/wp-content\/uploads\/2021\/10\/001-1-e1634052503415.jpg?resize=1050%2C600&ssl=1 3x"},"classes":[]}],"_links":{"self":[{"href":"https:\/\/www.cisa-arica.cl\/wp1\/wp-json\/wp\/v2\/posts\/13297","targetHints":{"allow":["GET"]}}],"collection":[{"href":"https:\/\/www.cisa-arica.cl\/wp1\/wp-json\/wp\/v2\/posts"}],"about":[{"href":"https:\/\/www.cisa-arica.cl\/wp1\/wp-json\/wp\/v2\/types\/post"}],"author":[{"embeddable":true,"href":"https:\/\/www.cisa-arica.cl\/wp1\/wp-json\/wp\/v2\/users\/5"}],"replies":[{"embeddable":true,"href":"https:\/\/www.cisa-arica.cl\/wp1\/wp-json\/wp\/v2\/comments?post=13297"}],"version-history":[{"count":1,"href":"https:\/\/www.cisa-arica.cl\/wp1\/wp-json\/wp\/v2\/posts\/13297\/revisions"}],"predecessor-version":[{"id":13299,"href":"https:\/\/www.cisa-arica.cl\/wp1\/wp-json\/wp\/v2\/posts\/13297\/revisions\/13299"}],"wp:featuredmedia":[{"embeddable":true,"href":"https:\/\/www.cisa-arica.cl\/wp1\/wp-json\/wp\/v2\/media\/13298"}],"wp:attachment":[{"href":"https:\/\/www.cisa-arica.cl\/wp1\/wp-json\/wp\/v2\/media?parent=13297"}],"wp:term":[{"taxonomy":"category","embeddable":true,"href":"https:\/\/www.cisa-arica.cl\/wp1\/wp-json\/wp\/v2\/categories?post=13297"},{"taxonomy":"post_tag","embeddable":true,"href":"https:\/\/www.cisa-arica.cl\/wp1\/wp-json\/wp\/v2\/tags?post=13297"}],"curies":[{"name":"wp","href":"https:\/\/api.w.org\/{rel}","templated":true}]}}