{"id":13289,"date":"2021-10-07T14:17:59","date_gmt":"2021-10-07T18:17:59","guid":{"rendered":"https:\/\/www.cisa-arica.cl\/wp1\/?p=13289"},"modified":"2021-10-07T14:18:09","modified_gmt":"2021-10-07T18:18:09","slug":"alumna-cisa-ganadora-en-concurso-interescolar-de-cuentacuentos","status":"publish","type":"post","link":"https:\/\/www.cisa-arica.cl\/wp1\/2021\/10\/07\/alumna-cisa-ganadora-en-concurso-interescolar-de-cuentacuentos\/","title":{"rendered":"Alumna CISA ganadora en Concurso Interescolar de Cuentacuentos"},"content":{"rendered":"\n<p>Estimada Comunidad Santa Ana:<\/p>\n\n\n\n<p>Con mucho orgullo queremos felicitar a nuestra estudiante Maithe Soto del 6\u00baA por haber obtenido el segundo lugar en el Concurso Interescolar de Cuentacuentos &#8220;Es hora de contar&#8221; organizado por el Colegio Leonardo Da Vinci y la Asociaci\u00f3n de Establecimientos Particulares (Adep).<\/p>\n\n\n\n<p>\u00a1Felicitaciones Maithe!<\/p>\n\n\n\n<figure class=\"wp-block-gallery columns-3 is-cropped wp-block-gallery-1 is-layout-flex wp-block-gallery-is-layout-flex\"><ul class=\"blocks-gallery-grid\"><li class=\"blocks-gallery-item\"><figure><img loading=\"lazy\" decoding=\"async\" width=\"450\" height=\"600\" data-attachment-id=\"13292\" data-permalink=\"https:\/\/www.cisa-arica.cl\/wp1\/2021\/10\/07\/alumna-cisa-ganadora-en-concurso-interescolar-de-cuentacuentos\/whatsapp-image-2021-10-07-at-14-25-221\/\" data-orig-file=\"https:\/\/www.cisa-arica.cl\/wp1\/wp-content\/uploads\/2021\/10\/WhatsApp-Image-2021-10-07-at-14.25.221.jpeg\" data-orig-size=\"1200,1600\" data-comments-opened=\"0\" data-image-meta=\"{&quot;aperture&quot;:&quot;0&quot;,&quot;credit&quot;:&quot;&quot;,&quot;camera&quot;:&quot;&quot;,&quot;caption&quot;:&quot;&quot;,&quot;created_timestamp&quot;:&quot;0&quot;,&quot;copyright&quot;:&quot;&quot;,&quot;focal_length&quot;:&quot;0&quot;,&quot;iso&quot;:&quot;0&quot;,&quot;shutter_speed&quot;:&quot;0&quot;,&quot;title&quot;:&quot;&quot;,&quot;orientation&quot;:&quot;0&quot;}\" data-image-title=\"WhatsApp-Image-2021-10-07-at-14.25.221\" data-image-description=\"\" data-image-caption=\"\" data-large-file=\"https:\/\/www.cisa-arica.cl\/wp1\/wp-content\/uploads\/2021\/10\/WhatsApp-Image-2021-10-07-at-14.25.221-450x600.jpeg\" src=\"http:\/\/www.cisa-arica.cl\/wp1\/wp-content\/uploads\/2021\/10\/WhatsApp-Image-2021-10-07-at-14.25.221-450x600.jpeg\" alt=\"\" data-id=\"13292\" data-full-url=\"http:\/\/www.cisa-arica.cl\/wp1\/wp-content\/uploads\/2021\/10\/WhatsApp-Image-2021-10-07-at-14.25.221.jpeg\" data-link=\"https:\/\/www.cisa-arica.cl\/wp1\/?attachment_id=13292\" class=\"wp-image-13292\" srcset=\"https:\/\/www.cisa-arica.cl\/wp1\/wp-content\/uploads\/2021\/10\/WhatsApp-Image-2021-10-07-at-14.25.221-450x600.jpeg 450w, https:\/\/www.cisa-arica.cl\/wp1\/wp-content\/uploads\/2021\/10\/WhatsApp-Image-2021-10-07-at-14.25.221-225x300.jpeg 225w, https:\/\/www.cisa-arica.cl\/wp1\/wp-content\/uploads\/2021\/10\/WhatsApp-Image-2021-10-07-at-14.25.221-768x1024.jpeg 768w, https:\/\/www.cisa-arica.cl\/wp1\/wp-content\/uploads\/2021\/10\/WhatsApp-Image-2021-10-07-at-14.25.221-1152x1536.jpeg 1152w, https:\/\/www.cisa-arica.cl\/wp1\/wp-content\/uploads\/2021\/10\/WhatsApp-Image-2021-10-07-at-14.25.221.jpeg 1200w\" sizes=\"auto, (max-width: 450px) 100vw, 450px\" \/><\/figure><\/li><li class=\"blocks-gallery-item\"><figure><img loading=\"lazy\" decoding=\"async\" width=\"450\" height=\"600\" data-attachment-id=\"13291\" data-permalink=\"https:\/\/www.cisa-arica.cl\/wp1\/2021\/10\/07\/alumna-cisa-ganadora-en-concurso-interescolar-de-cuentacuentos\/whatsapp-image-2021-10-07-at-14-25-23\/\" data-orig-file=\"https:\/\/www.cisa-arica.cl\/wp1\/wp-content\/uploads\/2021\/10\/WhatsApp-Image-2021-10-07-at-14.25.23.jpeg\" data-orig-size=\"1200,1600\" data-comments-opened=\"0\" data-image-meta=\"{&quot;aperture&quot;:&quot;0&quot;,&quot;credit&quot;:&quot;&quot;,&quot;camera&quot;:&quot;&quot;,&quot;caption&quot;:&quot;&quot;,&quot;created_timestamp&quot;:&quot;0&quot;,&quot;copyright&quot;:&quot;&quot;,&quot;focal_length&quot;:&quot;0&quot;,&quot;iso&quot;:&quot;0&quot;,&quot;shutter_speed&quot;:&quot;0&quot;,&quot;title&quot;:&quot;&quot;,&quot;orientation&quot;:&quot;0&quot;}\" data-image-title=\"WhatsApp-Image-2021-10-07-at-14.25.23\" data-image-description=\"\" data-image-caption=\"\" data-large-file=\"https:\/\/www.cisa-arica.cl\/wp1\/wp-content\/uploads\/2021\/10\/WhatsApp-Image-2021-10-07-at-14.25.23-450x600.jpeg\" src=\"http:\/\/www.cisa-arica.cl\/wp1\/wp-content\/uploads\/2021\/10\/WhatsApp-Image-2021-10-07-at-14.25.23-450x600.jpeg\" alt=\"\" data-id=\"13291\" data-full-url=\"http:\/\/www.cisa-arica.cl\/wp1\/wp-content\/uploads\/2021\/10\/WhatsApp-Image-2021-10-07-at-14.25.23.jpeg\" data-link=\"https:\/\/www.cisa-arica.cl\/wp1\/?attachment_id=13291\" class=\"wp-image-13291\" srcset=\"https:\/\/www.cisa-arica.cl\/wp1\/wp-content\/uploads\/2021\/10\/WhatsApp-Image-2021-10-07-at-14.25.23-450x600.jpeg 450w, https:\/\/www.cisa-arica.cl\/wp1\/wp-content\/uploads\/2021\/10\/WhatsApp-Image-2021-10-07-at-14.25.23-225x300.jpeg 225w, https:\/\/www.cisa-arica.cl\/wp1\/wp-content\/uploads\/2021\/10\/WhatsApp-Image-2021-10-07-at-14.25.23-768x1024.jpeg 768w, https:\/\/www.cisa-arica.cl\/wp1\/wp-content\/uploads\/2021\/10\/WhatsApp-Image-2021-10-07-at-14.25.23-1152x1536.jpeg 1152w, https:\/\/www.cisa-arica.cl\/wp1\/wp-content\/uploads\/2021\/10\/WhatsApp-Image-2021-10-07-at-14.25.23.jpeg 1200w\" sizes=\"auto, (max-width: 450px) 100vw, 450px\" \/><\/figure><\/li><li class=\"blocks-gallery-item\"><figure><img loading=\"lazy\" decoding=\"async\" width=\"600\" height=\"439\" data-attachment-id=\"13290\" data-permalink=\"https:\/\/www.cisa-arica.cl\/wp1\/2021\/10\/07\/alumna-cisa-ganadora-en-concurso-interescolar-de-cuentacuentos\/whatsapp-image-2021-10-07-at-14-25-22\/\" data-orig-file=\"https:\/\/www.cisa-arica.cl\/wp1\/wp-content\/uploads\/2021\/10\/WhatsApp-Image-2021-10-07-at-14.25.22.jpeg\" data-orig-size=\"1445,1057\" data-comments-opened=\"0\" data-image-meta=\"{&quot;aperture&quot;:&quot;0&quot;,&quot;credit&quot;:&quot;&quot;,&quot;camera&quot;:&quot;&quot;,&quot;caption&quot;:&quot;&quot;,&quot;created_timestamp&quot;:&quot;1633619172&quot;,&quot;copyright&quot;:&quot;&quot;,&quot;focal_length&quot;:&quot;0&quot;,&quot;iso&quot;:&quot;0&quot;,&quot;shutter_speed&quot;:&quot;0&quot;,&quot;title&quot;:&quot;&quot;,&quot;orientation&quot;:&quot;1&quot;}\" data-image-title=\"WhatsApp Image 2021-10-07 at 14.25.22\" data-image-description=\"\" data-image-caption=\"\" data-large-file=\"https:\/\/www.cisa-arica.cl\/wp1\/wp-content\/uploads\/2021\/10\/WhatsApp-Image-2021-10-07-at-14.25.22-600x439.jpeg\" src=\"http:\/\/www.cisa-arica.cl\/wp1\/wp-content\/uploads\/2021\/10\/WhatsApp-Image-2021-10-07-at-14.25.22-600x439.jpeg\" alt=\"\" data-id=\"13290\" data-full-url=\"http:\/\/www.cisa-arica.cl\/wp1\/wp-content\/uploads\/2021\/10\/WhatsApp-Image-2021-10-07-at-14.25.22.jpeg\" data-link=\"https:\/\/www.cisa-arica.cl\/wp1\/?attachment_id=13290\" class=\"wp-image-13290\" srcset=\"https:\/\/www.cisa-arica.cl\/wp1\/wp-content\/uploads\/2021\/10\/WhatsApp-Image-2021-10-07-at-14.25.22-600x439.jpeg 600w, https:\/\/www.cisa-arica.cl\/wp1\/wp-content\/uploads\/2021\/10\/WhatsApp-Image-2021-10-07-at-14.25.22-300x219.jpeg 300w, https:\/\/www.cisa-arica.cl\/wp1\/wp-content\/uploads\/2021\/10\/WhatsApp-Image-2021-10-07-at-14.25.22-768x562.jpeg 768w, https:\/\/www.cisa-arica.cl\/wp1\/wp-content\/uploads\/2021\/10\/WhatsApp-Image-2021-10-07-at-14.25.22.jpeg 1445w\" sizes=\"auto, (max-width: 600px) 100vw, 600px\" \/><\/figure><\/li><\/ul><\/figure>\n","protected":false},"excerpt":{"rendered":"<p>Estimada Comunidad Santa Ana: Con mucho orgullo queremos felicitar a nuestra estudiante Maithe Soto del 6\u00baA por haber obtenido el segundo lugar en el Concurso Interescolar de Cuentacuentos &#8220;Es hora de contar&#8221; organizado por el Colegio Leonardo Da Vinci y la Asociaci\u00f3n de Establecimientos Particulares (Adep). \u00a1Felicitaciones Maithe!<\/p>\n","protected":false},"author":5,"featured_media":13290,"comment_status":"closed","ping_status":"open","sticky":false,"template":"","format":"standard","meta":{"_jetpack_memberships_contains_paid_content":false,"footnotes":"","jetpack_publicize_message":"","jetpack_publicize_feature_enabled":true,"jetpack_social_post_already_shared":true,"jetpack_social_options":{"image_generator_settings":{"template":"highway","default_image_id":0,"font":"","enabled":false},"version":2}},"categories":[19],"tags":[],"class_list":["post-13289","post","type-post","status-publish","format-standard","has-post-thumbnail","hentry","category-cisa"],"jetpack_publicize_connections":[],"jetpack_featured_media_url":"https:\/\/www.cisa-arica.cl\/wp1\/wp-content\/uploads\/2021\/10\/WhatsApp-Image-2021-10-07-at-14.25.22.jpeg","jetpack_sharing_enabled":true,"jetpack_shortlink":"https:\/\/wp.me\/p84wcz-3sl","jetpack-related-posts":[{"id":8482,"url":"https:\/\/www.cisa-arica.cl\/wp1\/2019\/08\/12\/alumna-de-cisa-participa-en-concurso-de-cuentacuentos-interescolar\/","url_meta":{"origin":13289,"position":0},"title":"Alumna de CISA participa en concurso de cuentacuentos interescolar","author":"Jeannette Rivera","date":"12 de Agosto de 2019","format":false,"excerpt":"Acompa\u00f1ada de su profesora jefe, Gretel Mendizabal, la alumna Sabina Torres del 3\u00ba b\u00e1sico A tuvo una destacada participaci\u00f3n en el Concurso Interescolar de Cuentacuentos organizado por el Colegio Leonardo Da Vinci y que se llev\u00f3 a cabo en dicho establecimiento la semana pasada.","rel":"","context":"Entrada similar ","block_context":{"text":"Entrada similar ","link":""},"img":{"alt_text":"","src":"https:\/\/i0.wp.com\/www.cisa-arica.cl\/wp1\/wp-content\/uploads\/2019\/08\/aaa-1.jpeg?resize=350%2C200&ssl=1","width":350,"height":200,"srcset":"https:\/\/i0.wp.com\/www.cisa-arica.cl\/wp1\/wp-content\/uploads\/2019\/08\/aaa-1.jpeg?resize=350%2C200&ssl=1 1x, https:\/\/i0.wp.com\/www.cisa-arica.cl\/wp1\/wp-content\/uploads\/2019\/08\/aaa-1.jpeg?resize=525%2C300&ssl=1 1.5x, https:\/\/i0.wp.com\/www.cisa-arica.cl\/wp1\/wp-content\/uploads\/2019\/08\/aaa-1.jpeg?resize=700%2C400&ssl=1 2x"},"classes":[]},{"id":15588,"url":"https:\/\/www.cisa-arica.cl\/wp1\/2022\/05\/05\/cuentacuentos-la-bandada\/","url_meta":{"origin":13289,"position":1},"title":"Visita de cuentacuentos &#8220;La Bandada&#8221;","author":"CISA","date":"5 de Mayo de 2022","format":false,"excerpt":"Estimada comunidad educativa: El d\u00eda Jueves 05 de Mayo, asisti\u00f3 a nuestro establecimiento el grupo de teatro \"la Bandada\", el cual present\u00f3 un divertido cuentacuentos dirigido a las estudiantes desde Ed. Parvularia hasta 4to B\u00e1sico. Atentamente Colegio Italiano Santa Ana","rel":"","context":"Entrada similar ","block_context":{"text":"Entrada similar ","link":""},"img":{"alt_text":"","src":"https:\/\/i0.wp.com\/www.cisa-arica.cl\/wp1\/wp-content\/uploads\/2022\/05\/DSC_6454.jpg?resize=350%2C200&ssl=1","width":350,"height":200,"srcset":"https:\/\/i0.wp.com\/www.cisa-arica.cl\/wp1\/wp-content\/uploads\/2022\/05\/DSC_6454.jpg?resize=350%2C200&ssl=1 1x, https:\/\/i0.wp.com\/www.cisa-arica.cl\/wp1\/wp-content\/uploads\/2022\/05\/DSC_6454.jpg?resize=525%2C300&ssl=1 1.5x, https:\/\/i0.wp.com\/www.cisa-arica.cl\/wp1\/wp-content\/uploads\/2022\/05\/DSC_6454.jpg?resize=700%2C400&ssl=1 2x, https:\/\/i0.wp.com\/www.cisa-arica.cl\/wp1\/wp-content\/uploads\/2022\/05\/DSC_6454.jpg?resize=1050%2C600&ssl=1 3x"},"classes":[]},{"id":8754,"url":"https:\/\/www.cisa-arica.cl\/wp1\/2019\/08\/27\/visita-de-cuentacuentos-a-ninas-de-basica\/","url_meta":{"origin":13289,"position":2},"title":"Visita de cuentacuentos a alumnas de b\u00e1sica","author":"Jeannette Rivera","date":"27 de Agosto de 2019","format":false,"excerpt":"Con la gesti\u00f3n de nuestro Equipo Psicosocial y COMSE, ayer lunes 26 de agosto nuestras alumnas de 1\u00ba y 2\u00ba b\u00e1sico recibieron la visita de la cuentacuentos \"Amaya Tamayo\", quien a trav\u00e9s de su narraci\u00f3n entretuvo y educ\u00f3 a las peque\u00f1itas sobre el manejo de sus emociones y el cuidado\u2026","rel":"","context":"En &quot;galeria&quot;","block_context":{"text":"galeria","link":"https:\/\/www.cisa-arica.cl\/wp1\/category\/galeria\/"},"img":{"alt_text":"","src":"https:\/\/i0.wp.com\/www.cisa-arica.cl\/wp1\/wp-content\/uploads\/2019\/08\/aah.jpeg?resize=350%2C200&ssl=1","width":350,"height":200,"srcset":"https:\/\/i0.wp.com\/www.cisa-arica.cl\/wp1\/wp-content\/uploads\/2019\/08\/aah.jpeg?resize=350%2C200&ssl=1 1x, https:\/\/i0.wp.com\/www.cisa-arica.cl\/wp1\/wp-content\/uploads\/2019\/08\/aah.jpeg?resize=525%2C300&ssl=1 1.5x, https:\/\/i0.wp.com\/www.cisa-arica.cl\/wp1\/wp-content\/uploads\/2019\/08\/aah.jpeg?resize=700%2C400&ssl=1 2x, https:\/\/i0.wp.com\/www.cisa-arica.cl\/wp1\/wp-content\/uploads\/2019\/08\/aah.jpeg?resize=1050%2C600&ssl=1 3x"},"classes":[]},{"id":8897,"url":"https:\/\/www.cisa-arica.cl\/wp1\/2019\/09\/03\/apoderada-visita-como-cuentacuentos-al-1oa\/","url_meta":{"origin":13289,"position":3},"title":"Apoderada visita como cuentacuentos al 1\u00ba b\u00e1sico A","author":"Jeannette Rivera","date":"3 de Septiembre de 2019","format":false,"excerpt":"Destacamos la iniciativa de la profesora del 1\u00ba b\u00e1sico A, Adriana Manzanares, quien tiene como proyecto de aula que sus padres y apoderados tengan un espacio con las alumnas; en esta ocasi\u00f3n, fue la apoderada Ilse Acosta que en compa\u00f1\u00eda de su hija hizo de cuentacuentos para el disfrute de\u2026","rel":"","context":"En &quot;galeria&quot;","block_context":{"text":"galeria","link":"https:\/\/www.cisa-arica.cl\/wp1\/category\/galeria\/"},"img":{"alt_text":"","src":"https:\/\/i0.wp.com\/www.cisa-arica.cl\/wp1\/wp-content\/uploads\/2019\/09\/119.jpeg?resize=350%2C200&ssl=1","width":350,"height":200,"srcset":"https:\/\/i0.wp.com\/www.cisa-arica.cl\/wp1\/wp-content\/uploads\/2019\/09\/119.jpeg?resize=350%2C200&ssl=1 1x, https:\/\/i0.wp.com\/www.cisa-arica.cl\/wp1\/wp-content\/uploads\/2019\/09\/119.jpeg?resize=525%2C300&ssl=1 1.5x, https:\/\/i0.wp.com\/www.cisa-arica.cl\/wp1\/wp-content\/uploads\/2019\/09\/119.jpeg?resize=700%2C400&ssl=1 2x"},"classes":[]},{"id":9129,"url":"https:\/\/www.cisa-arica.cl\/wp1\/2019\/09\/06\/visita-de-cuentacuentos-a-1os-basicos\/","url_meta":{"origin":13289,"position":4},"title":"Visita de cuentacuentos a 1os b\u00e1sicos","author":"Jeannette Rivera","date":"6 de Septiembre de 2019","format":false,"excerpt":"Dentro del marco del D\u00eda de la Ciencia con un sentido ecol\u00f3gico, CRA gestion\u00f3 la visita de la actriz local Mar\u00eda Imperio para presentar el cuentacuentos \"La gotita de agua\" a nuestras alumnas de 1\u00ba b\u00e1sico A y B, una entretenida historia que ense\u00f1a a las m\u00e1s peque\u00f1as a cuidar\u2026","rel":"","context":"En &quot;galeria&quot;","block_context":{"text":"galeria","link":"https:\/\/www.cisa-arica.cl\/wp1\/category\/galeria\/"},"img":{"alt_text":"","src":"https:\/\/i0.wp.com\/www.cisa-arica.cl\/wp1\/wp-content\/uploads\/2019\/09\/20190904_123641.jpg?resize=350%2C200&ssl=1","width":350,"height":200,"srcset":"https:\/\/i0.wp.com\/www.cisa-arica.cl\/wp1\/wp-content\/uploads\/2019\/09\/20190904_123641.jpg?resize=350%2C200&ssl=1 1x, https:\/\/i0.wp.com\/www.cisa-arica.cl\/wp1\/wp-content\/uploads\/2019\/09\/20190904_123641.jpg?resize=525%2C300&ssl=1 1.5x, https:\/\/i0.wp.com\/www.cisa-arica.cl\/wp1\/wp-content\/uploads\/2019\/09\/20190904_123641.jpg?resize=700%2C400&ssl=1 2x, https:\/\/i0.wp.com\/www.cisa-arica.cl\/wp1\/wp-content\/uploads\/2019\/09\/20190904_123641.jpg?resize=1050%2C600&ssl=1 3x, https:\/\/i0.wp.com\/www.cisa-arica.cl\/wp1\/wp-content\/uploads\/2019\/09\/20190904_123641.jpg?resize=1400%2C800&ssl=1 4x"},"classes":[]},{"id":15399,"url":"https:\/\/www.cisa-arica.cl\/wp1\/2022\/04\/26\/dia-del-libro-2022-educacion-parvularia\/","url_meta":{"origin":13289,"position":5},"title":"D\u00eda del Libro 2022: Educaci\u00f3n Parvularia","author":"Jeannette Rivera","date":"26 de Abril de 2022","format":false,"excerpt":"Estimada Comunidad Educativa: Ayer Lunes 25 de abril nuestras estudiantes de Educaci\u00f3n Parvularia vivieron la Fiesta del Libro 2022, dentro del contexto del D\u00eda del Libro y el Derecho de Autor. Las m\u00e1s peque\u00f1itas participaron de un cuentacuentos en nuestro CRA del Establecimiento, actividad que finaliz\u00f3 con un entretenido desfile\u2026","rel":"","context":"En &quot;galeria&quot;","block_context":{"text":"galeria","link":"https:\/\/www.cisa-arica.cl\/wp1\/category\/galeria\/"},"img":{"alt_text":"","src":"https:\/\/i0.wp.com\/www.cisa-arica.cl\/wp1\/wp-content\/uploads\/2022\/04\/008-3.jpg?resize=350%2C200&ssl=1","width":350,"height":200,"srcset":"https:\/\/i0.wp.com\/www.cisa-arica.cl\/wp1\/wp-content\/uploads\/2022\/04\/008-3.jpg?resize=350%2C200&ssl=1 1x, https:\/\/i0.wp.com\/www.cisa-arica.cl\/wp1\/wp-content\/uploads\/2022\/04\/008-3.jpg?resize=525%2C300&ssl=1 1.5x, https:\/\/i0.wp.com\/www.cisa-arica.cl\/wp1\/wp-content\/uploads\/2022\/04\/008-3.jpg?resize=700%2C400&ssl=1 2x, https:\/\/i0.wp.com\/www.cisa-arica.cl\/wp1\/wp-content\/uploads\/2022\/04\/008-3.jpg?resize=1050%2C600&ssl=1 3x, https:\/\/i0.wp.com\/www.cisa-arica.cl\/wp1\/wp-content\/uploads\/2022\/04\/008-3.jpg?resize=1400%2C800&ssl=1 4x"},"classes":[]}],"_links":{"self":[{"href":"https:\/\/www.cisa-arica.cl\/wp1\/wp-json\/wp\/v2\/posts\/13289","targetHints":{"allow":["GET"]}}],"collection":[{"href":"https:\/\/www.cisa-arica.cl\/wp1\/wp-json\/wp\/v2\/posts"}],"about":[{"href":"https:\/\/www.cisa-arica.cl\/wp1\/wp-json\/wp\/v2\/types\/post"}],"author":[{"embeddable":true,"href":"https:\/\/www.cisa-arica.cl\/wp1\/wp-json\/wp\/v2\/users\/5"}],"replies":[{"embeddable":true,"href":"https:\/\/www.cisa-arica.cl\/wp1\/wp-json\/wp\/v2\/comments?post=13289"}],"version-history":[{"count":2,"href":"https:\/\/www.cisa-arica.cl\/wp1\/wp-json\/wp\/v2\/posts\/13289\/revisions"}],"predecessor-version":[{"id":13294,"href":"https:\/\/www.cisa-arica.cl\/wp1\/wp-json\/wp\/v2\/posts\/13289\/revisions\/13294"}],"wp:featuredmedia":[{"embeddable":true,"href":"https:\/\/www.cisa-arica.cl\/wp1\/wp-json\/wp\/v2\/media\/13290"}],"wp:attachment":[{"href":"https:\/\/www.cisa-arica.cl\/wp1\/wp-json\/wp\/v2\/media?parent=13289"}],"wp:term":[{"taxonomy":"category","embeddable":true,"href":"https:\/\/www.cisa-arica.cl\/wp1\/wp-json\/wp\/v2\/categories?post=13289"},{"taxonomy":"post_tag","embeddable":true,"href":"https:\/\/www.cisa-arica.cl\/wp1\/wp-json\/wp\/v2\/tags?post=13289"}],"curies":[{"name":"wp","href":"https:\/\/api.w.org\/{rel}","templated":true}]}}