{"id":13269,"date":"2021-10-05T16:34:28","date_gmt":"2021-10-05T20:34:28","guid":{"rendered":"https:\/\/www.cisa-arica.cl\/wp1\/?p=13269"},"modified":"2021-10-05T16:34:28","modified_gmt":"2021-10-05T20:34:28","slug":"inicio-de-postulacion-fuas-para-4os-medios","status":"publish","type":"post","link":"https:\/\/www.cisa-arica.cl\/wp1\/2021\/10\/05\/inicio-de-postulacion-fuas-para-4os-medios\/","title":{"rendered":"Inicio de postulaci\u00f3n FUAS para 4os medios"},"content":{"rendered":"<p>Estimadas alumnas:<\/p>\n<p>A partir de hoy Martes 5 de octubre se inicia el proceso de postulaci\u00f3n al Formulario \u00danico de Acreditaci\u00f3n Socioecon\u00f3mica (FUAS) para el a\u00f1o 2022.\u00a0 Recuerden que este tr\u00e1mite es de suma importancia para quienes deseen obtener la <strong>gratuidad, becas y cr\u00e9ditos<\/strong> que entrega el Estado para ingresar a la Educaci\u00f3n Superior.<\/p>\n<p><strong>El link para ingresar al FUAS fue enviado a los correos institucionales.<\/strong><\/p>\n<p>Equipo Psicosocial CISA<\/p>\n","protected":false},"excerpt":{"rendered":"<p>Estimadas alumnas: A partir de hoy Martes 5 de octubre se inicia el proceso de postulaci\u00f3n al Formulario \u00danico de Acreditaci\u00f3n Socioecon\u00f3mica (FUAS) para el a\u00f1o 2022.\u00a0 Recuerden que este tr\u00e1mite es de suma importancia para quienes deseen obtener la gratuidad, becas y cr\u00e9ditos que entrega el Estado para ingresar a la Educaci\u00f3n Superior. El <a class=\"read-more\" href=\"https:\/\/www.cisa-arica.cl\/wp1\/2021\/10\/05\/inicio-de-postulacion-fuas-para-4os-medios\/\">Continuar leyendo<\/a><\/p>\n","protected":false},"author":5,"featured_media":13270,"comment_status":"closed","ping_status":"open","sticky":false,"template":"","format":"standard","meta":{"_jetpack_memberships_contains_paid_content":false,"footnotes":"","jetpack_publicize_message":"","jetpack_publicize_feature_enabled":true,"jetpack_social_post_already_shared":true,"jetpack_social_options":{"image_generator_settings":{"template":"highway","default_image_id":0,"font":"","enabled":false},"version":2}},"categories":[5],"tags":[],"class_list":["post-13269","post","type-post","status-publish","format-standard","has-post-thumbnail","hentry","category-uncategorized"],"jetpack_publicize_connections":[],"jetpack_featured_media_url":"https:\/\/www.cisa-arica.cl\/wp1\/wp-content\/uploads\/2021\/10\/indice.jpg","jetpack_sharing_enabled":true,"jetpack_shortlink":"https:\/\/wp.me\/p84wcz-3s1","jetpack-related-posts":[{"id":13297,"url":"https:\/\/www.cisa-arica.cl\/wp1\/2021\/10\/08\/jornada-informativa-4os-medios-fuas\/","url_meta":{"origin":13269,"position":0},"title":"Jornada Informativa 4os medios FUAS","author":"Jeannette Rivera","date":"8 de Octubre de 2021","format":false,"excerpt":"","rel":"","context":"Entrada similar ","block_context":{"text":"Entrada similar ","link":""},"img":{"alt_text":"","src":"https:\/\/i0.wp.com\/www.cisa-arica.cl\/wp1\/wp-content\/uploads\/2021\/10\/indice-2.jpg?resize=350%2C200&ssl=1","width":350,"height":200,"srcset":"https:\/\/i0.wp.com\/www.cisa-arica.cl\/wp1\/wp-content\/uploads\/2021\/10\/indice-2.jpg?resize=350%2C200&ssl=1 1x, https:\/\/i0.wp.com\/www.cisa-arica.cl\/wp1\/wp-content\/uploads\/2021\/10\/indice-2.jpg?resize=525%2C300&ssl=1 1.5x, https:\/\/i0.wp.com\/www.cisa-arica.cl\/wp1\/wp-content\/uploads\/2021\/10\/indice-2.jpg?resize=700%2C400&ssl=1 2x"},"classes":[]},{"id":9884,"url":"https:\/\/www.cisa-arica.cl\/wp1\/2019\/10\/14\/alumnas-de-4os-medios-se-informan-sobre-fuas\/","url_meta":{"origin":13269,"position":1},"title":"Alumnas de 4os medios se informan sobre FUAS","author":"Jeannette Rivera","date":"14 de Octubre de 2019","format":false,"excerpt":"Con el apoyo de la Universidad de Tarapac\u00e1, nuestras alumnas de ambos 4os medios aprendieron el pasado viernes 11 de octubre a completar el Fomulario \u00danico de Acreditaci\u00f3n Econ\u00f3mica (FUAS), documentaci\u00f3n importante para las estudiantes ya que es necesario para postular a cualquier beca y\/o beneficios para la educaci\u00f3n superior,\u2026","rel":"","context":"Entrada similar ","block_context":{"text":"Entrada similar ","link":""},"img":{"alt_text":"","src":"https:\/\/i0.wp.com\/www.cisa-arica.cl\/wp1\/wp-content\/uploads\/2019\/10\/111-1-450x600.jpeg?resize=350%2C200","width":350,"height":200},"classes":[]},{"id":14529,"url":"https:\/\/www.cisa-arica.cl\/wp1\/2021\/12\/21\/informacion-postulacion-becas-junaeb-2022\/","url_meta":{"origin":13269,"position":2},"title":"Informaci\u00f3n Becas JUNAEB 2022","author":"Jeannette Rivera","date":"21 de Diciembre de 2021","format":false,"excerpt":"Estimados apoderados y estudiantes: Informamos que a partir de este 20 de diciembre hasta el 21 de enero se abren los plazos para renovar y postular a las varias Becas que entrega JUNAEB para el pr\u00f3ximo a\u00f1o, el tr\u00e1mite se realiza de manera online en el portal de la p\u00e1gina\u2026","rel":"","context":"Entrada similar ","block_context":{"text":"Entrada similar ","link":""},"img":{"alt_text":"","src":"https:\/\/i0.wp.com\/www.cisa-arica.cl\/wp1\/wp-content\/uploads\/2021\/12\/03.jpg?resize=350%2C200&ssl=1","width":350,"height":200,"srcset":"https:\/\/i0.wp.com\/www.cisa-arica.cl\/wp1\/wp-content\/uploads\/2021\/12\/03.jpg?resize=350%2C200&ssl=1 1x, https:\/\/i0.wp.com\/www.cisa-arica.cl\/wp1\/wp-content\/uploads\/2021\/12\/03.jpg?resize=525%2C300&ssl=1 1.5x, https:\/\/i0.wp.com\/www.cisa-arica.cl\/wp1\/wp-content\/uploads\/2021\/12\/03.jpg?resize=700%2C400&ssl=1 2x, https:\/\/i0.wp.com\/www.cisa-arica.cl\/wp1\/wp-content\/uploads\/2021\/12\/03.jpg?resize=1050%2C600&ssl=1 3x"},"classes":[]},{"id":18522,"url":"https:\/\/www.cisa-arica.cl\/wp1\/2022\/12\/02\/18522\/","url_meta":{"origin":13269,"position":3},"title":"Postulaci\u00f3n Becas Junaeb","author":"Jeannette Rivera","date":"2 de Diciembre de 2022","format":false,"excerpt":"Se les recuerda a los padres y apoderados que ya se abri\u00f3 el proceso para postular a las becas Junaeb el cual ser\u00e1 durante el mes de Diciembre. Las postulaciones se pueden realizar en l\u00ednea.","rel":"","context":"Entrada similar ","block_context":{"text":"Entrada similar ","link":""},"img":{"alt_text":"","src":"https:\/\/i0.wp.com\/www.cisa-arica.cl\/wp1\/wp-content\/uploads\/2022\/12\/EFEAB75F-6BD2-4E6F-AE74-5162BC50E147.jpeg?resize=350%2C200&ssl=1","width":350,"height":200,"srcset":"https:\/\/i0.wp.com\/www.cisa-arica.cl\/wp1\/wp-content\/uploads\/2022\/12\/EFEAB75F-6BD2-4E6F-AE74-5162BC50E147.jpeg?resize=350%2C200&ssl=1 1x, https:\/\/i0.wp.com\/www.cisa-arica.cl\/wp1\/wp-content\/uploads\/2022\/12\/EFEAB75F-6BD2-4E6F-AE74-5162BC50E147.jpeg?resize=525%2C300&ssl=1 1.5x, https:\/\/i0.wp.com\/www.cisa-arica.cl\/wp1\/wp-content\/uploads\/2022\/12\/EFEAB75F-6BD2-4E6F-AE74-5162BC50E147.jpeg?resize=700%2C400&ssl=1 2x, https:\/\/i0.wp.com\/www.cisa-arica.cl\/wp1\/wp-content\/uploads\/2022\/12\/EFEAB75F-6BD2-4E6F-AE74-5162BC50E147.jpeg?resize=1050%2C600&ssl=1 3x"},"classes":[]},{"id":10510,"url":"https:\/\/www.cisa-arica.cl\/wp1\/2020\/05\/14\/programa-junaeb-yo-elijo-mi-pc\/","url_meta":{"origin":13269,"position":4},"title":"Programa JUNAEB \u201cYo elijo mi PC\u201d","author":"CISA","date":"14 de Mayo de 2020","format":false,"excerpt":"Estimada Comunidad Educativa. Durante la 1era semana de mayo, funcionarios del MINEDUC \u00a0hicieron entrega en su domicilio de un notebook m\u00e1s 11 meses de internet a las estudiantes de los 7mos b\u00e1sicos que fueron beneficiadas tras una postulaci\u00f3n realizada el a\u00f1o 2019 al programa \u201cYo elijo mi PC\u201d de JUNAEB.\u00a0\u2026","rel":"","context":"Entrada similar ","block_context":{"text":"Entrada similar ","link":""},"img":{"alt_text":"","src":"https:\/\/i0.wp.com\/www.cisa-arica.cl\/wp1\/wp-content\/uploads\/2020\/05\/WhatsApp-Image-2020-05-14-at-11.38.28.jpeg?resize=350%2C200&ssl=1","width":350,"height":200,"srcset":"https:\/\/i0.wp.com\/www.cisa-arica.cl\/wp1\/wp-content\/uploads\/2020\/05\/WhatsApp-Image-2020-05-14-at-11.38.28.jpeg?resize=350%2C200&ssl=1 1x, https:\/\/i0.wp.com\/www.cisa-arica.cl\/wp1\/wp-content\/uploads\/2020\/05\/WhatsApp-Image-2020-05-14-at-11.38.28.jpeg?resize=525%2C300&ssl=1 1.5x, https:\/\/i0.wp.com\/www.cisa-arica.cl\/wp1\/wp-content\/uploads\/2020\/05\/WhatsApp-Image-2020-05-14-at-11.38.28.jpeg?resize=700%2C400&ssl=1 2x"},"classes":[]},{"id":9629,"url":"https:\/\/www.cisa-arica.cl\/wp1\/2019\/09\/27\/reunion-escuela-para-padres-4os-y-5os-basicos\/","url_meta":{"origin":13269,"position":5},"title":"Reuni\u00f3n Escuela para padres 4os y 5os b\u00e1sicos","author":"Jeannette Rivera","date":"27 de Septiembre de 2019","format":false,"excerpt":"El d\u00eda mi\u00e9rcoles 25 de septiembre se realiz\u00f3 una charla para los apoderados de 4tos y 5tos a\u00f1os b\u00e1sicos, la cual entreg\u00f3 informaci\u00f3n respecto a la emisi\u00f3n, actualizaci\u00f3n y la importancia que tiene el Registro Social de Hogares en los procesos de postulaci\u00f3n, principalmente a becas y beneficios estudiantiles.","rel":"","context":"Entrada similar ","block_context":{"text":"Entrada similar ","link":""},"img":{"alt_text":"","src":"https:\/\/i0.wp.com\/www.cisa-arica.cl\/wp1\/wp-content\/uploads\/2019\/09\/IMG_20190925_190851-600x450.jpg?resize=350%2C200","width":350,"height":200,"srcset":"https:\/\/i0.wp.com\/www.cisa-arica.cl\/wp1\/wp-content\/uploads\/2019\/09\/IMG_20190925_190851-600x450.jpg?resize=350%2C200 1x, https:\/\/i0.wp.com\/www.cisa-arica.cl\/wp1\/wp-content\/uploads\/2019\/09\/IMG_20190925_190851-600x450.jpg?resize=525%2C300 1.5x"},"classes":[]}],"_links":{"self":[{"href":"https:\/\/www.cisa-arica.cl\/wp1\/wp-json\/wp\/v2\/posts\/13269","targetHints":{"allow":["GET"]}}],"collection":[{"href":"https:\/\/www.cisa-arica.cl\/wp1\/wp-json\/wp\/v2\/posts"}],"about":[{"href":"https:\/\/www.cisa-arica.cl\/wp1\/wp-json\/wp\/v2\/types\/post"}],"author":[{"embeddable":true,"href":"https:\/\/www.cisa-arica.cl\/wp1\/wp-json\/wp\/v2\/users\/5"}],"replies":[{"embeddable":true,"href":"https:\/\/www.cisa-arica.cl\/wp1\/wp-json\/wp\/v2\/comments?post=13269"}],"version-history":[{"count":1,"href":"https:\/\/www.cisa-arica.cl\/wp1\/wp-json\/wp\/v2\/posts\/13269\/revisions"}],"predecessor-version":[{"id":13271,"href":"https:\/\/www.cisa-arica.cl\/wp1\/wp-json\/wp\/v2\/posts\/13269\/revisions\/13271"}],"wp:featuredmedia":[{"embeddable":true,"href":"https:\/\/www.cisa-arica.cl\/wp1\/wp-json\/wp\/v2\/media\/13270"}],"wp:attachment":[{"href":"https:\/\/www.cisa-arica.cl\/wp1\/wp-json\/wp\/v2\/media?parent=13269"}],"wp:term":[{"taxonomy":"category","embeddable":true,"href":"https:\/\/www.cisa-arica.cl\/wp1\/wp-json\/wp\/v2\/categories?post=13269"},{"taxonomy":"post_tag","embeddable":true,"href":"https:\/\/www.cisa-arica.cl\/wp1\/wp-json\/wp\/v2\/tags?post=13269"}],"curies":[{"name":"wp","href":"https:\/\/api.w.org\/{rel}","templated":true}]}}