{"id":13210,"date":"2021-10-04T09:22:27","date_gmt":"2021-10-04T13:22:27","guid":{"rendered":"http:\/\/www.cisa-arica.cl\/wp1\/?p=13210"},"modified":"2021-10-04T09:22:30","modified_gmt":"2021-10-04T13:22:30","slug":"concurso-semana-de-la-ciencia","status":"publish","type":"post","link":"https:\/\/www.cisa-arica.cl\/wp1\/2021\/10\/04\/concurso-semana-de-la-ciencia\/","title":{"rendered":"Concurso Semana de la Ciencia"},"content":{"rendered":"\n<p>Estimada Comunidad Educativa:<\/p>\n\n\n\n<p>Durante esta semana el Departamento de Ciencias de nuestro establecimiento estar\u00e1 celebrando <strong>la Semana de la Ciencia<\/strong> <strong>y la Tecnolog\u00eda<\/strong> <strong>2021<\/strong>, instancia donde las alumnas podr\u00e1n conocer y valorar el mundo de la ciencia como disciplina.<\/p>\n\n\n\n<p>Por ello, hoy tambi\u00e9n se lanza el CONCURSO SEMANA DE LA CIENCIA 2021, donde el Departamento de Ciencias invita a participar a nuestras <strong>alumnas de 1os a 4os medios<\/strong>, las cuales deben crear una infograf\u00eda en formato digital sobre alg\u00fan cient\u00edfico o cient\u00edfica de inter\u00e9s y enviarla al correo electr\u00f3nico <strong>ciencias@cisa-arica.cl<\/strong> con plazo hasta el Domingo 17 de Octubre. Se van a premiar las 3 infograf\u00edas m\u00e1s creativas, originales y educativas.<\/p>\n\n\n\n<p>Para m\u00e1s informaci\u00f3n <a href=\"http:\/\/www.cisa-arica.cl\/wp1\/wp-content\/uploads\/2021\/10\/BASES-CONCURCIENCIA.pdf\"> <strong>DESCARGA LAS BASES DEL CONCURSO AQU\u00cd<\/strong><\/a><\/p>\n\n\n\n<p>\u00a1No te olvides participar!<\/p>\n\n\n\n<p>Departamento de Ciencias CISA<\/p>\n\n\n\n<p><\/p>\n\n\n\n<p><\/p>\n\n\n\n<p> <\/p>\n\n\n\n<p><\/p>\n","protected":false},"excerpt":{"rendered":"<p>Estimada Comunidad Educativa: Durante esta semana el Departamento de Ciencias de nuestro establecimiento estar\u00e1 celebrando la Semana de la Ciencia y la Tecnolog\u00eda 2021, instancia donde las alumnas podr\u00e1n conocer y valorar el mundo de la ciencia como disciplina. Por ello, hoy tambi\u00e9n se lanza el CONCURSO SEMANA DE LA CIENCIA 2021, donde el Departamento <a class=\"read-more\" href=\"https:\/\/www.cisa-arica.cl\/wp1\/2021\/10\/04\/concurso-semana-de-la-ciencia\/\">Continuar leyendo<\/a><\/p>\n","protected":false},"author":5,"featured_media":13212,"comment_status":"closed","ping_status":"open","sticky":false,"template":"","format":"standard","meta":{"_jetpack_memberships_contains_paid_content":false,"footnotes":"","jetpack_publicize_message":"","jetpack_publicize_feature_enabled":true,"jetpack_social_post_already_shared":true,"jetpack_social_options":{"image_generator_settings":{"template":"highway","default_image_id":0,"font":"","enabled":false},"version":2}},"categories":[19,5],"tags":[],"class_list":["post-13210","post","type-post","status-publish","format-standard","has-post-thumbnail","hentry","category-cisa","category-uncategorized"],"jetpack_publicize_connections":[],"jetpack_featured_media_url":"https:\/\/www.cisa-arica.cl\/wp1\/wp-content\/uploads\/2021\/10\/POSTER.png","jetpack_sharing_enabled":true,"jetpack_shortlink":"https:\/\/wp.me\/p84wcz-3r4","jetpack-related-posts":[{"id":13494,"url":"https:\/\/www.cisa-arica.cl\/wp1\/2021\/11\/02\/premiacion-ganadoras-semana-de-la-ciencia-2021\/","url_meta":{"origin":13210,"position":0},"title":"Premiaci\u00f3n Ganadoras Semana de la Ciencia 2021","author":"Jeannette Rivera","date":"2 de Noviembre de 2021","format":false,"excerpt":"La semana pasada se premi\u00f3 a las alumnas ganadoras del Concurso organizado por nuestro Departamento de Ciencias entre el alumnado de Ed. Media. Felicitamos a Meiying Ching del 2\u00ba medio B; Paulina Negrete del 4\u00ba medio B; y a Mar\u00eda Jim\u00e9nez del 1\u00ba medio A por su participaci\u00f3n y creatividad.\u2026","rel":"","context":"En &quot;CISA&quot;","block_context":{"text":"CISA","link":"https:\/\/www.cisa-arica.cl\/wp1\/category\/cisa\/"},"img":{"alt_text":"","src":"https:\/\/i0.wp.com\/www.cisa-arica.cl\/wp1\/wp-content\/uploads\/2021\/11\/000-150x150.jpg?resize=350%2C200&ssl=1","width":350,"height":200,"srcset":"https:\/\/i0.wp.com\/www.cisa-arica.cl\/wp1\/wp-content\/uploads\/2021\/11\/000-150x150.jpg?resize=350%2C200&ssl=1 1x, https:\/\/i0.wp.com\/www.cisa-arica.cl\/wp1\/wp-content\/uploads\/2021\/11\/000-150x150.jpg?resize=525%2C300&ssl=1 1.5x"},"classes":[]},{"id":8990,"url":"https:\/\/www.cisa-arica.cl\/wp1\/2019\/09\/05\/dia-de-la-ciencia-2019\/","url_meta":{"origin":13210,"position":1},"title":"D\u00eda de la Ciencia 2019","author":"Jeannette Rivera","date":"5 de Septiembre de 2019","format":false,"excerpt":"Este mi\u00e9rcoles 04 de septiembre todas nuestras alumnas celebraron a las ciencias en esta actividad organizada por el Departamento de Ciencias encabezado por la profesora Sof\u00eda Cayo. La jornada comenz\u00f3 con un acto c\u00edvico cuyo tema gir\u00f3 en torno al cuidado del medio ambiente y nuestros recursos naturales, y donde\u2026","rel":"","context":"Entrada similar ","block_context":{"text":"Entrada similar ","link":""},"img":{"alt_text":"","src":"https:\/\/i0.wp.com\/www.cisa-arica.cl\/wp1\/wp-content\/uploads\/2019\/09\/IMG_5197.jpg?resize=350%2C200&ssl=1","width":350,"height":200,"srcset":"https:\/\/i0.wp.com\/www.cisa-arica.cl\/wp1\/wp-content\/uploads\/2019\/09\/IMG_5197.jpg?resize=350%2C200&ssl=1 1x, https:\/\/i0.wp.com\/www.cisa-arica.cl\/wp1\/wp-content\/uploads\/2019\/09\/IMG_5197.jpg?resize=525%2C300&ssl=1 1.5x, https:\/\/i0.wp.com\/www.cisa-arica.cl\/wp1\/wp-content\/uploads\/2019\/09\/IMG_5197.jpg?resize=700%2C400&ssl=1 2x, https:\/\/i0.wp.com\/www.cisa-arica.cl\/wp1\/wp-content\/uploads\/2019\/09\/IMG_5197.jpg?resize=1050%2C600&ssl=1 3x, https:\/\/i0.wp.com\/www.cisa-arica.cl\/wp1\/wp-content\/uploads\/2019\/09\/IMG_5197.jpg?resize=1400%2C800&ssl=1 4x"},"classes":[]},{"id":8817,"url":"https:\/\/www.cisa-arica.cl\/wp1\/2019\/08\/28\/doctora-en-fisica-dora-altbir-drullinsky-recibe-el-premio-nacional-de-ciencias-exactas-2019\/","url_meta":{"origin":13210,"position":2},"title":"Ex alumna CISA, Dra. en f\u00edsica Dora Altbir recibe el Premio Nacional de Ciencias Exactas 2019","author":"CISA","date":"28 de Agosto de 2019","format":false,"excerpt":"Por unanimidad, la doctora en f\u00edsica de la PUC,\u00a0Dora Altbir Drullinsky, fue reconocida con el\u00a0Premio Nacional de Ciencias Exactas 2019. Dora es una destacada ex alumna de nuestro colegio, donde estudi\u00f3 su ense\u00f1anza media. El jurado bas\u00f3 su decisi\u00f3n \u201cen\u00a0su gran contribuci\u00f3n al desarrollo en el pa\u00eds de la nanociencia\u2026","rel":"","context":"Entrada similar ","block_context":{"text":"Entrada similar ","link":""},"img":{"alt_text":"","src":"https:\/\/i0.wp.com\/www.cisa-arica.cl\/wp1\/wp-content\/uploads\/2019\/08\/Dra.-Dora-Altbir-Cedenna-Comunicaciones-900x599-600x399-1.jpg?resize=350%2C200&ssl=1","width":350,"height":200,"srcset":"https:\/\/i0.wp.com\/www.cisa-arica.cl\/wp1\/wp-content\/uploads\/2019\/08\/Dra.-Dora-Altbir-Cedenna-Comunicaciones-900x599-600x399-1.jpg?resize=350%2C200&ssl=1 1x, https:\/\/i0.wp.com\/www.cisa-arica.cl\/wp1\/wp-content\/uploads\/2019\/08\/Dra.-Dora-Altbir-Cedenna-Comunicaciones-900x599-600x399-1.jpg?resize=525%2C300&ssl=1 1.5x"},"classes":[]},{"id":7816,"url":"https:\/\/www.cisa-arica.cl\/wp1\/2019\/06\/26\/nuevo-equipamiento-a-laboratorio-de-ciencias\/","url_meta":{"origin":13210,"position":3},"title":"Nuevo equipamiento en laboratorio de Ciencias","author":"Jeannette Rivera","date":"26 de Junio de 2019","format":false,"excerpt":"Durante este mes de junio y gracias a la gesti\u00f3n de nuestro Departamento de Ciencias y SEP, han llegado a nuestro laboratorio cient\u00edfico nuevos equipos y material did\u00e1ctico, tales como modelos a escala del cuerpo humano, kits de electricidad y de calor, un calefactor magn\u00e9tico, entre otras herramientas que sin\u2026","rel":"","context":"Entrada similar ","block_context":{"text":"Entrada similar ","link":""},"img":{"alt_text":"","src":"https:\/\/i0.wp.com\/www.cisa-arica.cl\/wp1\/wp-content\/uploads\/2019\/06\/000-16.jpeg?resize=350%2C200&ssl=1","width":350,"height":200,"srcset":"https:\/\/i0.wp.com\/www.cisa-arica.cl\/wp1\/wp-content\/uploads\/2019\/06\/000-16.jpeg?resize=350%2C200&ssl=1 1x, https:\/\/i0.wp.com\/www.cisa-arica.cl\/wp1\/wp-content\/uploads\/2019\/06\/000-16.jpeg?resize=525%2C300&ssl=1 1.5x, https:\/\/i0.wp.com\/www.cisa-arica.cl\/wp1\/wp-content\/uploads\/2019\/06\/000-16.jpeg?resize=700%2C400&ssl=1 2x"},"classes":[]},{"id":10831,"url":"https:\/\/www.cisa-arica.cl\/wp1\/2020\/06\/30\/concurso-de-ciencias-creando-me-protejo\/","url_meta":{"origin":13210,"position":4},"title":"Concurso de Ciencias &#8220;Creando me protejo&#8221;","author":"cisa","date":"30 de Junio de 2020","format":false,"excerpt":"Estimada comunidad educativa.Junto con saludar y desear que se encuentren bien junto a los suyos, el departamento de\u00a0ciencias\u00a0junto a convivencia escolar, los invitan a participar del\u00a0\u00a0concurso\u00a0titulado\u00a0\"Creando me protejo\"\u00a0para \u00e9sto deben utilizar toda su creatividad y desarrollar un producto innovador y \u00fatil para este tiempo de pandemia.\u00a0An\u00edmate a participar en una\u2026","rel":"","context":"Entrada similar ","block_context":{"text":"Entrada similar ","link":""},"img":{"alt_text":"","src":"https:\/\/i0.wp.com\/www.cisa-arica.cl\/wp1\/wp-content\/uploads\/2020\/06\/2-2.png?resize=350%2C200&ssl=1","width":350,"height":200,"srcset":"https:\/\/i0.wp.com\/www.cisa-arica.cl\/wp1\/wp-content\/uploads\/2020\/06\/2-2.png?resize=350%2C200&ssl=1 1x, https:\/\/i0.wp.com\/www.cisa-arica.cl\/wp1\/wp-content\/uploads\/2020\/06\/2-2.png?resize=525%2C300&ssl=1 1.5x, https:\/\/i0.wp.com\/www.cisa-arica.cl\/wp1\/wp-content\/uploads\/2020\/06\/2-2.png?resize=700%2C400&ssl=1 2x, https:\/\/i0.wp.com\/www.cisa-arica.cl\/wp1\/wp-content\/uploads\/2020\/06\/2-2.png?resize=1050%2C600&ssl=1 3x, https:\/\/i0.wp.com\/www.cisa-arica.cl\/wp1\/wp-content\/uploads\/2020\/06\/2-2.png?resize=1400%2C800&ssl=1 4x"},"classes":[]},{"id":13317,"url":"https:\/\/www.cisa-arica.cl\/wp1\/2021\/10\/12\/alumnas-4os-medios-participan-en-ensayos-pdt\/","url_meta":{"origin":13210,"position":5},"title":"Alumnas 4os medios participan en Ensayos PDT","author":"Jeannette Rivera","date":"12 de Octubre de 2021","format":false,"excerpt":"Los pasados s\u00e1bados 2 y 9 de octubre nuestras alumnas de 4o medio realizaron de manera presencial sus primeros ensayos de la Prueba de Transici\u00f3n para la Admisi\u00f3n Universitaria (PDT) 2022 de Lenguaje, Matem\u00e1ticas y Electivos de Ciencia e Historia. Agradecemos su participaci\u00f3n y compromiso y que todo su esfuerzo\u2026","rel":"","context":"En &quot;CISA&quot;","block_context":{"text":"CISA","link":"https:\/\/www.cisa-arica.cl\/wp1\/category\/cisa\/"},"img":{"alt_text":"","src":"https:\/\/i0.wp.com\/www.cisa-arica.cl\/wp1\/wp-content\/uploads\/2021\/10\/001-1-e1634052503415.jpg?resize=350%2C200&ssl=1","width":350,"height":200,"srcset":"https:\/\/i0.wp.com\/www.cisa-arica.cl\/wp1\/wp-content\/uploads\/2021\/10\/001-1-e1634052503415.jpg?resize=350%2C200&ssl=1 1x, https:\/\/i0.wp.com\/www.cisa-arica.cl\/wp1\/wp-content\/uploads\/2021\/10\/001-1-e1634052503415.jpg?resize=525%2C300&ssl=1 1.5x, https:\/\/i0.wp.com\/www.cisa-arica.cl\/wp1\/wp-content\/uploads\/2021\/10\/001-1-e1634052503415.jpg?resize=700%2C400&ssl=1 2x, https:\/\/i0.wp.com\/www.cisa-arica.cl\/wp1\/wp-content\/uploads\/2021\/10\/001-1-e1634052503415.jpg?resize=1050%2C600&ssl=1 3x"},"classes":[]}],"_links":{"self":[{"href":"https:\/\/www.cisa-arica.cl\/wp1\/wp-json\/wp\/v2\/posts\/13210","targetHints":{"allow":["GET"]}}],"collection":[{"href":"https:\/\/www.cisa-arica.cl\/wp1\/wp-json\/wp\/v2\/posts"}],"about":[{"href":"https:\/\/www.cisa-arica.cl\/wp1\/wp-json\/wp\/v2\/types\/post"}],"author":[{"embeddable":true,"href":"https:\/\/www.cisa-arica.cl\/wp1\/wp-json\/wp\/v2\/users\/5"}],"replies":[{"embeddable":true,"href":"https:\/\/www.cisa-arica.cl\/wp1\/wp-json\/wp\/v2\/comments?post=13210"}],"version-history":[{"count":1,"href":"https:\/\/www.cisa-arica.cl\/wp1\/wp-json\/wp\/v2\/posts\/13210\/revisions"}],"predecessor-version":[{"id":13213,"href":"https:\/\/www.cisa-arica.cl\/wp1\/wp-json\/wp\/v2\/posts\/13210\/revisions\/13213"}],"wp:featuredmedia":[{"embeddable":true,"href":"https:\/\/www.cisa-arica.cl\/wp1\/wp-json\/wp\/v2\/media\/13212"}],"wp:attachment":[{"href":"https:\/\/www.cisa-arica.cl\/wp1\/wp-json\/wp\/v2\/media?parent=13210"}],"wp:term":[{"taxonomy":"category","embeddable":true,"href":"https:\/\/www.cisa-arica.cl\/wp1\/wp-json\/wp\/v2\/categories?post=13210"},{"taxonomy":"post_tag","embeddable":true,"href":"https:\/\/www.cisa-arica.cl\/wp1\/wp-json\/wp\/v2\/tags?post=13210"}],"curies":[{"name":"wp","href":"https:\/\/api.w.org\/{rel}","templated":true}]}}