{"id":13193,"date":"2021-10-01T09:08:52","date_gmt":"2021-10-01T13:08:52","guid":{"rendered":"http:\/\/www.cisa-arica.cl\/wp1\/?p=13193"},"modified":"2021-10-01T09:09:39","modified_gmt":"2021-10-01T13:09:39","slug":"vacunacion-escolar-covid-19","status":"publish","type":"post","link":"https:\/\/www.cisa-arica.cl\/wp1\/2021\/10\/01\/vacunacion-escolar-covid-19\/","title":{"rendered":"Vacunaci\u00f3n escolar COVID-19"},"content":{"rendered":"\n<p><\/p>\n","protected":false},"excerpt":{"rendered":"","protected":false},"author":1,"featured_media":13192,"comment_status":"closed","ping_status":"open","sticky":false,"template":"","format":"standard","meta":{"_jetpack_memberships_contains_paid_content":false,"footnotes":"","jetpack_publicize_message":"","jetpack_publicize_feature_enabled":true,"jetpack_social_post_already_shared":true,"jetpack_social_options":{"image_generator_settings":{"template":"highway","default_image_id":0,"font":"","enabled":false},"version":2}},"categories":[5],"tags":[],"class_list":["post-13193","post","type-post","status-publish","format-standard","has-post-thumbnail","hentry","category-uncategorized"],"jetpack_publicize_connections":[],"jetpack_featured_media_url":"https:\/\/www.cisa-arica.cl\/wp1\/wp-content\/uploads\/2021\/10\/IMG-20211001-WA0000.jpg","jetpack_sharing_enabled":true,"jetpack_shortlink":"https:\/\/wp.me\/p84wcz-3qN","jetpack-related-posts":[{"id":13587,"url":"https:\/\/www.cisa-arica.cl\/wp1\/2021\/11\/09\/vacunacion-escolar-covid19-2a-dosis\/","url_meta":{"origin":13193,"position":0},"title":"Vacunaci\u00f3n escolar COVID-19 2a Dosis","author":"Jeannette Rivera","date":"9 de Noviembre de 2021","format":false,"excerpt":"","rel":"","context":"Entrada similar ","block_context":{"text":"Entrada similar ","link":""},"img":{"alt_text":"","src":"https:\/\/i0.wp.com\/www.cisa-arica.cl\/wp1\/wp-content\/uploads\/2021\/11\/indice.jpg?resize=350%2C200&ssl=1","width":350,"height":200,"srcset":"https:\/\/i0.wp.com\/www.cisa-arica.cl\/wp1\/wp-content\/uploads\/2021\/11\/indice.jpg?resize=350%2C200&ssl=1 1x, https:\/\/i0.wp.com\/www.cisa-arica.cl\/wp1\/wp-content\/uploads\/2021\/11\/indice.jpg?resize=525%2C300&ssl=1 1.5x, https:\/\/i0.wp.com\/www.cisa-arica.cl\/wp1\/wp-content\/uploads\/2021\/11\/indice.jpg?resize=700%2C400&ssl=1 2x, https:\/\/i0.wp.com\/www.cisa-arica.cl\/wp1\/wp-content\/uploads\/2021\/11\/indice.jpg?resize=1050%2C600&ssl=1 3x"},"classes":[]},{"id":17252,"url":"https:\/\/www.cisa-arica.cl\/wp1\/2022\/09\/12\/proceso-de-vacunacion-escolar\/","url_meta":{"origin":13193,"position":1},"title":"Proceso de Vacunaci\u00f3n Escolar","author":"Jeannette Rivera","date":"12 de Septiembre de 2022","format":false,"excerpt":"Estimados\/as padres, madres y apoderados, esperando tengan\u00a0un buen inicio de\u00a0semana, les comentamos\u00a0que durante los d\u00edas\u00a026, 27 y 28 de Septiembre, se llevar\u00e1 a cabo el proceso de vacunaci\u00f3n escolar a las estudiantes de los siguientes cursos: 1\u00b0 b\u00e1sico, 4\u00b0 b\u00e1sico, 5\u00b0 b\u00e1sico y 8\u00b0 b\u00e1sico. El proceso de vacunaci\u00f3n\u00a0se llevar\u00e1\u2026","rel":"","context":"Entrada similar ","block_context":{"text":"Entrada similar ","link":""},"img":{"alt_text":"","src":"https:\/\/i0.wp.com\/www.cisa-arica.cl\/wp1\/wp-content\/uploads\/2022\/09\/FC5C8F27-9A30-44AC-964A-39869E90E02B.jpeg?resize=350%2C200&ssl=1","width":350,"height":200,"srcset":"https:\/\/i0.wp.com\/www.cisa-arica.cl\/wp1\/wp-content\/uploads\/2022\/09\/FC5C8F27-9A30-44AC-964A-39869E90E02B.jpeg?resize=350%2C200&ssl=1 1x, https:\/\/i0.wp.com\/www.cisa-arica.cl\/wp1\/wp-content\/uploads\/2022\/09\/FC5C8F27-9A30-44AC-964A-39869E90E02B.jpeg?resize=525%2C300&ssl=1 1.5x, https:\/\/i0.wp.com\/www.cisa-arica.cl\/wp1\/wp-content\/uploads\/2022\/09\/FC5C8F27-9A30-44AC-964A-39869E90E02B.jpeg?resize=700%2C400&ssl=1 2x, https:\/\/i0.wp.com\/www.cisa-arica.cl\/wp1\/wp-content\/uploads\/2022\/09\/FC5C8F27-9A30-44AC-964A-39869E90E02B.jpeg?resize=1050%2C600&ssl=1 3x"},"classes":[]},{"id":12894,"url":"https:\/\/www.cisa-arica.cl\/wp1\/2021\/08\/23\/vacunacion-escolar-2021\/","url_meta":{"origin":13193,"position":2},"title":"Vacunaci\u00f3n Escolar 2021","author":"CISA","date":"23 de Agosto de 2021","format":false,"excerpt":"Estimada Familia Santa Ana. Esperando tengan todos un buen inicio de semana, les comentamos que durante los d\u00edas jueves 26 y viernes 27 de agosto se llevar\u00e1 a cabo la campa\u00f1a de vacunaci\u00f3n escolar para los cursos 1eros, 4tos, 5tos y 8vos b\u00e1sicos , en el caso de las estudiantes\u2026","rel":"","context":"Entrada similar ","block_context":{"text":"Entrada similar ","link":""},"img":{"alt_text":"","src":"https:\/\/i0.wp.com\/www.cisa-arica.cl\/wp1\/wp-content\/uploads\/2021\/08\/WhatsApp-Image-2021-08-24-at-16.35.29.jpeg?resize=350%2C200&ssl=1","width":350,"height":200,"srcset":"https:\/\/i0.wp.com\/www.cisa-arica.cl\/wp1\/wp-content\/uploads\/2021\/08\/WhatsApp-Image-2021-08-24-at-16.35.29.jpeg?resize=350%2C200&ssl=1 1x, https:\/\/i0.wp.com\/www.cisa-arica.cl\/wp1\/wp-content\/uploads\/2021\/08\/WhatsApp-Image-2021-08-24-at-16.35.29.jpeg?resize=525%2C300&ssl=1 1.5x, https:\/\/i0.wp.com\/www.cisa-arica.cl\/wp1\/wp-content\/uploads\/2021\/08\/WhatsApp-Image-2021-08-24-at-16.35.29.jpeg?resize=700%2C400&ssl=1 2x, https:\/\/i0.wp.com\/www.cisa-arica.cl\/wp1\/wp-content\/uploads\/2021\/08\/WhatsApp-Image-2021-08-24-at-16.35.29.jpeg?resize=1050%2C600&ssl=1 3x"},"classes":[]},{"id":12885,"url":"https:\/\/www.cisa-arica.cl\/wp1\/2021\/08\/23\/charla-informativa-vacunacion-escolar\/","url_meta":{"origin":13193,"position":3},"title":"Charla Informativa sobre vacunaci\u00f3n Escolar","author":"CISA","date":"23 de Agosto de 2021","format":false,"excerpt":"Estimada Familia Santa Ana. Esperando que se encuentren bien junto a los suyos, queremos informar que, el CESFAM Remigio Sapunar realizar\u00e1 charlas para los apoderados explicando la importancia de la vacuna contra el virus del papiloma Humano.De igual manera compartimos ambos link de conexi\u00f3n los que se impartir\u00e1n a trav\u00e9s\u2026","rel":"","context":"Entrada similar ","block_context":{"text":"Entrada similar ","link":""},"img":{"alt_text":"","src":"https:\/\/i0.wp.com\/www.cisa-arica.cl\/wp1\/wp-content\/uploads\/2021\/08\/0afa4029-3d4b-4886-ac14-b1c00fff54d8.jpg?resize=350%2C200&ssl=1","width":350,"height":200,"srcset":"https:\/\/i0.wp.com\/www.cisa-arica.cl\/wp1\/wp-content\/uploads\/2021\/08\/0afa4029-3d4b-4886-ac14-b1c00fff54d8.jpg?resize=350%2C200&ssl=1 1x, https:\/\/i0.wp.com\/www.cisa-arica.cl\/wp1\/wp-content\/uploads\/2021\/08\/0afa4029-3d4b-4886-ac14-b1c00fff54d8.jpg?resize=525%2C300&ssl=1 1.5x, https:\/\/i0.wp.com\/www.cisa-arica.cl\/wp1\/wp-content\/uploads\/2021\/08\/0afa4029-3d4b-4886-ac14-b1c00fff54d8.jpg?resize=700%2C400&ssl=1 2x, https:\/\/i0.wp.com\/www.cisa-arica.cl\/wp1\/wp-content\/uploads\/2021\/08\/0afa4029-3d4b-4886-ac14-b1c00fff54d8.jpg?resize=1050%2C600&ssl=1 3x"},"classes":[]},{"id":9323,"url":"https:\/\/www.cisa-arica.cl\/wp1\/2019\/09\/11\/campana-de-vacunacion-1os-4os-5os-y-8os-basicos\/","url_meta":{"origin":13193,"position":4},"title":"Campa\u00f1a de vacunaci\u00f3n 1os, 4os, 5os y 8os b\u00e1sicos","author":"Jeannette Rivera","date":"11 de Septiembre de 2019","format":false,"excerpt":"Se informa que durante el d\u00eda martes 10 de septiembre se llev\u00f3 a cabo el proceso de vacunaci\u00f3n dirigida a la poblaci\u00f3n escolar a cargo del Programa Nacional de Inmunizaciones, se aplic\u00f3 la vacunaci\u00f3n espec\u00edfica en la imagen adjunta a los primeros, cuartos, quintos y octavos b\u00e1sicos, dando as\u00ed la\u2026","rel":"","context":"Entrada similar ","block_context":{"text":"Entrada similar ","link":""},"img":{"alt_text":"","src":"https:\/\/i0.wp.com\/www.cisa-arica.cl\/wp1\/wp-content\/uploads\/2019\/09\/Screenshot_1-2.jpg?resize=350%2C200&ssl=1","width":350,"height":200,"srcset":"https:\/\/i0.wp.com\/www.cisa-arica.cl\/wp1\/wp-content\/uploads\/2019\/09\/Screenshot_1-2.jpg?resize=350%2C200&ssl=1 1x, https:\/\/i0.wp.com\/www.cisa-arica.cl\/wp1\/wp-content\/uploads\/2019\/09\/Screenshot_1-2.jpg?resize=525%2C300&ssl=1 1.5x"},"classes":[]},{"id":26385,"url":"https:\/\/www.cisa-arica.cl\/wp1\/2024\/08\/23\/proceso-de-vacunacion-2024\/","url_meta":{"origin":13193,"position":5},"title":"Proceso de Vacunaci\u00f3n 2024","author":"Jeannette Rivera","date":"23 de Agosto de 2024","format":false,"excerpt":"Se les recuerda a los padres y apoderados que durante los d\u00edas 26, 27 y 28 de agosto se llevar\u00e1 a cabo la vacunaci\u00f3n escolar durante la jornada escolar. Esta vacunaci\u00f3n\u00a0incluye la protecci\u00f3n contra difteria, t\u00e9tano y tos convulsiva (dTpa) para 1ros y 8vos b\u00e1sicos y virus del papiloma humano\u2026","rel":"","context":"Entrada similar ","block_context":{"text":"Entrada similar ","link":""},"img":{"alt_text":"","src":"https:\/\/i0.wp.com\/www.cisa-arica.cl\/wp1\/wp-content\/uploads\/2024\/08\/WhatsApp-Image-2024-08-22-at-5.45.29-PM.jpeg?resize=350%2C200&ssl=1","width":350,"height":200,"srcset":"https:\/\/i0.wp.com\/www.cisa-arica.cl\/wp1\/wp-content\/uploads\/2024\/08\/WhatsApp-Image-2024-08-22-at-5.45.29-PM.jpeg?resize=350%2C200&ssl=1 1x, https:\/\/i0.wp.com\/www.cisa-arica.cl\/wp1\/wp-content\/uploads\/2024\/08\/WhatsApp-Image-2024-08-22-at-5.45.29-PM.jpeg?resize=525%2C300&ssl=1 1.5x, https:\/\/i0.wp.com\/www.cisa-arica.cl\/wp1\/wp-content\/uploads\/2024\/08\/WhatsApp-Image-2024-08-22-at-5.45.29-PM.jpeg?resize=700%2C400&ssl=1 2x, https:\/\/i0.wp.com\/www.cisa-arica.cl\/wp1\/wp-content\/uploads\/2024\/08\/WhatsApp-Image-2024-08-22-at-5.45.29-PM.jpeg?resize=1050%2C600&ssl=1 3x"},"classes":[]}],"_links":{"self":[{"href":"https:\/\/www.cisa-arica.cl\/wp1\/wp-json\/wp\/v2\/posts\/13193","targetHints":{"allow":["GET"]}}],"collection":[{"href":"https:\/\/www.cisa-arica.cl\/wp1\/wp-json\/wp\/v2\/posts"}],"about":[{"href":"https:\/\/www.cisa-arica.cl\/wp1\/wp-json\/wp\/v2\/types\/post"}],"author":[{"embeddable":true,"href":"https:\/\/www.cisa-arica.cl\/wp1\/wp-json\/wp\/v2\/users\/1"}],"replies":[{"embeddable":true,"href":"https:\/\/www.cisa-arica.cl\/wp1\/wp-json\/wp\/v2\/comments?post=13193"}],"version-history":[{"count":1,"href":"https:\/\/www.cisa-arica.cl\/wp1\/wp-json\/wp\/v2\/posts\/13193\/revisions"}],"predecessor-version":[{"id":13194,"href":"https:\/\/www.cisa-arica.cl\/wp1\/wp-json\/wp\/v2\/posts\/13193\/revisions\/13194"}],"wp:featuredmedia":[{"embeddable":true,"href":"https:\/\/www.cisa-arica.cl\/wp1\/wp-json\/wp\/v2\/media\/13192"}],"wp:attachment":[{"href":"https:\/\/www.cisa-arica.cl\/wp1\/wp-json\/wp\/v2\/media?parent=13193"}],"wp:term":[{"taxonomy":"category","embeddable":true,"href":"https:\/\/www.cisa-arica.cl\/wp1\/wp-json\/wp\/v2\/categories?post=13193"},{"taxonomy":"post_tag","embeddable":true,"href":"https:\/\/www.cisa-arica.cl\/wp1\/wp-json\/wp\/v2\/tags?post=13193"}],"curies":[{"name":"wp","href":"https:\/\/api.w.org\/{rel}","templated":true}]}}