{"id":13188,"date":"2021-10-01T07:19:41","date_gmt":"2021-10-01T11:19:41","guid":{"rendered":"http:\/\/www.cisa-arica.cl\/wp1\/?p=13188"},"modified":"2021-10-01T10:38:49","modified_gmt":"2021-10-01T14:38:49","slug":"feliz-dia-del-asistente-de-la-educacion-2","status":"publish","type":"post","link":"https:\/\/www.cisa-arica.cl\/wp1\/2021\/10\/01\/feliz-dia-del-asistente-de-la-educacion-2\/","title":{"rendered":"Feliz D\u00eda del Asistente de la Educaci\u00f3n"},"content":{"rendered":"\n<p>Estimada comunidad educativa:<\/p>\n\n\n\n<p>Hoy 1 de Octubre queremos celebrar a una parte fundamental de la Comunidad Santa Ana: nuestros <strong>Asistentes de la Educaci\u00f3n<\/strong>, quienes d\u00eda a d\u00eda entregan&nbsp;todo su esfuerzo y coraz\u00f3n&nbsp;dentro del establecimiento en beneficio para nuestras ni\u00f1as; y especialmente durante estos tiempos dif\u00edciles que vivimos, donde sus funciones han sido elementales para nosotros.<\/p>\n\n\n\n<p>A todo nuestro personal administrativo, paradocentes, y auxiliares, <strong>MUCHAS GRACIAS<\/strong> por su trabajo y apoyo en nombre de todo el Colegio Italiano Santa Ana.<\/p>\n\n\n\n<p><\/p>\n\n\n\n<figure class=\"wp-block-embed is-type-video is-provider-youtube wp-block-embed-youtube wp-embed-aspect-16-9 wp-has-aspect-ratio\"><div class=\"wp-block-embed__wrapper\">\n<iframe loading=\"lazy\"  id=\"_ytid_89325\"  width=\"800\" height=\"450\"  data-origwidth=\"800\" data-origheight=\"450\" src=\"https:\/\/www.youtube.com\/embed\/eGUWaLMEXss?enablejsapi=1&#038;autoplay=0&#038;cc_load_policy=0&#038;cc_lang_pref=&#038;iv_load_policy=1&#038;loop=0&#038;rel=1&#038;fs=1&#038;playsinline=0&#038;autohide=2&#038;theme=dark&#038;color=red&#038;controls=1&#038;disablekb=0&#038;\" class=\"__youtube_prefs__  epyt-is-override  no-lazyload\" title=\"YouTube player\"  allow=\"fullscreen; accelerometer; autoplay; clipboard-write; encrypted-media; gyroscope; picture-in-picture; web-share\" referrerpolicy=\"strict-origin-when-cross-origin\" allowfullscreen data-no-lazy=\"1\" data-skipgform_ajax_framebjll=\"\"><\/iframe>\n<\/div><\/figure>\n\n\n\n<figure class=\"wp-block-gallery columns-4 is-cropped wp-block-gallery-1 is-layout-flex wp-block-gallery-is-layout-flex\"><ul class=\"blocks-gallery-grid\"><li class=\"blocks-gallery-item\"><figure><img loading=\"lazy\" decoding=\"async\" width=\"900\" height=\"1600\" data-attachment-id=\"13196\" data-permalink=\"https:\/\/www.cisa-arica.cl\/wp1\/0\/\" data-orig-file=\"https:\/\/www.cisa-arica.cl\/wp1\/wp-content\/uploads\/2021\/10\/0.jpg\" data-orig-size=\"900,1600\" data-comments-opened=\"0\" data-image-meta=\"{&quot;aperture&quot;:&quot;0&quot;,&quot;credit&quot;:&quot;&quot;,&quot;camera&quot;:&quot;&quot;,&quot;caption&quot;:&quot;&quot;,&quot;created_timestamp&quot;:&quot;0&quot;,&quot;copyright&quot;:&quot;&quot;,&quot;focal_length&quot;:&quot;0&quot;,&quot;iso&quot;:&quot;0&quot;,&quot;shutter_speed&quot;:&quot;0&quot;,&quot;title&quot;:&quot;&quot;,&quot;orientation&quot;:&quot;0&quot;}\" data-image-title=\"0\" data-image-description=\"\" data-image-caption=\"\" data-large-file=\"https:\/\/www.cisa-arica.cl\/wp1\/wp-content\/uploads\/2021\/10\/0-338x600.jpg\" src=\"http:\/\/www.cisa-arica.cl\/wp1\/wp-content\/uploads\/2021\/10\/0-338x600.jpg\" alt=\"\" data-id=\"13196\" data-full-url=\"http:\/\/www.cisa-arica.cl\/wp1\/wp-content\/uploads\/2021\/10\/0.jpg\" data-link=\"http:\/\/www.cisa-arica.cl\/wp1\/0\/\" class=\"wp-image-13196\" srcset=\"https:\/\/www.cisa-arica.cl\/wp1\/wp-content\/uploads\/2021\/10\/0-338x600.jpg 338w, https:\/\/www.cisa-arica.cl\/wp1\/wp-content\/uploads\/2021\/10\/0-169x300.jpg 169w, https:\/\/www.cisa-arica.cl\/wp1\/wp-content\/uploads\/2021\/10\/0-768x1365.jpg 768w, https:\/\/www.cisa-arica.cl\/wp1\/wp-content\/uploads\/2021\/10\/0-864x1536.jpg 864w, https:\/\/www.cisa-arica.cl\/wp1\/wp-content\/uploads\/2021\/10\/0.jpg 900w\" sizes=\"auto, (max-width: 900px) 100vw, 900px\" \/><\/figure><\/li><li class=\"blocks-gallery-item\"><figure><img loading=\"lazy\" decoding=\"async\" width=\"338\" height=\"600\" data-attachment-id=\"13195\" data-permalink=\"https:\/\/www.cisa-arica.cl\/wp1\/000-107\/\" data-orig-file=\"https:\/\/www.cisa-arica.cl\/wp1\/wp-content\/uploads\/2021\/10\/000.jpg\" data-orig-size=\"900,1600\" data-comments-opened=\"0\" data-image-meta=\"{&quot;aperture&quot;:&quot;0&quot;,&quot;credit&quot;:&quot;&quot;,&quot;camera&quot;:&quot;&quot;,&quot;caption&quot;:&quot;&quot;,&quot;created_timestamp&quot;:&quot;0&quot;,&quot;copyright&quot;:&quot;&quot;,&quot;focal_length&quot;:&quot;0&quot;,&quot;iso&quot;:&quot;0&quot;,&quot;shutter_speed&quot;:&quot;0&quot;,&quot;title&quot;:&quot;&quot;,&quot;orientation&quot;:&quot;0&quot;}\" data-image-title=\"000\" data-image-description=\"\" data-image-caption=\"\" data-large-file=\"https:\/\/www.cisa-arica.cl\/wp1\/wp-content\/uploads\/2021\/10\/000-338x600.jpg\" src=\"http:\/\/www.cisa-arica.cl\/wp1\/wp-content\/uploads\/2021\/10\/000-338x600.jpg\" alt=\"\" data-id=\"13195\" data-full-url=\"http:\/\/www.cisa-arica.cl\/wp1\/wp-content\/uploads\/2021\/10\/000.jpg\" data-link=\"http:\/\/www.cisa-arica.cl\/wp1\/000-107\/\" class=\"wp-image-13195\" srcset=\"https:\/\/www.cisa-arica.cl\/wp1\/wp-content\/uploads\/2021\/10\/000-338x600.jpg 338w, https:\/\/www.cisa-arica.cl\/wp1\/wp-content\/uploads\/2021\/10\/000-169x300.jpg 169w, https:\/\/www.cisa-arica.cl\/wp1\/wp-content\/uploads\/2021\/10\/000-768x1365.jpg 768w, https:\/\/www.cisa-arica.cl\/wp1\/wp-content\/uploads\/2021\/10\/000-864x1536.jpg 864w, https:\/\/www.cisa-arica.cl\/wp1\/wp-content\/uploads\/2021\/10\/000.jpg 900w\" sizes=\"auto, (max-width: 338px) 100vw, 338px\" \/><\/figure><\/li><li class=\"blocks-gallery-item\"><figure><img loading=\"lazy\" decoding=\"async\" width=\"338\" height=\"600\" data-attachment-id=\"13202\" data-permalink=\"https:\/\/www.cisa-arica.cl\/wp1\/006-54\/\" data-orig-file=\"https:\/\/www.cisa-arica.cl\/wp1\/wp-content\/uploads\/2021\/10\/006.jpg\" data-orig-size=\"900,1600\" data-comments-opened=\"0\" data-image-meta=\"{&quot;aperture&quot;:&quot;0&quot;,&quot;credit&quot;:&quot;&quot;,&quot;camera&quot;:&quot;&quot;,&quot;caption&quot;:&quot;&quot;,&quot;created_timestamp&quot;:&quot;0&quot;,&quot;copyright&quot;:&quot;&quot;,&quot;focal_length&quot;:&quot;0&quot;,&quot;iso&quot;:&quot;0&quot;,&quot;shutter_speed&quot;:&quot;0&quot;,&quot;title&quot;:&quot;&quot;,&quot;orientation&quot;:&quot;0&quot;}\" data-image-title=\"006\" data-image-description=\"\" data-image-caption=\"\" data-large-file=\"https:\/\/www.cisa-arica.cl\/wp1\/wp-content\/uploads\/2021\/10\/006-338x600.jpg\" src=\"http:\/\/www.cisa-arica.cl\/wp1\/wp-content\/uploads\/2021\/10\/006-338x600.jpg\" alt=\"\" data-id=\"13202\" data-full-url=\"http:\/\/www.cisa-arica.cl\/wp1\/wp-content\/uploads\/2021\/10\/006.jpg\" data-link=\"http:\/\/www.cisa-arica.cl\/wp1\/006-54\/\" class=\"wp-image-13202\" srcset=\"https:\/\/www.cisa-arica.cl\/wp1\/wp-content\/uploads\/2021\/10\/006-338x600.jpg 338w, https:\/\/www.cisa-arica.cl\/wp1\/wp-content\/uploads\/2021\/10\/006-169x300.jpg 169w, https:\/\/www.cisa-arica.cl\/wp1\/wp-content\/uploads\/2021\/10\/006-768x1365.jpg 768w, https:\/\/www.cisa-arica.cl\/wp1\/wp-content\/uploads\/2021\/10\/006-864x1536.jpg 864w, https:\/\/www.cisa-arica.cl\/wp1\/wp-content\/uploads\/2021\/10\/006.jpg 900w\" sizes=\"auto, (max-width: 338px) 100vw, 338px\" \/><\/figure><\/li><li class=\"blocks-gallery-item\"><figure><img loading=\"lazy\" decoding=\"async\" width=\"338\" height=\"600\" data-attachment-id=\"13201\" data-permalink=\"https:\/\/www.cisa-arica.cl\/wp1\/005-40\/\" data-orig-file=\"https:\/\/www.cisa-arica.cl\/wp1\/wp-content\/uploads\/2021\/10\/005.jpg\" data-orig-size=\"900,1600\" data-comments-opened=\"0\" data-image-meta=\"{&quot;aperture&quot;:&quot;0&quot;,&quot;credit&quot;:&quot;&quot;,&quot;camera&quot;:&quot;&quot;,&quot;caption&quot;:&quot;&quot;,&quot;created_timestamp&quot;:&quot;0&quot;,&quot;copyright&quot;:&quot;&quot;,&quot;focal_length&quot;:&quot;0&quot;,&quot;iso&quot;:&quot;0&quot;,&quot;shutter_speed&quot;:&quot;0&quot;,&quot;title&quot;:&quot;&quot;,&quot;orientation&quot;:&quot;0&quot;}\" data-image-title=\"005\" data-image-description=\"\" data-image-caption=\"\" data-large-file=\"https:\/\/www.cisa-arica.cl\/wp1\/wp-content\/uploads\/2021\/10\/005-338x600.jpg\" src=\"http:\/\/www.cisa-arica.cl\/wp1\/wp-content\/uploads\/2021\/10\/005-338x600.jpg\" alt=\"\" data-id=\"13201\" data-full-url=\"http:\/\/www.cisa-arica.cl\/wp1\/wp-content\/uploads\/2021\/10\/005.jpg\" data-link=\"http:\/\/www.cisa-arica.cl\/wp1\/005-40\/\" class=\"wp-image-13201\" srcset=\"https:\/\/www.cisa-arica.cl\/wp1\/wp-content\/uploads\/2021\/10\/005-338x600.jpg 338w, https:\/\/www.cisa-arica.cl\/wp1\/wp-content\/uploads\/2021\/10\/005-169x300.jpg 169w, https:\/\/www.cisa-arica.cl\/wp1\/wp-content\/uploads\/2021\/10\/005-768x1365.jpg 768w, https:\/\/www.cisa-arica.cl\/wp1\/wp-content\/uploads\/2021\/10\/005-864x1536.jpg 864w, https:\/\/www.cisa-arica.cl\/wp1\/wp-content\/uploads\/2021\/10\/005.jpg 900w\" sizes=\"auto, (max-width: 338px) 100vw, 338px\" \/><\/figure><\/li><li class=\"blocks-gallery-item\"><figure><img loading=\"lazy\" decoding=\"async\" width=\"338\" height=\"600\" data-attachment-id=\"13200\" data-permalink=\"https:\/\/www.cisa-arica.cl\/wp1\/004-97\/\" data-orig-file=\"https:\/\/www.cisa-arica.cl\/wp1\/wp-content\/uploads\/2021\/10\/004.jpg\" data-orig-size=\"900,1600\" data-comments-opened=\"0\" data-image-meta=\"{&quot;aperture&quot;:&quot;0&quot;,&quot;credit&quot;:&quot;&quot;,&quot;camera&quot;:&quot;&quot;,&quot;caption&quot;:&quot;&quot;,&quot;created_timestamp&quot;:&quot;0&quot;,&quot;copyright&quot;:&quot;&quot;,&quot;focal_length&quot;:&quot;0&quot;,&quot;iso&quot;:&quot;0&quot;,&quot;shutter_speed&quot;:&quot;0&quot;,&quot;title&quot;:&quot;&quot;,&quot;orientation&quot;:&quot;0&quot;}\" data-image-title=\"004\" data-image-description=\"\" data-image-caption=\"\" data-large-file=\"https:\/\/www.cisa-arica.cl\/wp1\/wp-content\/uploads\/2021\/10\/004-338x600.jpg\" src=\"http:\/\/www.cisa-arica.cl\/wp1\/wp-content\/uploads\/2021\/10\/004-338x600.jpg\" alt=\"\" data-id=\"13200\" data-full-url=\"http:\/\/www.cisa-arica.cl\/wp1\/wp-content\/uploads\/2021\/10\/004.jpg\" data-link=\"http:\/\/www.cisa-arica.cl\/wp1\/004-97\/\" class=\"wp-image-13200\" srcset=\"https:\/\/www.cisa-arica.cl\/wp1\/wp-content\/uploads\/2021\/10\/004-338x600.jpg 338w, https:\/\/www.cisa-arica.cl\/wp1\/wp-content\/uploads\/2021\/10\/004-169x300.jpg 169w, https:\/\/www.cisa-arica.cl\/wp1\/wp-content\/uploads\/2021\/10\/004-768x1365.jpg 768w, https:\/\/www.cisa-arica.cl\/wp1\/wp-content\/uploads\/2021\/10\/004-864x1536.jpg 864w, https:\/\/www.cisa-arica.cl\/wp1\/wp-content\/uploads\/2021\/10\/004.jpg 900w\" sizes=\"auto, (max-width: 338px) 100vw, 338px\" \/><\/figure><\/li><li class=\"blocks-gallery-item\"><figure><img loading=\"lazy\" decoding=\"async\" width=\"338\" height=\"600\" data-attachment-id=\"13199\" data-permalink=\"https:\/\/www.cisa-arica.cl\/wp1\/003-97\/\" data-orig-file=\"https:\/\/www.cisa-arica.cl\/wp1\/wp-content\/uploads\/2021\/10\/003.jpg\" data-orig-size=\"900,1600\" data-comments-opened=\"0\" data-image-meta=\"{&quot;aperture&quot;:&quot;0&quot;,&quot;credit&quot;:&quot;&quot;,&quot;camera&quot;:&quot;&quot;,&quot;caption&quot;:&quot;&quot;,&quot;created_timestamp&quot;:&quot;0&quot;,&quot;copyright&quot;:&quot;&quot;,&quot;focal_length&quot;:&quot;0&quot;,&quot;iso&quot;:&quot;0&quot;,&quot;shutter_speed&quot;:&quot;0&quot;,&quot;title&quot;:&quot;&quot;,&quot;orientation&quot;:&quot;0&quot;}\" data-image-title=\"003\" data-image-description=\"\" data-image-caption=\"\" data-large-file=\"https:\/\/www.cisa-arica.cl\/wp1\/wp-content\/uploads\/2021\/10\/003-338x600.jpg\" src=\"http:\/\/www.cisa-arica.cl\/wp1\/wp-content\/uploads\/2021\/10\/003-338x600.jpg\" alt=\"\" data-id=\"13199\" data-full-url=\"http:\/\/www.cisa-arica.cl\/wp1\/wp-content\/uploads\/2021\/10\/003.jpg\" data-link=\"http:\/\/www.cisa-arica.cl\/wp1\/003-97\/\" class=\"wp-image-13199\" srcset=\"https:\/\/www.cisa-arica.cl\/wp1\/wp-content\/uploads\/2021\/10\/003-338x600.jpg 338w, https:\/\/www.cisa-arica.cl\/wp1\/wp-content\/uploads\/2021\/10\/003-169x300.jpg 169w, https:\/\/www.cisa-arica.cl\/wp1\/wp-content\/uploads\/2021\/10\/003-768x1365.jpg 768w, https:\/\/www.cisa-arica.cl\/wp1\/wp-content\/uploads\/2021\/10\/003-864x1536.jpg 864w, https:\/\/www.cisa-arica.cl\/wp1\/wp-content\/uploads\/2021\/10\/003.jpg 900w\" sizes=\"auto, (max-width: 338px) 100vw, 338px\" \/><\/figure><\/li><li class=\"blocks-gallery-item\"><figure><img loading=\"lazy\" decoding=\"async\" width=\"338\" height=\"600\" data-attachment-id=\"13198\" data-permalink=\"https:\/\/www.cisa-arica.cl\/wp1\/002-60\/\" data-orig-file=\"https:\/\/www.cisa-arica.cl\/wp1\/wp-content\/uploads\/2021\/10\/002.jpg\" data-orig-size=\"900,1600\" data-comments-opened=\"0\" data-image-meta=\"{&quot;aperture&quot;:&quot;0&quot;,&quot;credit&quot;:&quot;&quot;,&quot;camera&quot;:&quot;&quot;,&quot;caption&quot;:&quot;&quot;,&quot;created_timestamp&quot;:&quot;0&quot;,&quot;copyright&quot;:&quot;&quot;,&quot;focal_length&quot;:&quot;0&quot;,&quot;iso&quot;:&quot;0&quot;,&quot;shutter_speed&quot;:&quot;0&quot;,&quot;title&quot;:&quot;&quot;,&quot;orientation&quot;:&quot;0&quot;}\" data-image-title=\"002\" data-image-description=\"\" data-image-caption=\"\" data-large-file=\"https:\/\/www.cisa-arica.cl\/wp1\/wp-content\/uploads\/2021\/10\/002-338x600.jpg\" src=\"http:\/\/www.cisa-arica.cl\/wp1\/wp-content\/uploads\/2021\/10\/002-338x600.jpg\" alt=\"\" data-id=\"13198\" data-full-url=\"http:\/\/www.cisa-arica.cl\/wp1\/wp-content\/uploads\/2021\/10\/002.jpg\" data-link=\"http:\/\/www.cisa-arica.cl\/wp1\/002-60\/\" class=\"wp-image-13198\" srcset=\"https:\/\/www.cisa-arica.cl\/wp1\/wp-content\/uploads\/2021\/10\/002-338x600.jpg 338w, https:\/\/www.cisa-arica.cl\/wp1\/wp-content\/uploads\/2021\/10\/002-169x300.jpg 169w, https:\/\/www.cisa-arica.cl\/wp1\/wp-content\/uploads\/2021\/10\/002-768x1365.jpg 768w, https:\/\/www.cisa-arica.cl\/wp1\/wp-content\/uploads\/2021\/10\/002-864x1536.jpg 864w, https:\/\/www.cisa-arica.cl\/wp1\/wp-content\/uploads\/2021\/10\/002.jpg 900w\" sizes=\"auto, (max-width: 338px) 100vw, 338px\" \/><\/figure><\/li><li class=\"blocks-gallery-item\"><figure><img loading=\"lazy\" decoding=\"async\" width=\"338\" height=\"600\" data-attachment-id=\"13197\" data-permalink=\"https:\/\/www.cisa-arica.cl\/wp1\/001-63\/\" data-orig-file=\"https:\/\/www.cisa-arica.cl\/wp1\/wp-content\/uploads\/2021\/10\/001.jpg\" data-orig-size=\"900,1600\" data-comments-opened=\"0\" data-image-meta=\"{&quot;aperture&quot;:&quot;0&quot;,&quot;credit&quot;:&quot;&quot;,&quot;camera&quot;:&quot;&quot;,&quot;caption&quot;:&quot;&quot;,&quot;created_timestamp&quot;:&quot;0&quot;,&quot;copyright&quot;:&quot;&quot;,&quot;focal_length&quot;:&quot;0&quot;,&quot;iso&quot;:&quot;0&quot;,&quot;shutter_speed&quot;:&quot;0&quot;,&quot;title&quot;:&quot;&quot;,&quot;orientation&quot;:&quot;0&quot;}\" data-image-title=\"001\" data-image-description=\"\" data-image-caption=\"\" data-large-file=\"https:\/\/www.cisa-arica.cl\/wp1\/wp-content\/uploads\/2021\/10\/001-338x600.jpg\" src=\"http:\/\/www.cisa-arica.cl\/wp1\/wp-content\/uploads\/2021\/10\/001-338x600.jpg\" alt=\"\" data-id=\"13197\" data-full-url=\"http:\/\/www.cisa-arica.cl\/wp1\/wp-content\/uploads\/2021\/10\/001.jpg\" data-link=\"http:\/\/www.cisa-arica.cl\/wp1\/001-63\/\" class=\"wp-image-13197\" srcset=\"https:\/\/www.cisa-arica.cl\/wp1\/wp-content\/uploads\/2021\/10\/001-338x600.jpg 338w, https:\/\/www.cisa-arica.cl\/wp1\/wp-content\/uploads\/2021\/10\/001-169x300.jpg 169w, https:\/\/www.cisa-arica.cl\/wp1\/wp-content\/uploads\/2021\/10\/001-768x1365.jpg 768w, https:\/\/www.cisa-arica.cl\/wp1\/wp-content\/uploads\/2021\/10\/001-864x1536.jpg 864w, https:\/\/www.cisa-arica.cl\/wp1\/wp-content\/uploads\/2021\/10\/001.jpg 900w\" sizes=\"auto, (max-width: 338px) 100vw, 338px\" \/><\/figure><\/li><\/ul><\/figure>\n","protected":false},"excerpt":{"rendered":"<p>Estimada comunidad educativa: Hoy 1 de Octubre queremos celebrar a una parte fundamental de la Comunidad Santa Ana: nuestros Asistentes de la Educaci\u00f3n, quienes d\u00eda a d\u00eda entregan&nbsp;todo su esfuerzo y coraz\u00f3n&nbsp;dentro del establecimiento en beneficio para nuestras ni\u00f1as; y especialmente durante estos tiempos dif\u00edciles que vivimos, donde sus funciones han sido elementales para nosotros. <a class=\"read-more\" href=\"https:\/\/www.cisa-arica.cl\/wp1\/2021\/10\/01\/feliz-dia-del-asistente-de-la-educacion-2\/\">Continuar leyendo<\/a><\/p>\n","protected":false},"author":5,"featured_media":13189,"comment_status":"closed","ping_status":"open","sticky":false,"template":"","format":"standard","meta":{"_jetpack_memberships_contains_paid_content":false,"footnotes":"","jetpack_publicize_message":"","jetpack_publicize_feature_enabled":true,"jetpack_social_post_already_shared":true,"jetpack_social_options":{"image_generator_settings":{"template":"highway","default_image_id":0,"font":"","enabled":false},"version":2}},"categories":[19,4],"tags":[],"class_list":["post-13188","post","type-post","status-publish","format-standard","has-post-thumbnail","hentry","category-cisa","category-galeria"],"jetpack_publicize_connections":[],"jetpack_featured_media_url":"https:\/\/www.cisa-arica.cl\/wp1\/wp-content\/uploads\/2021\/10\/Screenshot_4.png","jetpack_sharing_enabled":true,"jetpack_shortlink":"https:\/\/wp.me\/p84wcz-3qI","jetpack-related-posts":[{"id":11541,"url":"https:\/\/www.cisa-arica.cl\/wp1\/2020\/10\/01\/feliz-dia-del-asistente-de-la-educacion\/","url_meta":{"origin":13188,"position":0},"title":"Feliz D\u00eda del Asistente de la Educaci\u00f3n","author":"Jeannette Rivera","date":"1 de Octubre de 2020","format":false,"excerpt":"Hoy 1 de Octubre queremos celebrar a una parte fundamental de nuestra Comunidad Santa Ana: nuestros Asistentes de la Educaci\u00f3n, quienes d\u00eda a d\u00eda entregan\u00a0 todo su esfuerzo y coraz\u00f3n\u00a0 dentro del establecimiento en beneficio para nuestras ni\u00f1as; y especialmente durante estos tiempos dif\u00edciles que vivimos, donde sus funciones han\u2026","rel":"","context":"En &quot;CISA&quot;","block_context":{"text":"CISA","link":"https:\/\/www.cisa-arica.cl\/wp1\/category\/cisa\/"},"img":{"alt_text":"","src":"https:\/\/i0.wp.com\/www.cisa-arica.cl\/wp1\/wp-content\/uploads\/2020\/10\/DDADLE2.png?resize=350%2C200&ssl=1","width":350,"height":200,"srcset":"https:\/\/i0.wp.com\/www.cisa-arica.cl\/wp1\/wp-content\/uploads\/2020\/10\/DDADLE2.png?resize=350%2C200&ssl=1 1x, https:\/\/i0.wp.com\/www.cisa-arica.cl\/wp1\/wp-content\/uploads\/2020\/10\/DDADLE2.png?resize=525%2C300&ssl=1 1.5x, https:\/\/i0.wp.com\/www.cisa-arica.cl\/wp1\/wp-content\/uploads\/2020\/10\/DDADLE2.png?resize=700%2C400&ssl=1 2x"},"classes":[]},{"id":11290,"url":"https:\/\/www.cisa-arica.cl\/wp1\/2020\/08\/17\/condolencias-6\/","url_meta":{"origin":13188,"position":1},"title":"Condolencias","author":"CISA","date":"17 de Agosto de 2020","format":false,"excerpt":"Querida Familia Santa Ana. Nos unimos con cari\u00f1o como comunidad educativa en oraci\u00f3n por la partida al Reino de Dios de: Sra. Elena Becerra Rodr\u00edguez (Q.E.P.D) Quien fuera madre de nuestra querida Inspectora Sra. Mireya Torres Becerra. Abuela de nuestra asistente de la educaci\u00f3n Johana Olivares Torres y de nuestra\u2026","rel":"","context":"Entrada similar ","block_context":{"text":"Entrada similar ","link":""},"img":{"alt_text":"","src":"https:\/\/i0.wp.com\/www.cisa-arica.cl\/wp1\/wp-content\/uploads\/2020\/08\/17469e02-aad9-4ac9-b771-9d8684b7d0cc-1.png?resize=350%2C200&ssl=1","width":350,"height":200,"srcset":"https:\/\/i0.wp.com\/www.cisa-arica.cl\/wp1\/wp-content\/uploads\/2020\/08\/17469e02-aad9-4ac9-b771-9d8684b7d0cc-1.png?resize=350%2C200&ssl=1 1x, https:\/\/i0.wp.com\/www.cisa-arica.cl\/wp1\/wp-content\/uploads\/2020\/08\/17469e02-aad9-4ac9-b771-9d8684b7d0cc-1.png?resize=525%2C300&ssl=1 1.5x, https:\/\/i0.wp.com\/www.cisa-arica.cl\/wp1\/wp-content\/uploads\/2020\/08\/17469e02-aad9-4ac9-b771-9d8684b7d0cc-1.png?resize=700%2C400&ssl=1 2x, https:\/\/i0.wp.com\/www.cisa-arica.cl\/wp1\/wp-content\/uploads\/2020\/08\/17469e02-aad9-4ac9-b771-9d8684b7d0cc-1.png?resize=1050%2C600&ssl=1 3x"},"classes":[]},{"id":26531,"url":"https:\/\/www.cisa-arica.cl\/wp1\/2024\/10\/01\/feliz-dia-de-la-asistentes-de-la-educacion\/","url_meta":{"origin":13188,"position":2},"title":"Feliz D\u00eda de la Asistentes de la Educaci\u00f3n","author":"Jeannette Rivera","date":"1 de Octubre de 2024","format":false,"excerpt":"Hoy 01 de Octubre, la Comunidad Educativa del Colegio Italiano Santa Ana, entrega un afectuoso saludo a todos los Asistentes de la Educaci\u00f3n que d\u00eda a d\u00eda realizan una gran labor al servicio de todas nuestras estudiantes. Muchas gracias por el trabajo y su apoyo constante. Que Dios y Santa\u2026","rel":"","context":"Entrada similar ","block_context":{"text":"Entrada similar ","link":""},"img":{"alt_text":"","src":"https:\/\/i0.wp.com\/www.cisa-arica.cl\/wp1\/wp-content\/uploads\/2024\/10\/ASISTENTE-DE-LA-EDUCACION.png?resize=350%2C200&ssl=1","width":350,"height":200,"srcset":"https:\/\/i0.wp.com\/www.cisa-arica.cl\/wp1\/wp-content\/uploads\/2024\/10\/ASISTENTE-DE-LA-EDUCACION.png?resize=350%2C200&ssl=1 1x, https:\/\/i0.wp.com\/www.cisa-arica.cl\/wp1\/wp-content\/uploads\/2024\/10\/ASISTENTE-DE-LA-EDUCACION.png?resize=525%2C300&ssl=1 1.5x"},"classes":[]},{"id":26945,"url":"https:\/\/www.cisa-arica.cl\/wp1\/2024\/10\/15\/26945\/","url_meta":{"origin":13188,"position":3},"title":"Pasacalle Cisa 90 a\u00f1os","author":"Jeannette Rivera","date":"15 de Octubre de 2024","format":false,"excerpt":"El lunes 14 de Octubre estudiantes de Educaci\u00f3n Parvularia, representantes del Ceal y estudiantes de 4to medio realizaron un pasacalle por 21 de mayo para mostrar la alegr\u00eda italiana y celebrar los 90 a\u00f1os de servicio educacional a la comunidad de nuestro Colegio Italiano Santa Ana. Las estudiantes fueron acompa\u00f1adas\u2026","rel":"","context":"Entrada similar ","block_context":{"text":"Entrada similar ","link":""},"img":{"alt_text":"","src":"https:\/\/i0.wp.com\/www.cisa-arica.cl\/wp1\/wp-content\/uploads\/2024\/10\/IMG_6797-scaled.jpg?resize=350%2C200&ssl=1","width":350,"height":200,"srcset":"https:\/\/i0.wp.com\/www.cisa-arica.cl\/wp1\/wp-content\/uploads\/2024\/10\/IMG_6797-scaled.jpg?resize=350%2C200&ssl=1 1x, https:\/\/i0.wp.com\/www.cisa-arica.cl\/wp1\/wp-content\/uploads\/2024\/10\/IMG_6797-scaled.jpg?resize=525%2C300&ssl=1 1.5x, https:\/\/i0.wp.com\/www.cisa-arica.cl\/wp1\/wp-content\/uploads\/2024\/10\/IMG_6797-scaled.jpg?resize=700%2C400&ssl=1 2x, https:\/\/i0.wp.com\/www.cisa-arica.cl\/wp1\/wp-content\/uploads\/2024\/10\/IMG_6797-scaled.jpg?resize=1050%2C600&ssl=1 3x, https:\/\/i0.wp.com\/www.cisa-arica.cl\/wp1\/wp-content\/uploads\/2024\/10\/IMG_6797-scaled.jpg?resize=1400%2C800&ssl=1 4x"},"classes":[]},{"id":29028,"url":"https:\/\/www.cisa-arica.cl\/wp1\/2025\/10\/01\/feliz-dia-asistente-de-la-educacion-cisa\/","url_meta":{"origin":13188,"position":4},"title":"Feliz d\u00eda Asistente de la Educaci\u00f3n Cisa","author":"Jeannette Rivera","date":"1 de Octubre de 2025","format":false,"excerpt":"Hoy 1\u00ba de Octubre, queremos expresar nuestro m\u00e1s sincero reconocimiento a todos los Asistentes de la Educaci\u00f3n del Colegio Italiano Santa Ana de Arica.Su dedicaci\u00f3n, compromiso y entrega diaria son un pilar fundamental para el desarrollo integral de cada estudiantes y para el buen funcionamiento de nuestra comunidad educativa. Gracias\u2026","rel":"","context":"Entrada similar ","block_context":{"text":"Entrada similar ","link":""},"img":{"alt_text":"","src":"https:\/\/i0.wp.com\/www.cisa-arica.cl\/wp1\/wp-content\/uploads\/2025\/10\/ASISTENTE-DE-LA-EDUCACION.-2.png?resize=350%2C200&ssl=1","width":350,"height":200,"srcset":"https:\/\/i0.wp.com\/www.cisa-arica.cl\/wp1\/wp-content\/uploads\/2025\/10\/ASISTENTE-DE-LA-EDUCACION.-2.png?resize=350%2C200&ssl=1 1x, https:\/\/i0.wp.com\/www.cisa-arica.cl\/wp1\/wp-content\/uploads\/2025\/10\/ASISTENTE-DE-LA-EDUCACION.-2.png?resize=525%2C300&ssl=1 1.5x, https:\/\/i0.wp.com\/www.cisa-arica.cl\/wp1\/wp-content\/uploads\/2025\/10\/ASISTENTE-DE-LA-EDUCACION.-2.png?resize=700%2C400&ssl=1 2x"},"classes":[]},{"id":14676,"url":"https:\/\/www.cisa-arica.cl\/wp1\/2021\/12\/23\/graduacion-kinder-b\/","url_meta":{"origin":13188,"position":5},"title":"Graduaci\u00f3n Kinder B","author":"CISA","date":"23 de Diciembre de 2021","format":false,"excerpt":"Estimada Comunidad Educativa: Felicitamos a nuestras alumnas del Kinder B, quienes celebraron su graduaci\u00f3n de Educaci\u00f3n Parvularia y su paso a la Educaci\u00f3n B\u00e1sica el pasado Jueves 23 de diciembre, en una ceremonia acompa\u00f1adas de sus padres y seres queridos. \u00a1Felicitaciones! Colegio Italiano Santa Ana","rel":"","context":"Entrada similar ","block_context":{"text":"Entrada similar ","link":""},"img":{"alt_text":"","src":"https:\/\/i0.wp.com\/www.cisa-arica.cl\/wp1\/wp-content\/uploads\/2021\/12\/DSC_4002.jpg?resize=350%2C200&ssl=1","width":350,"height":200,"srcset":"https:\/\/i0.wp.com\/www.cisa-arica.cl\/wp1\/wp-content\/uploads\/2021\/12\/DSC_4002.jpg?resize=350%2C200&ssl=1 1x, https:\/\/i0.wp.com\/www.cisa-arica.cl\/wp1\/wp-content\/uploads\/2021\/12\/DSC_4002.jpg?resize=525%2C300&ssl=1 1.5x, https:\/\/i0.wp.com\/www.cisa-arica.cl\/wp1\/wp-content\/uploads\/2021\/12\/DSC_4002.jpg?resize=700%2C400&ssl=1 2x, https:\/\/i0.wp.com\/www.cisa-arica.cl\/wp1\/wp-content\/uploads\/2021\/12\/DSC_4002.jpg?resize=1050%2C600&ssl=1 3x, https:\/\/i0.wp.com\/www.cisa-arica.cl\/wp1\/wp-content\/uploads\/2021\/12\/DSC_4002.jpg?resize=1400%2C800&ssl=1 4x"},"classes":[]}],"_links":{"self":[{"href":"https:\/\/www.cisa-arica.cl\/wp1\/wp-json\/wp\/v2\/posts\/13188","targetHints":{"allow":["GET"]}}],"collection":[{"href":"https:\/\/www.cisa-arica.cl\/wp1\/wp-json\/wp\/v2\/posts"}],"about":[{"href":"https:\/\/www.cisa-arica.cl\/wp1\/wp-json\/wp\/v2\/types\/post"}],"author":[{"embeddable":true,"href":"https:\/\/www.cisa-arica.cl\/wp1\/wp-json\/wp\/v2\/users\/5"}],"replies":[{"embeddable":true,"href":"https:\/\/www.cisa-arica.cl\/wp1\/wp-json\/wp\/v2\/comments?post=13188"}],"version-history":[{"count":3,"href":"https:\/\/www.cisa-arica.cl\/wp1\/wp-json\/wp\/v2\/posts\/13188\/revisions"}],"predecessor-version":[{"id":13203,"href":"https:\/\/www.cisa-arica.cl\/wp1\/wp-json\/wp\/v2\/posts\/13188\/revisions\/13203"}],"wp:featuredmedia":[{"embeddable":true,"href":"https:\/\/www.cisa-arica.cl\/wp1\/wp-json\/wp\/v2\/media\/13189"}],"wp:attachment":[{"href":"https:\/\/www.cisa-arica.cl\/wp1\/wp-json\/wp\/v2\/media?parent=13188"}],"wp:term":[{"taxonomy":"category","embeddable":true,"href":"https:\/\/www.cisa-arica.cl\/wp1\/wp-json\/wp\/v2\/categories?post=13188"},{"taxonomy":"post_tag","embeddable":true,"href":"https:\/\/www.cisa-arica.cl\/wp1\/wp-json\/wp\/v2\/tags?post=13188"}],"curies":[{"name":"wp","href":"https:\/\/api.w.org\/{rel}","templated":true}]}}