{"id":13167,"date":"2021-09-27T13:24:22","date_gmt":"2021-09-27T17:24:22","guid":{"rendered":"http:\/\/www.cisa-arica.cl\/wp1\/?p=13167"},"modified":"2021-09-27T13:24:22","modified_gmt":"2021-09-27T17:24:22","slug":"2o-encuentro-de-jovenes-confirmacion","status":"publish","type":"post","link":"https:\/\/www.cisa-arica.cl\/wp1\/2021\/09\/27\/2o-encuentro-de-jovenes-confirmacion\/","title":{"rendered":"2\u00ba Encuentro de J\u00f3venes Confirmaci\u00f3n"},"content":{"rendered":"<p>Familia Santa Ana:<\/p>\n<p>El pasado viernes 24 de Septiembre celebramos el &#8220;2do Encuentro de J\u00f3venes de Confirmaci\u00f3n&#8221;, organizado en conjunto por los Colegios Santa Ana de Arica y Santiago. En la alegr\u00eda de la juventud nos reunimos para compartir la fe, dando pasos firmes en este hermoso camino con Cristo.<\/p>\n<p>Equipo Pastoral<\/p>\n<div style=\"width: 640px;\" class=\"wp-video\"><video class=\"wp-video-shortcode\" id=\"video-13167-1\" width=\"640\" height=\"352\" preload=\"metadata\" controls=\"controls\"><source type=\"video\/mp4\" src=\"http:\/\/www.cisa-arica.cl\/wp1\/wp-content\/uploads\/2021\/09\/2o-encuentro.mp4?_=1\" \/><a href=\"http:\/\/www.cisa-arica.cl\/wp1\/wp-content\/uploads\/2021\/09\/2o-encuentro.mp4\">http:\/\/www.cisa-arica.cl\/wp1\/wp-content\/uploads\/2021\/09\/2o-encuentro.mp4<\/a><\/video><\/div>\n","protected":false},"excerpt":{"rendered":"<p>Familia Santa Ana: El pasado viernes 24 de Septiembre celebramos el &#8220;2do Encuentro de J\u00f3venes de Confirmaci\u00f3n&#8221;, organizado en conjunto por los Colegios Santa Ana de Arica y Santiago. En la alegr\u00eda de la juventud nos reunimos para compartir la fe, dando pasos firmes en este hermoso camino con Cristo. Equipo Pastoral<\/p>\n","protected":false},"author":5,"featured_media":13168,"comment_status":"closed","ping_status":"open","sticky":false,"template":"","format":"standard","meta":{"_jetpack_memberships_contains_paid_content":false,"footnotes":"","jetpack_publicize_message":"","jetpack_publicize_feature_enabled":true,"jetpack_social_post_already_shared":true,"jetpack_social_options":{"image_generator_settings":{"template":"highway","default_image_id":0,"font":"","enabled":false},"version":2}},"categories":[16],"tags":[],"class_list":["post-13167","post","type-post","status-publish","format-standard","has-post-thumbnail","hentry","category-pastoral"],"jetpack_publicize_connections":[],"jetpack_featured_media_url":"https:\/\/www.cisa-arica.cl\/wp1\/wp-content\/uploads\/2021\/09\/Screenshot_2-1.png","jetpack_sharing_enabled":true,"jetpack_shortlink":"https:\/\/wp.me\/p84wcz-3qn","jetpack-related-posts":[{"id":12987,"url":"https:\/\/www.cisa-arica.cl\/wp1\/2021\/08\/31\/1er-encuentro-mensual-de-jovenes-confirmacion-arica-santiago\/","url_meta":{"origin":13167,"position":0},"title":"1er Encuentro Mensual de J\u00f3venes Confirmaci\u00f3n Arica-Santiago","author":"Jeannette Rivera","date":"31 de Agosto de 2021","format":false,"excerpt":"Estimada Familia Santa Ana: El pasado viernes 27 de Agosto el Equipo Pastoral Santa Ana celebr\u00f3 junto a nuestras estudiantes el primer \"Encuentro Juvenil de Confirmaci\u00f3n\", que reuni\u00f3 a estudiantes de los Colegio Santa Ana de Arica y Santa Ana de Santiago. Equipo Pastoral CISA \u00a0 \u00a0","rel":"","context":"En &quot;Pastoral&quot;","block_context":{"text":"Pastoral","link":"https:\/\/www.cisa-arica.cl\/wp1\/category\/pastoral\/"},"img":{"alt_text":"","src":"https:\/\/i0.wp.com\/www.cisa-arica.cl\/wp1\/wp-content\/uploads\/2021\/08\/Screenshot_2.png?resize=350%2C200&ssl=1","width":350,"height":200,"srcset":"https:\/\/i0.wp.com\/www.cisa-arica.cl\/wp1\/wp-content\/uploads\/2021\/08\/Screenshot_2.png?resize=350%2C200&ssl=1 1x, https:\/\/i0.wp.com\/www.cisa-arica.cl\/wp1\/wp-content\/uploads\/2021\/08\/Screenshot_2.png?resize=525%2C300&ssl=1 1.5x, https:\/\/i0.wp.com\/www.cisa-arica.cl\/wp1\/wp-content\/uploads\/2021\/08\/Screenshot_2.png?resize=700%2C400&ssl=1 2x"},"classes":[]},{"id":14233,"url":"https:\/\/www.cisa-arica.cl\/wp1\/2021\/12\/06\/sacramentos-de-confirmacion-y-primera-comunion-2\/","url_meta":{"origin":13167,"position":1},"title":"Sacramentos de Confirmaci\u00f3n y Primera Comuni\u00f3n","author":"Jeannette Rivera","date":"6 de Diciembre de 2021","format":false,"excerpt":"Estimada Comunidad Santa Ana: El Viernes 03 de Diciembre, Con el coraz\u00f3n lleno de gratitud y esperanza nos acercamos al altar para celebrar los sacramentos de estos j\u00f3venes que han decidido caminar con Jes\u00fas el camino de la vida. Que nuestra Madre Mar\u00eda Sant\u00edsima les lleve siempre hasta Jes\u00fas y\u2026","rel":"","context":"En &quot;galeria&quot;","block_context":{"text":"galeria","link":"https:\/\/www.cisa-arica.cl\/wp1\/category\/galeria\/"},"img":{"alt_text":"","src":"https:\/\/i0.wp.com\/www.cisa-arica.cl\/wp1\/wp-content\/uploads\/2021\/12\/DSC_2239.jpg?resize=350%2C200&ssl=1","width":350,"height":200,"srcset":"https:\/\/i0.wp.com\/www.cisa-arica.cl\/wp1\/wp-content\/uploads\/2021\/12\/DSC_2239.jpg?resize=350%2C200&ssl=1 1x, https:\/\/i0.wp.com\/www.cisa-arica.cl\/wp1\/wp-content\/uploads\/2021\/12\/DSC_2239.jpg?resize=525%2C300&ssl=1 1.5x, https:\/\/i0.wp.com\/www.cisa-arica.cl\/wp1\/wp-content\/uploads\/2021\/12\/DSC_2239.jpg?resize=700%2C400&ssl=1 2x, https:\/\/i0.wp.com\/www.cisa-arica.cl\/wp1\/wp-content\/uploads\/2021\/12\/DSC_2239.jpg?resize=1050%2C600&ssl=1 3x, https:\/\/i0.wp.com\/www.cisa-arica.cl\/wp1\/wp-content\/uploads\/2021\/12\/DSC_2239.jpg?resize=1400%2C800&ssl=1 4x"},"classes":[]},{"id":13937,"url":"https:\/\/www.cisa-arica.cl\/wp1\/2021\/11\/29\/retiro-de-confirmacion-2021\/","url_meta":{"origin":13167,"position":2},"title":"Retiro de Confirmaci\u00f3n 2021","author":"Jeannette Rivera","date":"29 de Noviembre de 2021","format":false,"excerpt":"Estimada Comunidad Educativa: Este fin de semana se vivi\u00f3 una hermosa jornada de retiro junto a nuestros j\u00f3venes de Catequesis de Confirmaci\u00f3n. En la alegr\u00eda de compartir y hacer fraternidad Dios nos moldea y acompa\u00f1a nuestra vida de fe Cristiana, abri\u00e9ndose paso la amistad y vida comunitaria. Que el Esp\u00edritu\u2026","rel":"","context":"En &quot;galeria&quot;","block_context":{"text":"galeria","link":"https:\/\/www.cisa-arica.cl\/wp1\/category\/galeria\/"},"img":{"alt_text":"","src":"https:\/\/i0.wp.com\/www.cisa-arica.cl\/wp1\/wp-content\/uploads\/2021\/11\/020.jpg?resize=350%2C200&ssl=1","width":350,"height":200,"srcset":"https:\/\/i0.wp.com\/www.cisa-arica.cl\/wp1\/wp-content\/uploads\/2021\/11\/020.jpg?resize=350%2C200&ssl=1 1x, https:\/\/i0.wp.com\/www.cisa-arica.cl\/wp1\/wp-content\/uploads\/2021\/11\/020.jpg?resize=525%2C300&ssl=1 1.5x, https:\/\/i0.wp.com\/www.cisa-arica.cl\/wp1\/wp-content\/uploads\/2021\/11\/020.jpg?resize=700%2C400&ssl=1 2x, https:\/\/i0.wp.com\/www.cisa-arica.cl\/wp1\/wp-content\/uploads\/2021\/11\/020.jpg?resize=1050%2C600&ssl=1 3x"},"classes":[]},{"id":15918,"url":"https:\/\/www.cisa-arica.cl\/wp1\/2022\/05\/25\/encuentro-de-grupo-pastoral-misioneras\/","url_meta":{"origin":13167,"position":3},"title":"Encuentro de grupo Pastoral Misioneras","author":"Jeannette Rivera","date":"25 de Mayo de 2022","format":false,"excerpt":"J\u00f3venes del Grupo Pastoral Misioneras de la Esperanza de nuestro colegio, participaron de la tradicional celebraci\u00f3n de la SANTA CRUZ DE MAYO, junto a la comunidad de la Capilla Juan Pablo II, en la Quebrada de Acha. Las estudiantes pudieron compartir con entusiasmo y fe de este nuevo encuentro religioso.","rel":"","context":"Entrada similar ","block_context":{"text":"Entrada similar ","link":""},"img":{"alt_text":"","src":"https:\/\/i0.wp.com\/www.cisa-arica.cl\/wp1\/wp-content\/uploads\/2022\/05\/WhatsApp-Image-2022-05-24-at-9.28.09-PM-3-1.jpeg?resize=350%2C200&ssl=1","width":350,"height":200,"srcset":"https:\/\/i0.wp.com\/www.cisa-arica.cl\/wp1\/wp-content\/uploads\/2022\/05\/WhatsApp-Image-2022-05-24-at-9.28.09-PM-3-1.jpeg?resize=350%2C200&ssl=1 1x, https:\/\/i0.wp.com\/www.cisa-arica.cl\/wp1\/wp-content\/uploads\/2022\/05\/WhatsApp-Image-2022-05-24-at-9.28.09-PM-3-1.jpeg?resize=525%2C300&ssl=1 1.5x, https:\/\/i0.wp.com\/www.cisa-arica.cl\/wp1\/wp-content\/uploads\/2022\/05\/WhatsApp-Image-2022-05-24-at-9.28.09-PM-3-1.jpeg?resize=700%2C400&ssl=1 2x, https:\/\/i0.wp.com\/www.cisa-arica.cl\/wp1\/wp-content\/uploads\/2022\/05\/WhatsApp-Image-2022-05-24-at-9.28.09-PM-3-1.jpeg?resize=1050%2C600&ssl=1 3x"},"classes":[]},{"id":12428,"url":"https:\/\/www.cisa-arica.cl\/wp1\/2021\/05\/04\/encuentro-de-oracion-pascua-madre-rosa-gattorno\/","url_meta":{"origin":13167,"position":4},"title":"Encuentro de Oraci\u00f3n Pascua Madre Rosa Gattorno","author":"Jeannette Rivera","date":"4 de Mayo de 2021","format":false,"excerpt":"Ayer Lunes 04 de mayo se reuni\u00f3 la comunidad educativa del Colegio Italiano Santa Ana de Arica y Colegio Santa Ana de Santiago; para hacer oraci\u00f3n en torno a nuestra Madre Rosa Gattorno, fundadora de la Congregaci\u00f3n Hijas de Santa Ana. Conmemorando su paso al cielo junto a Dios. Agredeciendo\u2026","rel":"","context":"En &quot;Pastoral&quot;","block_context":{"text":"Pastoral","link":"https:\/\/www.cisa-arica.cl\/wp1\/category\/pastoral\/"},"img":{"alt_text":"","src":"https:\/\/i0.wp.com\/www.cisa-arica.cl\/wp1\/wp-content\/uploads\/2021\/05\/WhatsApp-Image-2021-05-03-at-11.55.39.jpeg?resize=350%2C200&ssl=1","width":350,"height":200},"classes":[]},{"id":11827,"url":"https:\/\/www.cisa-arica.cl\/wp1\/2020\/12\/08\/confirmacion-2020\/","url_meta":{"origin":13167,"position":5},"title":"Confirmaci\u00f3n 2020","author":"Jeannette Rivera","date":"8 de Diciembre de 2020","format":false,"excerpt":"Ayer lunes 7 de diciembre, la Iglesia y nuestra comunidad Educativa se alegra por la celebraci\u00f3n del Sacramento de la Confirmaci\u00f3n de nuestra querida estudiante Ignacia Cort\u00e9s del 2\u00b0 medio B.A pesar de las adversidades, su convicci\u00f3n y anhelos de confirmar su fe fueron m\u00e1s fuertes. FELICIDADES. Equipo Pastoral CISA","rel":"","context":"En &quot;Pastoral&quot;","block_context":{"text":"Pastoral","link":"https:\/\/www.cisa-arica.cl\/wp1\/category\/pastoral\/"},"img":{"alt_text":"","src":"https:\/\/i0.wp.com\/www.cisa-arica.cl\/wp1\/wp-content\/uploads\/2020\/12\/caty.png?resize=350%2C200&ssl=1","width":350,"height":200},"classes":[]}],"_links":{"self":[{"href":"https:\/\/www.cisa-arica.cl\/wp1\/wp-json\/wp\/v2\/posts\/13167","targetHints":{"allow":["GET"]}}],"collection":[{"href":"https:\/\/www.cisa-arica.cl\/wp1\/wp-json\/wp\/v2\/posts"}],"about":[{"href":"https:\/\/www.cisa-arica.cl\/wp1\/wp-json\/wp\/v2\/types\/post"}],"author":[{"embeddable":true,"href":"https:\/\/www.cisa-arica.cl\/wp1\/wp-json\/wp\/v2\/users\/5"}],"replies":[{"embeddable":true,"href":"https:\/\/www.cisa-arica.cl\/wp1\/wp-json\/wp\/v2\/comments?post=13167"}],"version-history":[{"count":1,"href":"https:\/\/www.cisa-arica.cl\/wp1\/wp-json\/wp\/v2\/posts\/13167\/revisions"}],"predecessor-version":[{"id":13169,"href":"https:\/\/www.cisa-arica.cl\/wp1\/wp-json\/wp\/v2\/posts\/13167\/revisions\/13169"}],"wp:featuredmedia":[{"embeddable":true,"href":"https:\/\/www.cisa-arica.cl\/wp1\/wp-json\/wp\/v2\/media\/13168"}],"wp:attachment":[{"href":"https:\/\/www.cisa-arica.cl\/wp1\/wp-json\/wp\/v2\/media?parent=13167"}],"wp:term":[{"taxonomy":"category","embeddable":true,"href":"https:\/\/www.cisa-arica.cl\/wp1\/wp-json\/wp\/v2\/categories?post=13167"},{"taxonomy":"post_tag","embeddable":true,"href":"https:\/\/www.cisa-arica.cl\/wp1\/wp-json\/wp\/v2\/tags?post=13167"}],"curies":[{"name":"wp","href":"https:\/\/api.w.org\/{rel}","templated":true}]}}