{"id":13138,"date":"2021-09-20T11:05:49","date_gmt":"2021-09-20T15:05:49","guid":{"rendered":"http:\/\/www.cisa-arica.cl\/wp1\/?p=13138"},"modified":"2021-09-20T11:06:00","modified_gmt":"2021-09-20T15:06:00","slug":"recorriendo-chile-con-el-cisa-%f0%9f%87%a8%f0%9f%87%b1","status":"publish","type":"post","link":"https:\/\/www.cisa-arica.cl\/wp1\/2021\/09\/20\/recorriendo-chile-con-el-cisa-%f0%9f%87%a8%f0%9f%87%b1\/","title":{"rendered":"Recorriendo Chile con el CISA &#x1f1e8;&#x1f1f1;"},"content":{"rendered":"<p>Estimada Comunidad Santa Ana:<\/p>\n<p>En este mes de la patria, nuestras profesores, educadoras y asistentes de aula quieren presentar un regalo para el colegio, el cual fue preparado con mucho cari\u00f1o y esmero para mostrar nuestro riqu\u00edsimo folclor y la gran diversidad cultural, de m\u00fasica y danza que define a nuestro pa\u00eds.<\/p>\n<p>Que lo disfruten.<\/p>\n<p>\u00a0<\/p>\n\n\n<figure class=\"wp-block-embed is-type-video is-provider-youtube wp-block-embed-youtube wp-embed-aspect-16-9 wp-has-aspect-ratio\"><div class=\"wp-block-embed__wrapper\">\n<iframe loading=\"lazy\"  id=\"_ytid_69806\"  width=\"800\" height=\"450\"  data-origwidth=\"800\" data-origheight=\"450\" src=\"https:\/\/www.youtube.com\/embed\/6zSR-6xlCHk?enablejsapi=1&#038;autoplay=0&#038;cc_load_policy=0&#038;cc_lang_pref=&#038;iv_load_policy=1&#038;loop=0&#038;rel=1&#038;fs=1&#038;playsinline=0&#038;autohide=2&#038;theme=dark&#038;color=red&#038;controls=1&#038;disablekb=0&#038;\" class=\"__youtube_prefs__  epyt-is-override  no-lazyload\" title=\"YouTube player\"  allow=\"fullscreen; accelerometer; autoplay; clipboard-write; encrypted-media; gyroscope; picture-in-picture; web-share\" referrerpolicy=\"strict-origin-when-cross-origin\" allowfullscreen data-no-lazy=\"1\" data-skipgform_ajax_framebjll=\"\"><\/iframe>\n<\/div><\/figure>\n\n\n\n<figure class=\"wp-block-embed is-type-video is-provider-youtube wp-block-embed-youtube wp-embed-aspect-16-9 wp-has-aspect-ratio\"><div class=\"wp-block-embed__wrapper\">\n<iframe loading=\"lazy\"  id=\"_ytid_40601\"  width=\"800\" height=\"450\"  data-origwidth=\"800\" data-origheight=\"450\" src=\"https:\/\/www.youtube.com\/embed\/T_MJjTQR5ZU?enablejsapi=1&#038;autoplay=0&#038;cc_load_policy=0&#038;cc_lang_pref=&#038;iv_load_policy=1&#038;loop=0&#038;rel=1&#038;fs=1&#038;playsinline=0&#038;autohide=2&#038;theme=dark&#038;color=red&#038;controls=1&#038;disablekb=0&#038;\" class=\"__youtube_prefs__  epyt-is-override  no-lazyload\" title=\"YouTube player\"  allow=\"fullscreen; accelerometer; autoplay; clipboard-write; encrypted-media; gyroscope; picture-in-picture; web-share\" referrerpolicy=\"strict-origin-when-cross-origin\" allowfullscreen data-no-lazy=\"1\" data-skipgform_ajax_framebjll=\"\"><\/iframe>\n<\/div><\/figure>\n\n\n\n<figure class=\"wp-block-gallery columns-3 is-cropped wp-block-gallery-1 is-layout-flex wp-block-gallery-is-layout-flex\"><ul class=\"blocks-gallery-grid\"><li class=\"blocks-gallery-item\"><figure><img loading=\"lazy\" decoding=\"async\" width=\"480\" height=\"600\" data-attachment-id=\"13139\" data-permalink=\"https:\/\/www.cisa-arica.cl\/wp1\/2021\/09\/20\/recorriendo-chile-con-el-cisa-%f0%9f%87%a8%f0%9f%87%b1\/e\/\" data-orig-file=\"https:\/\/www.cisa-arica.cl\/wp1\/wp-content\/uploads\/2021\/09\/e.jpg\" data-orig-size=\"1280,1600\" data-comments-opened=\"0\" data-image-meta=\"{&quot;aperture&quot;:&quot;0&quot;,&quot;credit&quot;:&quot;&quot;,&quot;camera&quot;:&quot;&quot;,&quot;caption&quot;:&quot;&quot;,&quot;created_timestamp&quot;:&quot;0&quot;,&quot;copyright&quot;:&quot;&quot;,&quot;focal_length&quot;:&quot;0&quot;,&quot;iso&quot;:&quot;0&quot;,&quot;shutter_speed&quot;:&quot;0&quot;,&quot;title&quot;:&quot;&quot;,&quot;orientation&quot;:&quot;0&quot;}\" data-image-title=\"e\" data-image-description=\"\" data-image-caption=\"\" data-large-file=\"https:\/\/www.cisa-arica.cl\/wp1\/wp-content\/uploads\/2021\/09\/e-480x600.jpg\" src=\"http:\/\/www.cisa-arica.cl\/wp1\/wp-content\/uploads\/2021\/09\/e-480x600.jpg\" alt=\"\" data-id=\"13139\" data-full-url=\"http:\/\/www.cisa-arica.cl\/wp1\/wp-content\/uploads\/2021\/09\/e.jpg\" data-link=\"http:\/\/www.cisa-arica.cl\/wp1\/?attachment_id=13139\" class=\"wp-image-13139\" srcset=\"https:\/\/www.cisa-arica.cl\/wp1\/wp-content\/uploads\/2021\/09\/e-480x600.jpg 480w, https:\/\/www.cisa-arica.cl\/wp1\/wp-content\/uploads\/2021\/09\/e-240x300.jpg 240w, https:\/\/www.cisa-arica.cl\/wp1\/wp-content\/uploads\/2021\/09\/e-768x960.jpg 768w, https:\/\/www.cisa-arica.cl\/wp1\/wp-content\/uploads\/2021\/09\/e-1229x1536.jpg 1229w, https:\/\/www.cisa-arica.cl\/wp1\/wp-content\/uploads\/2021\/09\/e.jpg 1280w\" sizes=\"auto, (max-width: 480px) 100vw, 480px\" \/><\/figure><\/li><li class=\"blocks-gallery-item\"><figure><img loading=\"lazy\" decoding=\"async\" width=\"600\" height=\"353\" data-attachment-id=\"13140\" data-permalink=\"https:\/\/www.cisa-arica.cl\/wp1\/2021\/09\/20\/recorriendo-chile-con-el-cisa-%f0%9f%87%a8%f0%9f%87%b1\/d\/\" data-orig-file=\"https:\/\/www.cisa-arica.cl\/wp1\/wp-content\/uploads\/2021\/09\/d.jpg\" data-orig-size=\"1600,940\" data-comments-opened=\"0\" data-image-meta=\"{&quot;aperture&quot;:&quot;0&quot;,&quot;credit&quot;:&quot;&quot;,&quot;camera&quot;:&quot;&quot;,&quot;caption&quot;:&quot;&quot;,&quot;created_timestamp&quot;:&quot;0&quot;,&quot;copyright&quot;:&quot;&quot;,&quot;focal_length&quot;:&quot;0&quot;,&quot;iso&quot;:&quot;0&quot;,&quot;shutter_speed&quot;:&quot;0&quot;,&quot;title&quot;:&quot;&quot;,&quot;orientation&quot;:&quot;0&quot;}\" data-image-title=\"d\" data-image-description=\"\" data-image-caption=\"\" data-large-file=\"https:\/\/www.cisa-arica.cl\/wp1\/wp-content\/uploads\/2021\/09\/d-600x353.jpg\" src=\"http:\/\/www.cisa-arica.cl\/wp1\/wp-content\/uploads\/2021\/09\/d-600x353.jpg\" alt=\"\" data-id=\"13140\" data-full-url=\"http:\/\/www.cisa-arica.cl\/wp1\/wp-content\/uploads\/2021\/09\/d.jpg\" data-link=\"http:\/\/www.cisa-arica.cl\/wp1\/?attachment_id=13140\" class=\"wp-image-13140\" srcset=\"https:\/\/www.cisa-arica.cl\/wp1\/wp-content\/uploads\/2021\/09\/d-600x353.jpg 600w, https:\/\/www.cisa-arica.cl\/wp1\/wp-content\/uploads\/2021\/09\/d-300x176.jpg 300w, https:\/\/www.cisa-arica.cl\/wp1\/wp-content\/uploads\/2021\/09\/d-768x451.jpg 768w, https:\/\/www.cisa-arica.cl\/wp1\/wp-content\/uploads\/2021\/09\/d-1536x902.jpg 1536w, https:\/\/www.cisa-arica.cl\/wp1\/wp-content\/uploads\/2021\/09\/d.jpg 1600w\" sizes=\"auto, (max-width: 600px) 100vw, 600px\" \/><\/figure><\/li><li class=\"blocks-gallery-item\"><figure><img loading=\"lazy\" decoding=\"async\" width=\"600\" height=\"535\" data-attachment-id=\"13141\" data-permalink=\"https:\/\/www.cisa-arica.cl\/wp1\/2021\/09\/20\/recorriendo-chile-con-el-cisa-%f0%9f%87%a8%f0%9f%87%b1\/a\/\" data-orig-file=\"https:\/\/www.cisa-arica.cl\/wp1\/wp-content\/uploads\/2021\/09\/a.jpg\" data-orig-size=\"1280,1142\" data-comments-opened=\"0\" data-image-meta=\"{&quot;aperture&quot;:&quot;0&quot;,&quot;credit&quot;:&quot;&quot;,&quot;camera&quot;:&quot;&quot;,&quot;caption&quot;:&quot;&quot;,&quot;created_timestamp&quot;:&quot;0&quot;,&quot;copyright&quot;:&quot;&quot;,&quot;focal_length&quot;:&quot;0&quot;,&quot;iso&quot;:&quot;0&quot;,&quot;shutter_speed&quot;:&quot;0&quot;,&quot;title&quot;:&quot;&quot;,&quot;orientation&quot;:&quot;0&quot;}\" data-image-title=\"a\" data-image-description=\"\" data-image-caption=\"\" data-large-file=\"https:\/\/www.cisa-arica.cl\/wp1\/wp-content\/uploads\/2021\/09\/a-600x535.jpg\" src=\"http:\/\/www.cisa-arica.cl\/wp1\/wp-content\/uploads\/2021\/09\/a-600x535.jpg\" alt=\"\" data-id=\"13141\" data-full-url=\"http:\/\/www.cisa-arica.cl\/wp1\/wp-content\/uploads\/2021\/09\/a.jpg\" data-link=\"http:\/\/www.cisa-arica.cl\/wp1\/?attachment_id=13141\" class=\"wp-image-13141\" srcset=\"https:\/\/www.cisa-arica.cl\/wp1\/wp-content\/uploads\/2021\/09\/a-600x535.jpg 600w, https:\/\/www.cisa-arica.cl\/wp1\/wp-content\/uploads\/2021\/09\/a-300x268.jpg 300w, https:\/\/www.cisa-arica.cl\/wp1\/wp-content\/uploads\/2021\/09\/a-768x685.jpg 768w, https:\/\/www.cisa-arica.cl\/wp1\/wp-content\/uploads\/2021\/09\/a.jpg 1280w\" sizes=\"auto, (max-width: 600px) 100vw, 600px\" \/><\/figure><\/li><\/ul><\/figure>\n","protected":false},"excerpt":{"rendered":"<p>Estimada Comunidad Santa Ana: En este mes de la patria, nuestras profesores, educadoras y asistentes de aula quieren presentar un regalo para el colegio, el cual fue preparado con mucho cari\u00f1o y esmero para mostrar nuestro riqu\u00edsimo folclor y la gran diversidad cultural, de m\u00fasica y danza que define a nuestro pa\u00eds. Que lo disfruten. <a class=\"read-more\" href=\"https:\/\/www.cisa-arica.cl\/wp1\/2021\/09\/20\/recorriendo-chile-con-el-cisa-%f0%9f%87%a8%f0%9f%87%b1\/\">Continuar leyendo<\/a><\/p>\n","protected":false},"author":5,"featured_media":13142,"comment_status":"closed","ping_status":"open","sticky":false,"template":"","format":"standard","meta":{"_jetpack_memberships_contains_paid_content":false,"footnotes":"","jetpack_publicize_message":"","jetpack_publicize_feature_enabled":true,"jetpack_social_post_already_shared":true,"jetpack_social_options":{"image_generator_settings":{"template":"highway","default_image_id":0,"font":"","enabled":false},"version":2}},"categories":[19],"tags":[],"class_list":["post-13138","post","type-post","status-publish","format-standard","has-post-thumbnail","hentry","category-cisa"],"jetpack_publicize_connections":[],"jetpack_featured_media_url":"https:\/\/www.cisa-arica.cl\/wp1\/wp-content\/uploads\/2021\/09\/b.jpg","jetpack_sharing_enabled":true,"jetpack_shortlink":"https:\/\/wp.me\/p84wcz-3pU","jetpack-related-posts":[{"id":29071,"url":"https:\/\/www.cisa-arica.cl\/wp1\/2025\/11\/06\/premio-a-profesora-destacada-cisa\/","url_meta":{"origin":13138,"position":0},"title":"Premio a profesora destacada Cisa","author":"Jeannette Rivera","date":"6 de Noviembre de 2025","format":false,"excerpt":"Como todos los a\u00f1os, nuestro colegio ha destacado a un profesor, y este a\u00f1o esta gran distinci\u00f3n fue para la querida profesora Carola Ram\u00edrez Chang, quien tiene una amplia trayactoria en nuestro colegio como docente de Educaci\u00f3n F\u00edsica. Hace ya unos a\u00f1os, la profesora Carola tambi\u00e9n se ha destacado impartiendo\u2026","rel":"","context":"Entrada similar ","block_context":{"text":"Entrada similar ","link":""},"img":{"alt_text":"","src":"https:\/\/i0.wp.com\/www.cisa-arica.cl\/wp1\/wp-content\/uploads\/2025\/11\/WhatsApp-Image-2025-11-05-at-6.29.49-PM.jpeg?resize=350%2C200&ssl=1","width":350,"height":200,"srcset":"https:\/\/i0.wp.com\/www.cisa-arica.cl\/wp1\/wp-content\/uploads\/2025\/11\/WhatsApp-Image-2025-11-05-at-6.29.49-PM.jpeg?resize=350%2C200&ssl=1 1x, https:\/\/i0.wp.com\/www.cisa-arica.cl\/wp1\/wp-content\/uploads\/2025\/11\/WhatsApp-Image-2025-11-05-at-6.29.49-PM.jpeg?resize=525%2C300&ssl=1 1.5x, https:\/\/i0.wp.com\/www.cisa-arica.cl\/wp1\/wp-content\/uploads\/2025\/11\/WhatsApp-Image-2025-11-05-at-6.29.49-PM.jpeg?resize=700%2C400&ssl=1 2x"},"classes":[]},{"id":15616,"url":"https:\/\/www.cisa-arica.cl\/wp1\/2022\/05\/12\/dia-de-la-estudiante\/","url_meta":{"origin":13138,"position":1},"title":"D\u00eda de la Estudiante","author":"CISA","date":"12 de Mayo de 2022","format":false,"excerpt":"Estimada Comunidad Educativa:Compartimos las im\u00e1genes de nuestro pasado D\u00eda del Estudiante, el cual se celebr\u00f3 el d\u00eda Jueves 12 de mayo, y donde nuestro alumnado comparti\u00f3 animadamente momentos de fiesta y esparcimiento junto a sus profesores. Colegio Italiano Santa Ana","rel":"","context":"Entrada similar ","block_context":{"text":"Entrada similar ","link":""},"img":{"alt_text":"","src":"https:\/\/i0.wp.com\/www.cisa-arica.cl\/wp1\/wp-content\/uploads\/2022\/05\/DSC_7651-1.jpg?resize=350%2C200&ssl=1","width":350,"height":200,"srcset":"https:\/\/i0.wp.com\/www.cisa-arica.cl\/wp1\/wp-content\/uploads\/2022\/05\/DSC_7651-1.jpg?resize=350%2C200&ssl=1 1x, https:\/\/i0.wp.com\/www.cisa-arica.cl\/wp1\/wp-content\/uploads\/2022\/05\/DSC_7651-1.jpg?resize=525%2C300&ssl=1 1.5x, https:\/\/i0.wp.com\/www.cisa-arica.cl\/wp1\/wp-content\/uploads\/2022\/05\/DSC_7651-1.jpg?resize=700%2C400&ssl=1 2x, https:\/\/i0.wp.com\/www.cisa-arica.cl\/wp1\/wp-content\/uploads\/2022\/05\/DSC_7651-1.jpg?resize=1050%2C600&ssl=1 3x"},"classes":[]},{"id":17012,"url":"https:\/\/www.cisa-arica.cl\/wp1\/2022\/08\/26\/campana-solidaria-cisa-2022\/","url_meta":{"origin":13138,"position":2},"title":"Campa\u00f1a y Actividad Solidaria Cisa 2022","author":"Jeannette Rivera","date":"26 de Agosto de 2022","format":false,"excerpt":"Luego de la campa\u00f1a realizada durante este mes, las estudiantes del CEAL y representantes de Segundos B\u00e1sicos. Entregaron lo recaudado al SERVICO JESUITA MIGRANTE.Agradecemos a ellos la posibilidad que nos dan de hacer vida nuestro sello institucional de compromiso social y esperamos que lo reunido sea de mucha ayuda para\u2026","rel":"","context":"Entrada similar ","block_context":{"text":"Entrada similar ","link":""},"img":{"alt_text":"","src":"https:\/\/i0.wp.com\/www.cisa-arica.cl\/wp1\/wp-content\/uploads\/2022\/08\/D184D794-2843-4469-BA31-CEC7BFB74C5D.jpeg?resize=350%2C200&ssl=1","width":350,"height":200,"srcset":"https:\/\/i0.wp.com\/www.cisa-arica.cl\/wp1\/wp-content\/uploads\/2022\/08\/D184D794-2843-4469-BA31-CEC7BFB74C5D.jpeg?resize=350%2C200&ssl=1 1x, https:\/\/i0.wp.com\/www.cisa-arica.cl\/wp1\/wp-content\/uploads\/2022\/08\/D184D794-2843-4469-BA31-CEC7BFB74C5D.jpeg?resize=525%2C300&ssl=1 1.5x, https:\/\/i0.wp.com\/www.cisa-arica.cl\/wp1\/wp-content\/uploads\/2022\/08\/D184D794-2843-4469-BA31-CEC7BFB74C5D.jpeg?resize=700%2C400&ssl=1 2x, https:\/\/i0.wp.com\/www.cisa-arica.cl\/wp1\/wp-content\/uploads\/2022\/08\/D184D794-2843-4469-BA31-CEC7BFB74C5D.jpeg?resize=1050%2C600&ssl=1 3x, https:\/\/i0.wp.com\/www.cisa-arica.cl\/wp1\/wp-content\/uploads\/2022\/08\/D184D794-2843-4469-BA31-CEC7BFB74C5D.jpeg?resize=1400%2C800&ssl=1 4x"},"classes":[]},{"id":12582,"url":"https:\/\/www.cisa-arica.cl\/wp1\/2021\/05\/28\/dia-del-patrimonio\/","url_meta":{"origin":13138,"position":3},"title":"D\u00eda del Patrimonio","author":"Jeannette Rivera","date":"28 de Mayo de 2021","format":false,"excerpt":"Estimada Comunidad Santa Ana: Este 29 de Mayo celebramos en nuestro pa\u00eds el D\u00eda del Patrimonio, el cual incluye tanto nuestro Patrimonio Cultural como el Patrimonio Natural. El Dpto. de Historia, Geograf\u00eda y Ciencias Sociales del colegio los invita a continuar con una tradici\u00f3n relevante para las comunidades y construir\u2026","rel":"","context":"En &quot;CISA&quot;","block_context":{"text":"CISA","link":"https:\/\/www.cisa-arica.cl\/wp1\/category\/cisa\/"},"img":{"alt_text":"","src":"https:\/\/i0.wp.com\/www.cisa-arica.cl\/wp1\/wp-content\/uploads\/2021\/05\/182484217_10159127566497158_3838530157019137475_n.png?resize=350%2C200&ssl=1","width":350,"height":200,"srcset":"https:\/\/i0.wp.com\/www.cisa-arica.cl\/wp1\/wp-content\/uploads\/2021\/05\/182484217_10159127566497158_3838530157019137475_n.png?resize=350%2C200&ssl=1 1x, https:\/\/i0.wp.com\/www.cisa-arica.cl\/wp1\/wp-content\/uploads\/2021\/05\/182484217_10159127566497158_3838530157019137475_n.png?resize=525%2C300&ssl=1 1.5x, https:\/\/i0.wp.com\/www.cisa-arica.cl\/wp1\/wp-content\/uploads\/2021\/05\/182484217_10159127566497158_3838530157019137475_n.png?resize=700%2C400&ssl=1 2x"},"classes":[]},{"id":8831,"url":"https:\/\/www.cisa-arica.cl\/wp1\/2019\/09\/02\/presentacion-academia-de-ballet-cisa\/","url_meta":{"origin":13138,"position":4},"title":"Presentaci\u00f3n Academia de Ballet CISA","author":"Jeannette Rivera","date":"2 de Septiembre de 2019","format":false,"excerpt":"Las alumnas de la Academia de ballet de nuestro colegio participaron en una gala art\u00edstica organizada por la Academia Maga's en el Mall Plaza Arica, donde nuestras peque\u00f1as mostraron su vena art\u00edstica en una noche llena de color y fantas\u00eda.","rel":"","context":"En &quot;Academias CISA&quot;","block_context":{"text":"Academias CISA","link":"https:\/\/www.cisa-arica.cl\/wp1\/category\/academias-cisa\/"},"img":{"alt_text":"","src":"https:\/\/i0.wp.com\/www.cisa-arica.cl\/wp1\/wp-content\/uploads\/2019\/09\/021.jpeg?resize=350%2C200&ssl=1","width":350,"height":200,"srcset":"https:\/\/i0.wp.com\/www.cisa-arica.cl\/wp1\/wp-content\/uploads\/2019\/09\/021.jpeg?resize=350%2C200&ssl=1 1x, https:\/\/i0.wp.com\/www.cisa-arica.cl\/wp1\/wp-content\/uploads\/2019\/09\/021.jpeg?resize=525%2C300&ssl=1 1.5x, https:\/\/i0.wp.com\/www.cisa-arica.cl\/wp1\/wp-content\/uploads\/2019\/09\/021.jpeg?resize=700%2C400&ssl=1 2x"},"classes":[]},{"id":14443,"url":"https:\/\/www.cisa-arica.cl\/wp1\/2021\/12\/20\/equipo-psicopedagogico-cisa-agradece-este-2021\/","url_meta":{"origin":13138,"position":5},"title":"Equipo Psicopedag\u00f3gico CISA agradece su apoyo","author":"Jeannette Rivera","date":"20 de Diciembre de 2021","format":false,"excerpt":"Familia Santa Ana: El Equipo Psicopedag\u00f3gico de nuestro establecimiento en conjunto con las estudiantes en pr\u00e1ctica han realizado este video de agradecimiento a las familias por todo el apoyo entregado durante este a\u00f1o 2021. Los\u00a0\u00a0invitamos a ver un resumen de lo trabajado este a\u00f1o con sus hijas. \u00a1Muchas Gracias! Equipo\u2026","rel":"","context":"En &quot;CISA&quot;","block_context":{"text":"CISA","link":"https:\/\/www.cisa-arica.cl\/wp1\/category\/cisa\/"},"img":{"alt_text":"","src":"https:\/\/i0.wp.com\/www.cisa-arica.cl\/wp1\/wp-content\/uploads\/2021\/12\/Screenshot_11.jpg?resize=350%2C200&ssl=1","width":350,"height":200,"srcset":"https:\/\/i0.wp.com\/www.cisa-arica.cl\/wp1\/wp-content\/uploads\/2021\/12\/Screenshot_11.jpg?resize=350%2C200&ssl=1 1x, https:\/\/i0.wp.com\/www.cisa-arica.cl\/wp1\/wp-content\/uploads\/2021\/12\/Screenshot_11.jpg?resize=525%2C300&ssl=1 1.5x, https:\/\/i0.wp.com\/www.cisa-arica.cl\/wp1\/wp-content\/uploads\/2021\/12\/Screenshot_11.jpg?resize=700%2C400&ssl=1 2x"},"classes":[]}],"_links":{"self":[{"href":"https:\/\/www.cisa-arica.cl\/wp1\/wp-json\/wp\/v2\/posts\/13138","targetHints":{"allow":["GET"]}}],"collection":[{"href":"https:\/\/www.cisa-arica.cl\/wp1\/wp-json\/wp\/v2\/posts"}],"about":[{"href":"https:\/\/www.cisa-arica.cl\/wp1\/wp-json\/wp\/v2\/types\/post"}],"author":[{"embeddable":true,"href":"https:\/\/www.cisa-arica.cl\/wp1\/wp-json\/wp\/v2\/users\/5"}],"replies":[{"embeddable":true,"href":"https:\/\/www.cisa-arica.cl\/wp1\/wp-json\/wp\/v2\/comments?post=13138"}],"version-history":[{"count":1,"href":"https:\/\/www.cisa-arica.cl\/wp1\/wp-json\/wp\/v2\/posts\/13138\/revisions"}],"predecessor-version":[{"id":13143,"href":"https:\/\/www.cisa-arica.cl\/wp1\/wp-json\/wp\/v2\/posts\/13138\/revisions\/13143"}],"wp:featuredmedia":[{"embeddable":true,"href":"https:\/\/www.cisa-arica.cl\/wp1\/wp-json\/wp\/v2\/media\/13142"}],"wp:attachment":[{"href":"https:\/\/www.cisa-arica.cl\/wp1\/wp-json\/wp\/v2\/media?parent=13138"}],"wp:term":[{"taxonomy":"category","embeddable":true,"href":"https:\/\/www.cisa-arica.cl\/wp1\/wp-json\/wp\/v2\/categories?post=13138"},{"taxonomy":"post_tag","embeddable":true,"href":"https:\/\/www.cisa-arica.cl\/wp1\/wp-json\/wp\/v2\/tags?post=13138"}],"curies":[{"name":"wp","href":"https:\/\/api.w.org\/{rel}","templated":true}]}}