{"id":13134,"date":"2021-09-18T09:00:34","date_gmt":"2021-09-18T13:00:34","guid":{"rendered":"http:\/\/www.cisa-arica.cl\/wp1\/?p=13134"},"modified":"2021-09-17T21:34:31","modified_gmt":"2021-09-18T01:34:31","slug":"saludo-de-fiestas-patrias","status":"publish","type":"post","link":"https:\/\/www.cisa-arica.cl\/wp1\/2021\/09\/18\/saludo-de-fiestas-patrias\/","title":{"rendered":"Saludo de Fiestas Patrias"},"content":{"rendered":"<p>Estimada Comunidad Educativa:<\/p>\n<p>Junto con saludarlos y esperando que se encuentren muy bien, hoy 18 de septiembre conmemoramos a nuestro pa\u00eds que cumple 211 a\u00f1os y el Personal de Aseo y Mantenci\u00f3n del Colegio Italiano Santa Ana se suma a esta celebraci\u00f3n regal\u00e1ndonos un pie de cueca saludando a Chile &#x1f1e8;&#x1f1f1;.<\/p>\n<p>\u00a1Felices Fiestas Patrias, querida Comunidad Santa Ana!<\/p>\n<p><img loading=\"lazy\" decoding=\"async\" data-attachment-id=\"13135\" data-permalink=\"https:\/\/www.cisa-arica.cl\/wp1\/2021\/09\/18\/saludo-de-fiestas-patrias\/img-20210911-wa0019\/\" data-orig-file=\"https:\/\/www.cisa-arica.cl\/wp1\/wp-content\/uploads\/2021\/09\/IMG-20210911-WA0019.jpg\" data-orig-size=\"1600,1200\" data-comments-opened=\"0\" data-image-meta=\"{&quot;aperture&quot;:&quot;0&quot;,&quot;credit&quot;:&quot;&quot;,&quot;camera&quot;:&quot;&quot;,&quot;caption&quot;:&quot;&quot;,&quot;created_timestamp&quot;:&quot;0&quot;,&quot;copyright&quot;:&quot;&quot;,&quot;focal_length&quot;:&quot;0&quot;,&quot;iso&quot;:&quot;0&quot;,&quot;shutter_speed&quot;:&quot;0&quot;,&quot;title&quot;:&quot;&quot;,&quot;orientation&quot;:&quot;0&quot;}\" data-image-title=\"IMG-20210911-WA0019\" data-image-description=\"\" data-image-caption=\"\" data-large-file=\"https:\/\/www.cisa-arica.cl\/wp1\/wp-content\/uploads\/2021\/09\/IMG-20210911-WA0019-600x450.jpg\" class=\"aligncenter  wp-image-13135\" src=\"http:\/\/www.cisa-arica.cl\/wp1\/wp-content\/uploads\/2021\/09\/IMG-20210911-WA0019.jpg\" alt=\"\" width=\"727\" height=\"545\" srcset=\"https:\/\/www.cisa-arica.cl\/wp1\/wp-content\/uploads\/2021\/09\/IMG-20210911-WA0019.jpg 1600w, https:\/\/www.cisa-arica.cl\/wp1\/wp-content\/uploads\/2021\/09\/IMG-20210911-WA0019-300x225.jpg 300w, https:\/\/www.cisa-arica.cl\/wp1\/wp-content\/uploads\/2021\/09\/IMG-20210911-WA0019-600x450.jpg 600w, https:\/\/www.cisa-arica.cl\/wp1\/wp-content\/uploads\/2021\/09\/IMG-20210911-WA0019-768x576.jpg 768w, https:\/\/www.cisa-arica.cl\/wp1\/wp-content\/uploads\/2021\/09\/IMG-20210911-WA0019-1536x1152.jpg 1536w\" sizes=\"auto, (max-width: 727px) 100vw, 727px\" \/><\/p>\n<p><span class=\"copycode\"><figure class=\"wp-block-embed wp-block-embed-youtube is-type-video is-provider-youtube epyt-figure\"><div class=\"wp-block-embed__wrapper\"><iframe loading=\"lazy\"  id=\"_ytid_68034\"  width=\"800\" height=\"450\"  data-origwidth=\"800\" data-origheight=\"450\" src=\"https:\/\/www.youtube.com\/embed\/sNsLtNhgC8s?enablejsapi=1&autoplay=0&cc_load_policy=0&cc_lang_pref=&iv_load_policy=1&loop=0&rel=1&fs=1&playsinline=0&autohide=2&theme=dark&color=red&controls=1&disablekb=0&\" class=\"__youtube_prefs__  no-lazyload\" title=\"YouTube player\"  allow=\"fullscreen; accelerometer; autoplay; clipboard-write; encrypted-media; gyroscope; picture-in-picture; web-share\" referrerpolicy=\"strict-origin-when-cross-origin\" allowfullscreen data-no-lazy=\"1\" data-skipgform_ajax_framebjll=\"\"><\/iframe><\/div><\/figure><\/span><\/p>\n","protected":false},"excerpt":{"rendered":"<p>Estimada Comunidad Educativa: Junto con saludarlos y esperando que se encuentren muy bien, hoy 18 de septiembre conmemoramos a nuestro pa\u00eds que cumple 211 a\u00f1os y el Personal de Aseo y Mantenci\u00f3n del Colegio Italiano Santa Ana se suma a esta celebraci\u00f3n regal\u00e1ndonos un pie de cueca saludando a Chile &#x1f1e8;&#x1f1f1;. \u00a1Felices Fiestas Patrias, querida <a class=\"read-more\" href=\"https:\/\/www.cisa-arica.cl\/wp1\/2021\/09\/18\/saludo-de-fiestas-patrias\/\">Continuar leyendo<\/a><\/p>\n","protected":false},"author":5,"featured_media":13129,"comment_status":"closed","ping_status":"open","sticky":false,"template":"","format":"standard","meta":{"_jetpack_memberships_contains_paid_content":false,"footnotes":"","jetpack_publicize_message":"","jetpack_publicize_feature_enabled":true,"jetpack_social_post_already_shared":true,"jetpack_social_options":{"image_generator_settings":{"template":"highway","default_image_id":0,"font":"","enabled":false},"version":2}},"categories":[19],"tags":[],"class_list":["post-13134","post","type-post","status-publish","format-standard","has-post-thumbnail","hentry","category-cisa"],"jetpack_publicize_connections":[],"jetpack_featured_media_url":"https:\/\/www.cisa-arica.cl\/wp1\/wp-content\/uploads\/2021\/09\/18.png","jetpack_sharing_enabled":true,"jetpack_shortlink":"https:\/\/wp.me\/p84wcz-3pQ","jetpack-related-posts":[{"id":11476,"url":"https:\/\/www.cisa-arica.cl\/wp1\/2020\/09\/17\/felices-fiestas-patrias-les-desea-coro-santa-ana\/","url_meta":{"origin":13134,"position":0},"title":"Felices Fiestas Patrias les desea Coro Santa Ana","author":"Jeannette Rivera","date":"17 de Septiembre de 2020","format":false,"excerpt":"Estimada Comunidad Santa Ana: Esperando que se encuentren muy bien junto a los suyos, les entregamos este regalo preparado con mucho cari\u00f1o por la Familia Santa Ana, que se une en canci\u00f3n para demostrar que a pesar de la distancia, estamos m\u00e1s unidos que nunca para celebrar a nuestro pa\u00eds.\u2026","rel":"","context":"En &quot;CISA&quot;","block_context":{"text":"CISA","link":"https:\/\/www.cisa-arica.cl\/wp1\/category\/cisa\/"},"img":{"alt_text":"","src":"https:\/\/i0.wp.com\/www.cisa-arica.cl\/wp1\/wp-content\/uploads\/2020\/09\/coro.png?resize=350%2C200&ssl=1","width":350,"height":200},"classes":[]},{"id":28867,"url":"https:\/\/www.cisa-arica.cl\/wp1\/2025\/09\/18\/saludo-de-fiestas-patrias-2\/","url_meta":{"origin":13134,"position":1},"title":"Saludo de Fiestas Patrias","author":"Jeannette Rivera","date":"18 de Septiembre de 2025","format":false,"excerpt":"Colegio Italiano Santa Ana, saluda cordialmente a toda su Comunidad Educativa en estas Fiestas Patrias dese\u00e1ndoles que las disfruten junto a la familia. Que Dios y Santa Ana bendigan a nuestra hermosa naci\u00f3n llamada Chile, que este 2025 cumple 215 a\u00f1os de independencia, \u00a0invit\u00e1ndonos a cuidarla y sentirnos orgullosos de\u2026","rel":"","context":"Entrada similar ","block_context":{"text":"Entrada similar ","link":""},"img":{"alt_text":"","src":"https:\/\/i0.wp.com\/www.cisa-arica.cl\/wp1\/wp-content\/uploads\/2025\/09\/Post-para-Instagram-Felices-Fiestas-Patrias-Chile-Moderno-Divertido-Ilustrado-Azul-Rojo.png?resize=350%2C200&ssl=1","width":350,"height":200,"srcset":"https:\/\/i0.wp.com\/www.cisa-arica.cl\/wp1\/wp-content\/uploads\/2025\/09\/Post-para-Instagram-Felices-Fiestas-Patrias-Chile-Moderno-Divertido-Ilustrado-Azul-Rojo.png?resize=350%2C200&ssl=1 1x, https:\/\/i0.wp.com\/www.cisa-arica.cl\/wp1\/wp-content\/uploads\/2025\/09\/Post-para-Instagram-Felices-Fiestas-Patrias-Chile-Moderno-Divertido-Ilustrado-Azul-Rojo.png?resize=525%2C300&ssl=1 1.5x, https:\/\/i0.wp.com\/www.cisa-arica.cl\/wp1\/wp-content\/uploads\/2025\/09\/Post-para-Instagram-Felices-Fiestas-Patrias-Chile-Moderno-Divertido-Ilustrado-Azul-Rojo.png?resize=700%2C400&ssl=1 2x, https:\/\/i0.wp.com\/www.cisa-arica.cl\/wp1\/wp-content\/uploads\/2025\/09\/Post-para-Instagram-Felices-Fiestas-Patrias-Chile-Moderno-Divertido-Ilustrado-Azul-Rojo.png?resize=1050%2C600&ssl=1 3x"},"classes":[]},{"id":11354,"url":"https:\/\/www.cisa-arica.cl\/wp1\/2020\/08\/27\/receso-academico-por-fiestas-patrias\/","url_meta":{"origin":13134,"position":2},"title":"Receso acad\u00e9mico por Fiestas Patrias.","author":"CISA","date":"27 de Agosto de 2020","format":false,"excerpt":"Estimada Familia Santa Ana. Junto con saludar y desear que se encuentren bien junto a sus seres queridos, informamos que desde el d\u00eda \u00a0lunes 14 al viernes 18 de septiembre\u00a0habr\u00e1 un receso acad\u00e9mico por fiestas patrias. Reencontr\u00e1ndonos en clases\u00a0el d\u00eda lunes 21 de septiembre. Esperamos que disfruten en familia. Atentamente\u2026","rel":"","context":"En &quot;CISA&quot;","block_context":{"text":"CISA","link":"https:\/\/www.cisa-arica.cl\/wp1\/category\/cisa\/"},"img":{"alt_text":"","src":"https:\/\/i0.wp.com\/www.cisa-arica.cl\/wp1\/wp-content\/uploads\/2020\/08\/img_2875-1.jpg?resize=350%2C200&ssl=1","width":350,"height":200,"srcset":"https:\/\/i0.wp.com\/www.cisa-arica.cl\/wp1\/wp-content\/uploads\/2020\/08\/img_2875-1.jpg?resize=350%2C200&ssl=1 1x, https:\/\/i0.wp.com\/www.cisa-arica.cl\/wp1\/wp-content\/uploads\/2020\/08\/img_2875-1.jpg?resize=525%2C300&ssl=1 1.5x"},"classes":[]},{"id":22914,"url":"https:\/\/www.cisa-arica.cl\/wp1\/2023\/09\/15\/acto-de-fiestas-patrias\/","url_meta":{"origin":13134,"position":3},"title":"Acto de Fiestas Patrias","author":"Jeannette Rivera","date":"15 de Septiembre de 2023","format":false,"excerpt":"Con un acto cargado de m\u00fasica, cuecas, danzas y s\u00edmbolos patrios, se realiz\u00f3 en nuestro colegio el Acto para Conmemorar Las Fiestas Patrias. En la actividad particip\u00f3 toda la comunidad escolar para celebrar con alegr\u00eda un nuevo aniversario de nuestro querido Chile.","rel":"","context":"Entrada similar ","block_context":{"text":"Entrada similar ","link":""},"img":{"alt_text":"","src":"https:\/\/i0.wp.com\/www.cisa-arica.cl\/wp1\/wp-content\/uploads\/2023\/11\/IMG_3980-scaled.jpg?resize=350%2C200&ssl=1","width":350,"height":200,"srcset":"https:\/\/i0.wp.com\/www.cisa-arica.cl\/wp1\/wp-content\/uploads\/2023\/11\/IMG_3980-scaled.jpg?resize=350%2C200&ssl=1 1x, https:\/\/i0.wp.com\/www.cisa-arica.cl\/wp1\/wp-content\/uploads\/2023\/11\/IMG_3980-scaled.jpg?resize=525%2C300&ssl=1 1.5x, https:\/\/i0.wp.com\/www.cisa-arica.cl\/wp1\/wp-content\/uploads\/2023\/11\/IMG_3980-scaled.jpg?resize=700%2C400&ssl=1 2x, https:\/\/i0.wp.com\/www.cisa-arica.cl\/wp1\/wp-content\/uploads\/2023\/11\/IMG_3980-scaled.jpg?resize=1050%2C600&ssl=1 3x, https:\/\/i0.wp.com\/www.cisa-arica.cl\/wp1\/wp-content\/uploads\/2023\/11\/IMG_3980-scaled.jpg?resize=1400%2C800&ssl=1 4x"},"classes":[]},{"id":12947,"url":"https:\/\/www.cisa-arica.cl\/wp1\/2021\/08\/30\/concurso-fotografico-celebro-en-familia\/","url_meta":{"origin":13134,"position":4},"title":"Concurso Fotogr\u00e1fico: &#8220;Celebro en Familia&#8221;","author":"Jeannette Rivera","date":"30 de Agosto de 2021","format":false,"excerpt":"Estimada Comunidad Educativa: El Departamento de Educaci\u00f3n F\u00edsica del Colegio Italiano Santa Ana invita a todas las familias pertenecientes a nuestra Comunidad Educativa desde Prek\u00ednder a Cuarto medio a participar del concurso Celebro el 18 en familia. Para participar, deben crear una fotograf\u00eda junto a su familia donde ambienten sus\u2026","rel":"","context":"En &quot;CISA&quot;","block_context":{"text":"CISA","link":"https:\/\/www.cisa-arica.cl\/wp1\/category\/cisa\/"},"img":{"alt_text":"","src":"https:\/\/i0.wp.com\/www.cisa-arica.cl\/wp1\/wp-content\/uploads\/2021\/08\/Screenshot_4-1.png?resize=350%2C200&ssl=1","width":350,"height":200,"srcset":"https:\/\/i0.wp.com\/www.cisa-arica.cl\/wp1\/wp-content\/uploads\/2021\/08\/Screenshot_4-1.png?resize=350%2C200&ssl=1 1x, https:\/\/i0.wp.com\/www.cisa-arica.cl\/wp1\/wp-content\/uploads\/2021\/08\/Screenshot_4-1.png?resize=525%2C300&ssl=1 1.5x, https:\/\/i0.wp.com\/www.cisa-arica.cl\/wp1\/wp-content\/uploads\/2021\/08\/Screenshot_4-1.png?resize=700%2C400&ssl=1 2x"},"classes":[]},{"id":11383,"url":"https:\/\/www.cisa-arica.cl\/wp1\/2020\/09\/01\/con-septiembre-en-el-corazon\/","url_meta":{"origin":13134,"position":5},"title":"Con septiembre en el coraz\u00f3n.","author":"CISA","date":"1 de Septiembre de 2020","format":false,"excerpt":"Familia Santa Ana. El equipo de Educaci\u00f3n Parvularia da una cordial bienvenida al hermoso Mes de la Patria, en donde se recuerdan no tan s\u00f3lo las tradiciones, sino lo que ha sido la historia de nuestro pa\u00eds.Hoy, estamos viviendo una etapa distinta en nuestras vidas, pero sin duda, con la\u2026","rel":"","context":"Entrada similar ","block_context":{"text":"Entrada similar ","link":""},"img":{"alt_text":"","src":"https:\/\/i0.wp.com\/www.cisa-arica.cl\/wp1\/wp-content\/uploads\/2020\/09\/41670f32-62c5-4ba2-a8c4-4f534260a9b7.png?resize=350%2C200&ssl=1","width":350,"height":200},"classes":[]}],"_links":{"self":[{"href":"https:\/\/www.cisa-arica.cl\/wp1\/wp-json\/wp\/v2\/posts\/13134","targetHints":{"allow":["GET"]}}],"collection":[{"href":"https:\/\/www.cisa-arica.cl\/wp1\/wp-json\/wp\/v2\/posts"}],"about":[{"href":"https:\/\/www.cisa-arica.cl\/wp1\/wp-json\/wp\/v2\/types\/post"}],"author":[{"embeddable":true,"href":"https:\/\/www.cisa-arica.cl\/wp1\/wp-json\/wp\/v2\/users\/5"}],"replies":[{"embeddable":true,"href":"https:\/\/www.cisa-arica.cl\/wp1\/wp-json\/wp\/v2\/comments?post=13134"}],"version-history":[{"count":1,"href":"https:\/\/www.cisa-arica.cl\/wp1\/wp-json\/wp\/v2\/posts\/13134\/revisions"}],"predecessor-version":[{"id":13136,"href":"https:\/\/www.cisa-arica.cl\/wp1\/wp-json\/wp\/v2\/posts\/13134\/revisions\/13136"}],"wp:featuredmedia":[{"embeddable":true,"href":"https:\/\/www.cisa-arica.cl\/wp1\/wp-json\/wp\/v2\/media\/13129"}],"wp:attachment":[{"href":"https:\/\/www.cisa-arica.cl\/wp1\/wp-json\/wp\/v2\/media?parent=13134"}],"wp:term":[{"taxonomy":"category","embeddable":true,"href":"https:\/\/www.cisa-arica.cl\/wp1\/wp-json\/wp\/v2\/categories?post=13134"},{"taxonomy":"post_tag","embeddable":true,"href":"https:\/\/www.cisa-arica.cl\/wp1\/wp-json\/wp\/v2\/tags?post=13134"}],"curies":[{"name":"wp","href":"https:\/\/api.w.org\/{rel}","templated":true}]}}