{"id":13093,"date":"2021-09-07T13:27:44","date_gmt":"2021-09-07T17:27:44","guid":{"rendered":"http:\/\/www.cisa-arica.cl\/wp1\/?p=13093"},"modified":"2021-09-07T13:27:44","modified_gmt":"2021-09-07T17:27:44","slug":"condolencias-10","status":"publish","type":"post","link":"https:\/\/www.cisa-arica.cl\/wp1\/2021\/09\/07\/condolencias-10\/","title":{"rendered":"Condolencias"},"content":{"rendered":"<p>La comunidad Educativa del Colegio Italiano Santa Ana acompa\u00f1a con mucho cari\u00f1o a nuestra querida profesora Fanny Cort\u00e9s Gatica, tras el sensible fallecimiento de su padre:<\/p>\n<p>+ Luis Cort\u00e9s Ogalde\u00a0 Q.E.P.D.<\/p>\n<p>Sabemos que en estos momentos el dolor es inminente y que su partida deja un gran vac\u00edo en sus corazones, pero sostenidos por la fe, tambi\u00e9n creemos que hoy descansa en paz, y confiados en la promesa de la vida eterna nos aferramos a la oraci\u00f3n.<\/p>\n<p>Que los \u00e1ngeles reciban su alma y la presenten ante alt\u00edsimo. Y que nuestra Madre Santa Ana le de fortaleza, consuelo y esperanza a ti y a tu familia.<\/p>\n<p><em>\u201cMiren el Crucifijo, el ser\u00e1 su fuerza, su gu\u00eda, su todo&#8221;<\/em><\/p>\n","protected":false},"excerpt":{"rendered":"<p>La comunidad Educativa del Colegio Italiano Santa Ana acompa\u00f1a con mucho cari\u00f1o a nuestra querida profesora Fanny Cort\u00e9s Gatica, tras el sensible fallecimiento de su padre: + Luis Cort\u00e9s Ogalde\u00a0 Q.E.P.D. Sabemos que en estos momentos el dolor es inminente y que su partida deja un gran vac\u00edo en sus corazones, pero sostenidos por la <a class=\"read-more\" href=\"https:\/\/www.cisa-arica.cl\/wp1\/2021\/09\/07\/condolencias-10\/\">Continuar leyendo<\/a><\/p>\n","protected":false},"author":5,"featured_media":11514,"comment_status":"closed","ping_status":"open","sticky":false,"template":"","format":"standard","meta":{"_jetpack_memberships_contains_paid_content":false,"footnotes":"","jetpack_publicize_message":"","jetpack_publicize_feature_enabled":true,"jetpack_social_post_already_shared":true,"jetpack_social_options":{"image_generator_settings":{"template":"highway","default_image_id":0,"font":"","enabled":false},"version":2}},"categories":[5],"tags":[],"class_list":["post-13093","post","type-post","status-publish","format-standard","has-post-thumbnail","hentry","category-uncategorized"],"jetpack_publicize_connections":[],"jetpack_featured_media_url":"https:\/\/www.cisa-arica.cl\/wp1\/wp-content\/uploads\/2020\/09\/condolencias.png","jetpack_sharing_enabled":true,"jetpack_shortlink":"https:\/\/wp.me\/p84wcz-3pb","jetpack-related-posts":[{"id":12428,"url":"https:\/\/www.cisa-arica.cl\/wp1\/2021\/05\/04\/encuentro-de-oracion-pascua-madre-rosa-gattorno\/","url_meta":{"origin":13093,"position":0},"title":"Encuentro de Oraci\u00f3n Pascua Madre Rosa Gattorno","author":"Jeannette Rivera","date":"4 de Mayo de 2021","format":false,"excerpt":"Ayer Lunes 04 de mayo se reuni\u00f3 la comunidad educativa del Colegio Italiano Santa Ana de Arica y Colegio Santa Ana de Santiago; para hacer oraci\u00f3n en torno a nuestra Madre Rosa Gattorno, fundadora de la Congregaci\u00f3n Hijas de Santa Ana. Conmemorando su paso al cielo junto a Dios. Agredeciendo\u2026","rel":"","context":"En &quot;Pastoral&quot;","block_context":{"text":"Pastoral","link":"https:\/\/www.cisa-arica.cl\/wp1\/category\/pastoral\/"},"img":{"alt_text":"","src":"https:\/\/i0.wp.com\/www.cisa-arica.cl\/wp1\/wp-content\/uploads\/2021\/05\/WhatsApp-Image-2021-05-03-at-11.55.39.jpeg?resize=350%2C200&ssl=1","width":350,"height":200},"classes":[]},{"id":11093,"url":"https:\/\/www.cisa-arica.cl\/wp1\/2020\/07\/27\/feliz-aniversario-congregacion-hijas-de-santa-ana\/","url_meta":{"origin":13093,"position":1},"title":"Feliz Aniversario Congregaci\u00f3n Hijas de Santa Ana","author":"Jeannette Rivera","date":"27 de Julio de 2020","format":false,"excerpt":"Estimada Familia Santa Ana. A pesar de las circunstancias acontecidas en nuestra sociedad, queremos ofrecer este saludo cargado de cari\u00f1o, gratitud y comuni\u00f3n en un aniversario m\u00e1s de la congregaci\u00f3n Hijas de Santa Ana. Cari\u00f1osamente Comunidad del Colegio Italiano Santa Ana","rel":"","context":"Entrada similar ","block_context":{"text":"Entrada similar ","link":""},"img":{"alt_text":"","src":"https:\/\/i0.wp.com\/www.cisa-arica.cl\/wp1\/wp-content\/uploads\/2020\/07\/IMG-20200726-WA0000.jpg?resize=350%2C200&ssl=1","width":350,"height":200},"classes":[]},{"id":11173,"url":"https:\/\/www.cisa-arica.cl\/wp1\/2020\/07\/30\/condolencias-4\/","url_meta":{"origin":13093,"position":2},"title":"Condolencias","author":"CISA","date":"30 de Julio de 2020","format":false,"excerpt":"La Comunidad Educativa del nuestro Colegio Italiano Santa Ana se suma en oraci\u00f3n por el eterno descanso de PAUL RAM\u00cdREZ CHANG.Hermano de nuestra querida profesora Elizabeth Ram\u00edrez, a qui\u00e9n acompa\u00f1amos con especial cari\u00f1o. Que Dios de misericordia y amor acoja en sus manos amorosas a quien ha llamado de esta\u2026","rel":"","context":"Entrada similar ","block_context":{"text":"Entrada similar ","link":""},"img":{"alt_text":"","src":"https:\/\/i0.wp.com\/www.cisa-arica.cl\/wp1\/wp-content\/uploads\/2020\/07\/4b5de357-5dc5-487c-b492-eb115ba7decc.png?resize=350%2C200&ssl=1","width":350,"height":200,"srcset":"https:\/\/i0.wp.com\/www.cisa-arica.cl\/wp1\/wp-content\/uploads\/2020\/07\/4b5de357-5dc5-487c-b492-eb115ba7decc.png?resize=350%2C200&ssl=1 1x, https:\/\/i0.wp.com\/www.cisa-arica.cl\/wp1\/wp-content\/uploads\/2020\/07\/4b5de357-5dc5-487c-b492-eb115ba7decc.png?resize=525%2C300&ssl=1 1.5x, https:\/\/i0.wp.com\/www.cisa-arica.cl\/wp1\/wp-content\/uploads\/2020\/07\/4b5de357-5dc5-487c-b492-eb115ba7decc.png?resize=700%2C400&ssl=1 2x, https:\/\/i0.wp.com\/www.cisa-arica.cl\/wp1\/wp-content\/uploads\/2020\/07\/4b5de357-5dc5-487c-b492-eb115ba7decc.png?resize=1050%2C600&ssl=1 3x"},"classes":[]},{"id":27938,"url":"https:\/\/www.cisa-arica.cl\/wp1\/2024\/12\/24\/saludo-navideno-a-la-comunidad-educativa\/","url_meta":{"origin":13093,"position":3},"title":"Saludo Navide\u00f1o a la Comunidad Educativa","author":"Jeannette Rivera","date":"24 de Diciembre de 2024","format":false,"excerpt":"Querida comunidad educativa del Colegio Italiano Santa Ana: En esta Navidad, queremos compartir con todos ustedes un mensaje lleno de esperanza, amor y gratitud, principios fundamentales que nos inspiran a seguir creciendo como comunidad. Santa Ana, nuestra patrona, nos invita a ser portadores de valores que fortalecen nuestra unidad y\u2026","rel":"","context":"Entrada similar ","block_context":{"text":"Entrada similar ","link":""},"img":{"alt_text":"","src":"https:\/\/i0.wp.com\/www.cisa-arica.cl\/wp1\/wp-content\/uploads\/2024\/12\/IMG_2915.webp?resize=350%2C200&ssl=1","width":350,"height":200,"srcset":"https:\/\/i0.wp.com\/www.cisa-arica.cl\/wp1\/wp-content\/uploads\/2024\/12\/IMG_2915.webp?resize=350%2C200&ssl=1 1x, https:\/\/i0.wp.com\/www.cisa-arica.cl\/wp1\/wp-content\/uploads\/2024\/12\/IMG_2915.webp?resize=525%2C300&ssl=1 1.5x, https:\/\/i0.wp.com\/www.cisa-arica.cl\/wp1\/wp-content\/uploads\/2024\/12\/IMG_2915.webp?resize=700%2C400&ssl=1 2x"},"classes":[]},{"id":13118,"url":"https:\/\/www.cisa-arica.cl\/wp1\/2021\/09\/10\/condolencias-11\/","url_meta":{"origin":13093,"position":4},"title":"Condolencias","author":"Jeannette Rivera","date":"10 de Septiembre de 2021","format":false,"excerpt":"La comunidad Educativa del Colegio Italiano Santa Ana acompa\u00f1a con mucho cari\u00f1o a nuestra querida Elinor R\u00edos L\u00f3pez, tras el sensible fallecimiento de su hermano: + Oscar R\u00edos L\u00f3pez Q.E.P.D. Acompa\u00f1ando el dolor que deja su partida, les acompa\u00f1amos en oraci\u00f3n. Con nuestra fe puesta en la resurrecci\u00f3n y con\u2026","rel":"","context":"Entrada similar ","block_context":{"text":"Entrada similar ","link":""},"img":{"alt_text":"","src":"https:\/\/i0.wp.com\/www.cisa-arica.cl\/wp1\/wp-content\/uploads\/2020\/09\/condolencias.png?resize=350%2C200&ssl=1","width":350,"height":200,"srcset":"https:\/\/i0.wp.com\/www.cisa-arica.cl\/wp1\/wp-content\/uploads\/2020\/09\/condolencias.png?resize=350%2C200&ssl=1 1x, https:\/\/i0.wp.com\/www.cisa-arica.cl\/wp1\/wp-content\/uploads\/2020\/09\/condolencias.png?resize=525%2C300&ssl=1 1.5x"},"classes":[]},{"id":16981,"url":"https:\/\/www.cisa-arica.cl\/wp1\/2022\/08\/11\/condolencias-13\/","url_meta":{"origin":13093,"position":5},"title":"Condolencias","author":"Jeannette Rivera","date":"11 de Agosto de 2022","format":false,"excerpt":"La comunidad Educativa Colegio Italiano Santa Ana, con profundo sentimiento de dolor, acompa\u00f1a con mucho cari\u00f1o a nuestra querida profesora Ximena Vera Vergara, ante el sensible fallecimiento de su mam\u00e1, Do\u00f1a Graciela Vergara Q.E.P.D. Que la misericordia de Dios llegue al coraz\u00f3n de nuestra querida profesora entregando resignaci\u00f3n y fortaleza\u2026","rel":"","context":"Entrada similar ","block_context":{"text":"Entrada similar ","link":""},"img":{"alt_text":"","src":"https:\/\/i0.wp.com\/www.cisa-arica.cl\/wp1\/wp-content\/uploads\/2020\/09\/condolencias.png?resize=350%2C200&ssl=1","width":350,"height":200,"srcset":"https:\/\/i0.wp.com\/www.cisa-arica.cl\/wp1\/wp-content\/uploads\/2020\/09\/condolencias.png?resize=350%2C200&ssl=1 1x, https:\/\/i0.wp.com\/www.cisa-arica.cl\/wp1\/wp-content\/uploads\/2020\/09\/condolencias.png?resize=525%2C300&ssl=1 1.5x"},"classes":[]}],"_links":{"self":[{"href":"https:\/\/www.cisa-arica.cl\/wp1\/wp-json\/wp\/v2\/posts\/13093","targetHints":{"allow":["GET"]}}],"collection":[{"href":"https:\/\/www.cisa-arica.cl\/wp1\/wp-json\/wp\/v2\/posts"}],"about":[{"href":"https:\/\/www.cisa-arica.cl\/wp1\/wp-json\/wp\/v2\/types\/post"}],"author":[{"embeddable":true,"href":"https:\/\/www.cisa-arica.cl\/wp1\/wp-json\/wp\/v2\/users\/5"}],"replies":[{"embeddable":true,"href":"https:\/\/www.cisa-arica.cl\/wp1\/wp-json\/wp\/v2\/comments?post=13093"}],"version-history":[{"count":1,"href":"https:\/\/www.cisa-arica.cl\/wp1\/wp-json\/wp\/v2\/posts\/13093\/revisions"}],"predecessor-version":[{"id":13094,"href":"https:\/\/www.cisa-arica.cl\/wp1\/wp-json\/wp\/v2\/posts\/13093\/revisions\/13094"}],"wp:featuredmedia":[{"embeddable":true,"href":"https:\/\/www.cisa-arica.cl\/wp1\/wp-json\/wp\/v2\/media\/11514"}],"wp:attachment":[{"href":"https:\/\/www.cisa-arica.cl\/wp1\/wp-json\/wp\/v2\/media?parent=13093"}],"wp:term":[{"taxonomy":"category","embeddable":true,"href":"https:\/\/www.cisa-arica.cl\/wp1\/wp-json\/wp\/v2\/categories?post=13093"},{"taxonomy":"post_tag","embeddable":true,"href":"https:\/\/www.cisa-arica.cl\/wp1\/wp-json\/wp\/v2\/tags?post=13093"}],"curies":[{"name":"wp","href":"https:\/\/api.w.org\/{rel}","templated":true}]}}