{"id":13069,"date":"2021-09-07T07:34:48","date_gmt":"2021-09-07T11:34:48","guid":{"rendered":"http:\/\/www.cisa-arica.cl\/wp1\/?p=13069"},"modified":"2021-09-07T07:34:51","modified_gmt":"2021-09-07T11:34:51","slug":"campana-solidaria-grupo-catequesis-primera-comunion","status":"publish","type":"post","link":"https:\/\/www.cisa-arica.cl\/wp1\/2021\/09\/07\/campana-solidaria-grupo-catequesis-primera-comunion\/","title":{"rendered":"Campa\u00f1a Solidaria &#8211; Grupo Catequesis Primera Comuni\u00f3n"},"content":{"rendered":"\n<p>Estimada Comunidad Educativa:<\/p>\n\n\n\n<p>Sin quedar indiferentes a las necesitades del pr\u00f3jimo y con un sincero cari\u00f1o, nuestras estudiantes del Grupo Catequesis de Primera Comuni\u00f3n han realizado una campa\u00f1a solidaria junto a sus familias, comprendiendo que debemos practicar los importantes valores del amor, la bondad y la caridad.<\/p>\n\n\n\n<p>Atentamente, Equipo Pastoral CISA<\/p>\n\n\n\n<p><\/p>\n\n\n\n<figure class=\"wp-block-gallery columns-3 is-cropped wp-block-gallery-1 is-layout-flex wp-block-gallery-is-layout-flex\"><ul class=\"blocks-gallery-grid\"><li class=\"blocks-gallery-item\"><figure><img loading=\"lazy\" decoding=\"async\" width=\"526\" height=\"600\" data-attachment-id=\"13070\" data-permalink=\"https:\/\/www.cisa-arica.cl\/wp1\/102-2\/\" data-orig-file=\"https:\/\/www.cisa-arica.cl\/wp1\/wp-content\/uploads\/2021\/09\/102.jpg\" data-orig-size=\"843,962\" data-comments-opened=\"0\" data-image-meta=\"{&quot;aperture&quot;:&quot;0&quot;,&quot;credit&quot;:&quot;&quot;,&quot;camera&quot;:&quot;&quot;,&quot;caption&quot;:&quot;&quot;,&quot;created_timestamp&quot;:&quot;0&quot;,&quot;copyright&quot;:&quot;&quot;,&quot;focal_length&quot;:&quot;0&quot;,&quot;iso&quot;:&quot;0&quot;,&quot;shutter_speed&quot;:&quot;0&quot;,&quot;title&quot;:&quot;&quot;,&quot;orientation&quot;:&quot;0&quot;}\" data-image-title=\"102\" data-image-description=\"\" data-image-caption=\"\" data-large-file=\"https:\/\/www.cisa-arica.cl\/wp1\/wp-content\/uploads\/2021\/09\/102-526x600.jpg\" src=\"http:\/\/www.cisa-arica.cl\/wp1\/wp-content\/uploads\/2021\/09\/102-526x600.jpg\" alt=\"\" data-id=\"13070\" data-full-url=\"http:\/\/www.cisa-arica.cl\/wp1\/wp-content\/uploads\/2021\/09\/102.jpg\" data-link=\"http:\/\/www.cisa-arica.cl\/wp1\/102-2\/\" class=\"wp-image-13070\" srcset=\"https:\/\/www.cisa-arica.cl\/wp1\/wp-content\/uploads\/2021\/09\/102-526x600.jpg 526w, https:\/\/www.cisa-arica.cl\/wp1\/wp-content\/uploads\/2021\/09\/102-263x300.jpg 263w, https:\/\/www.cisa-arica.cl\/wp1\/wp-content\/uploads\/2021\/09\/102-768x876.jpg 768w, https:\/\/www.cisa-arica.cl\/wp1\/wp-content\/uploads\/2021\/09\/102.jpg 843w\" sizes=\"auto, (max-width: 526px) 100vw, 526px\" \/><\/figure><\/li><li class=\"blocks-gallery-item\"><figure><img loading=\"lazy\" decoding=\"async\" width=\"527\" height=\"600\" data-attachment-id=\"13071\" data-permalink=\"https:\/\/www.cisa-arica.cl\/wp1\/101-2\/\" data-orig-file=\"https:\/\/www.cisa-arica.cl\/wp1\/wp-content\/uploads\/2021\/09\/101.jpg\" data-orig-size=\"1066,1213\" data-comments-opened=\"0\" data-image-meta=\"{&quot;aperture&quot;:&quot;0&quot;,&quot;credit&quot;:&quot;&quot;,&quot;camera&quot;:&quot;&quot;,&quot;caption&quot;:&quot;&quot;,&quot;created_timestamp&quot;:&quot;0&quot;,&quot;copyright&quot;:&quot;&quot;,&quot;focal_length&quot;:&quot;0&quot;,&quot;iso&quot;:&quot;0&quot;,&quot;shutter_speed&quot;:&quot;0&quot;,&quot;title&quot;:&quot;&quot;,&quot;orientation&quot;:&quot;0&quot;}\" data-image-title=\"101\" data-image-description=\"\" data-image-caption=\"\" data-large-file=\"https:\/\/www.cisa-arica.cl\/wp1\/wp-content\/uploads\/2021\/09\/101-527x600.jpg\" src=\"http:\/\/www.cisa-arica.cl\/wp1\/wp-content\/uploads\/2021\/09\/101-527x600.jpg\" alt=\"\" data-id=\"13071\" data-full-url=\"http:\/\/www.cisa-arica.cl\/wp1\/wp-content\/uploads\/2021\/09\/101.jpg\" data-link=\"http:\/\/www.cisa-arica.cl\/wp1\/101-2\/\" class=\"wp-image-13071\" srcset=\"https:\/\/www.cisa-arica.cl\/wp1\/wp-content\/uploads\/2021\/09\/101-527x600.jpg 527w, https:\/\/www.cisa-arica.cl\/wp1\/wp-content\/uploads\/2021\/09\/101-264x300.jpg 264w, https:\/\/www.cisa-arica.cl\/wp1\/wp-content\/uploads\/2021\/09\/101-768x874.jpg 768w, https:\/\/www.cisa-arica.cl\/wp1\/wp-content\/uploads\/2021\/09\/101.jpg 1066w\" sizes=\"auto, (max-width: 527px) 100vw, 527px\" \/><\/figure><\/li><li class=\"blocks-gallery-item\"><figure><img loading=\"lazy\" decoding=\"async\" width=\"600\" height=\"439\" data-attachment-id=\"13072\" data-permalink=\"https:\/\/www.cisa-arica.cl\/wp1\/100-2\/\" data-orig-file=\"https:\/\/www.cisa-arica.cl\/wp1\/wp-content\/uploads\/2021\/09\/100.jpg\" data-orig-size=\"1280,936\" data-comments-opened=\"0\" data-image-meta=\"{&quot;aperture&quot;:&quot;0&quot;,&quot;credit&quot;:&quot;&quot;,&quot;camera&quot;:&quot;&quot;,&quot;caption&quot;:&quot;&quot;,&quot;created_timestamp&quot;:&quot;0&quot;,&quot;copyright&quot;:&quot;&quot;,&quot;focal_length&quot;:&quot;0&quot;,&quot;iso&quot;:&quot;0&quot;,&quot;shutter_speed&quot;:&quot;0&quot;,&quot;title&quot;:&quot;&quot;,&quot;orientation&quot;:&quot;0&quot;}\" data-image-title=\"100\" data-image-description=\"\" data-image-caption=\"\" data-large-file=\"https:\/\/www.cisa-arica.cl\/wp1\/wp-content\/uploads\/2021\/09\/100-600x439.jpg\" src=\"http:\/\/www.cisa-arica.cl\/wp1\/wp-content\/uploads\/2021\/09\/100-600x439.jpg\" alt=\"\" data-id=\"13072\" data-full-url=\"http:\/\/www.cisa-arica.cl\/wp1\/wp-content\/uploads\/2021\/09\/100.jpg\" data-link=\"http:\/\/www.cisa-arica.cl\/wp1\/100-2\/\" class=\"wp-image-13072\" srcset=\"https:\/\/www.cisa-arica.cl\/wp1\/wp-content\/uploads\/2021\/09\/100-600x439.jpg 600w, https:\/\/www.cisa-arica.cl\/wp1\/wp-content\/uploads\/2021\/09\/100-300x219.jpg 300w, https:\/\/www.cisa-arica.cl\/wp1\/wp-content\/uploads\/2021\/09\/100-768x562.jpg 768w, https:\/\/www.cisa-arica.cl\/wp1\/wp-content\/uploads\/2021\/09\/100.jpg 1280w\" sizes=\"auto, (max-width: 600px) 100vw, 600px\" \/><\/figure><\/li><\/ul><\/figure>\n","protected":false},"excerpt":{"rendered":"<p>Estimada Comunidad Educativa: Sin quedar indiferentes a las necesitades del pr\u00f3jimo y con un sincero cari\u00f1o, nuestras estudiantes del Grupo Catequesis de Primera Comuni\u00f3n han realizado una campa\u00f1a solidaria junto a sus familias, comprendiendo que debemos practicar los importantes valores del amor, la bondad y la caridad. Atentamente, Equipo Pastoral CISA<\/p>\n","protected":false},"author":5,"featured_media":13072,"comment_status":"closed","ping_status":"open","sticky":false,"template":"","format":"standard","meta":{"_jetpack_memberships_contains_paid_content":false,"footnotes":"","jetpack_publicize_message":"","jetpack_publicize_feature_enabled":true,"jetpack_social_post_already_shared":true,"jetpack_social_options":{"image_generator_settings":{"template":"highway","default_image_id":0,"font":"","enabled":false},"version":2}},"categories":[16],"tags":[],"class_list":["post-13069","post","type-post","status-publish","format-standard","has-post-thumbnail","hentry","category-pastoral"],"jetpack_publicize_connections":[],"jetpack_featured_media_url":"https:\/\/www.cisa-arica.cl\/wp1\/wp-content\/uploads\/2021\/09\/100.jpg","jetpack_sharing_enabled":true,"jetpack_shortlink":"https:\/\/wp.me\/p84wcz-3oN","jetpack-related-posts":[{"id":12442,"url":"https:\/\/www.cisa-arica.cl\/wp1\/2021\/05\/07\/inicio-grupo-catequesis-primera-comunion\/","url_meta":{"origin":13069,"position":0},"title":"Inicio Grupo Catequesis Primera Comuni\u00f3n","author":"Jeannette Rivera","date":"7 de Mayo de 2021","format":false,"excerpt":"Estimada Comunidad Santa Ana: Ayer jueves 06 de Mayo, d\u00eda en el que se celebr\u00f3 la pascua de nuestra Madre, dimos inicio al proceso de formaci\u00f3n y Catequesis de nuestras estudiantes para la Primera Comuni\u00f3n. Con alegr\u00eda por la acogida a esta invitaci\u00f3n les dimos la bienvenida e iniciamos juntas\u2026","rel":"","context":"En &quot;Pastoral&quot;","block_context":{"text":"Pastoral","link":"https:\/\/www.cisa-arica.cl\/wp1\/category\/pastoral\/"},"img":{"alt_text":"","src":"https:\/\/i0.wp.com\/www.cisa-arica.cl\/wp1\/wp-content\/uploads\/2021\/05\/WhatsApp-Image-2021-05-06-at-20.38.22.jpeg?resize=350%2C200","width":350,"height":200,"srcset":"https:\/\/i0.wp.com\/www.cisa-arica.cl\/wp1\/wp-content\/uploads\/2021\/05\/WhatsApp-Image-2021-05-06-at-20.38.22.jpeg?resize=350%2C200 1x, https:\/\/i0.wp.com\/www.cisa-arica.cl\/wp1\/wp-content\/uploads\/2021\/05\/WhatsApp-Image-2021-05-06-at-20.38.22.jpeg?resize=525%2C300 1.5x, https:\/\/i0.wp.com\/www.cisa-arica.cl\/wp1\/wp-content\/uploads\/2021\/05\/WhatsApp-Image-2021-05-06-at-20.38.22.jpeg?resize=700%2C400 2x, https:\/\/i0.wp.com\/www.cisa-arica.cl\/wp1\/wp-content\/uploads\/2021\/05\/WhatsApp-Image-2021-05-06-at-20.38.22.jpeg?resize=1050%2C600 3x"},"classes":[]},{"id":14046,"url":"https:\/\/www.cisa-arica.cl\/wp1\/2021\/11\/30\/encuentro-de-catequesis-primer-ano\/","url_meta":{"origin":13069,"position":1},"title":"Encuentro de Catequesis Primer a\u00f1o","author":"Jeannette Rivera","date":"30 de Noviembre de 2021","format":false,"excerpt":"El pasado Jueves 25 de noviembre, el Equipo Pastoral junto a las estudiantes de Catequesis, hemos querido finalizar este primer a\u00f1o de formaci\u00f3n celebrando la Eucarist\u00eda, en la cual han recibido dos signos que fortalecer\u00e1n su formaci\u00f3n cristiana en el 2o a\u00f1o de Catequesis: la oraci\u00f3n del Credo y los\u2026","rel":"","context":"En &quot;galeria&quot;","block_context":{"text":"galeria","link":"https:\/\/www.cisa-arica.cl\/wp1\/category\/galeria\/"},"img":{"alt_text":"","src":"https:\/\/i0.wp.com\/www.cisa-arica.cl\/wp1\/wp-content\/uploads\/2021\/11\/DSC_1688.jpg?resize=350%2C200&ssl=1","width":350,"height":200,"srcset":"https:\/\/i0.wp.com\/www.cisa-arica.cl\/wp1\/wp-content\/uploads\/2021\/11\/DSC_1688.jpg?resize=350%2C200&ssl=1 1x, https:\/\/i0.wp.com\/www.cisa-arica.cl\/wp1\/wp-content\/uploads\/2021\/11\/DSC_1688.jpg?resize=525%2C300&ssl=1 1.5x, https:\/\/i0.wp.com\/www.cisa-arica.cl\/wp1\/wp-content\/uploads\/2021\/11\/DSC_1688.jpg?resize=700%2C400&ssl=1 2x, https:\/\/i0.wp.com\/www.cisa-arica.cl\/wp1\/wp-content\/uploads\/2021\/11\/DSC_1688.jpg?resize=1050%2C600&ssl=1 3x, https:\/\/i0.wp.com\/www.cisa-arica.cl\/wp1\/wp-content\/uploads\/2021\/11\/DSC_1688.jpg?resize=1400%2C800&ssl=1 4x"},"classes":[]},{"id":16422,"url":"https:\/\/www.cisa-arica.cl\/wp1\/2022\/06\/14\/suspension-salida-de-catequesis\/","url_meta":{"origin":13069,"position":2},"title":"Suspensi\u00f3n Salida de Catequesis","author":"Jeannette Rivera","date":"14 de Junio de 2022","format":false,"excerpt":"Estimadas familias de Catequesis: La salida programada para este jueves 16 a la parcela del colegio, se suspende por motivo de la visita de la astr\u00f3noma se\u00f1ora M\u00f3nica Rubio quien estar\u00e1 realizando una serie de actividades al interior de nuestro establecimiento con las estudiantes. Por este mismo motivo, quedan suspendidas\u2026","rel":"","context":"Entrada similar ","block_context":{"text":"Entrada similar ","link":""},"img":{"alt_text":"","src":"","width":0,"height":0},"classes":[]},{"id":6455,"url":"https:\/\/www.cisa-arica.cl\/wp1\/2019\/04\/29\/encuentro-alumnas-primera-comunion\/","url_meta":{"origin":13069,"position":3},"title":"Encuentro alumnas Primera Comuni\u00f3n","author":"Jeannette Rivera","date":"29 de Abril de 2019","format":false,"excerpt":"El pasado mi\u00e9rcoles 24 de abril a las 15:50 hrs. se dio inicio a los encuentros semanales de las alumnas que comenzar\u00e1n su Primera Comuni\u00f3n de este a\u00f1o, a cargo de la profesora Elizabeth Ram\u00edrez.","rel":"","context":"En &quot;Pastoral&quot;","block_context":{"text":"Pastoral","link":"https:\/\/www.cisa-arica.cl\/wp1\/category\/pastoral\/"},"img":{"alt_text":"","src":"https:\/\/i0.wp.com\/www.cisa-arica.cl\/wp1\/wp-content\/uploads\/2019\/04\/001-14.jpeg?resize=350%2C200&ssl=1","width":350,"height":200,"srcset":"https:\/\/i0.wp.com\/www.cisa-arica.cl\/wp1\/wp-content\/uploads\/2019\/04\/001-14.jpeg?resize=350%2C200&ssl=1 1x, https:\/\/i0.wp.com\/www.cisa-arica.cl\/wp1\/wp-content\/uploads\/2019\/04\/001-14.jpeg?resize=525%2C300&ssl=1 1.5x, https:\/\/i0.wp.com\/www.cisa-arica.cl\/wp1\/wp-content\/uploads\/2019\/04\/001-14.jpeg?resize=700%2C400&ssl=1 2x, https:\/\/i0.wp.com\/www.cisa-arica.cl\/wp1\/wp-content\/uploads\/2019\/04\/001-14.jpeg?resize=1050%2C600&ssl=1 3x"},"classes":[]},{"id":14233,"url":"https:\/\/www.cisa-arica.cl\/wp1\/2021\/12\/06\/sacramentos-de-confirmacion-y-primera-comunion-2\/","url_meta":{"origin":13069,"position":4},"title":"Sacramentos de Confirmaci\u00f3n y Primera Comuni\u00f3n","author":"Jeannette Rivera","date":"6 de Diciembre de 2021","format":false,"excerpt":"Estimada Comunidad Santa Ana: El Viernes 03 de Diciembre, Con el coraz\u00f3n lleno de gratitud y esperanza nos acercamos al altar para celebrar los sacramentos de estos j\u00f3venes que han decidido caminar con Jes\u00fas el camino de la vida. Que nuestra Madre Mar\u00eda Sant\u00edsima les lleve siempre hasta Jes\u00fas y\u2026","rel":"","context":"En &quot;galeria&quot;","block_context":{"text":"galeria","link":"https:\/\/www.cisa-arica.cl\/wp1\/category\/galeria\/"},"img":{"alt_text":"","src":"https:\/\/i0.wp.com\/www.cisa-arica.cl\/wp1\/wp-content\/uploads\/2021\/12\/DSC_2239.jpg?resize=350%2C200&ssl=1","width":350,"height":200,"srcset":"https:\/\/i0.wp.com\/www.cisa-arica.cl\/wp1\/wp-content\/uploads\/2021\/12\/DSC_2239.jpg?resize=350%2C200&ssl=1 1x, https:\/\/i0.wp.com\/www.cisa-arica.cl\/wp1\/wp-content\/uploads\/2021\/12\/DSC_2239.jpg?resize=525%2C300&ssl=1 1.5x, https:\/\/i0.wp.com\/www.cisa-arica.cl\/wp1\/wp-content\/uploads\/2021\/12\/DSC_2239.jpg?resize=700%2C400&ssl=1 2x, https:\/\/i0.wp.com\/www.cisa-arica.cl\/wp1\/wp-content\/uploads\/2021\/12\/DSC_2239.jpg?resize=1050%2C600&ssl=1 3x, https:\/\/i0.wp.com\/www.cisa-arica.cl\/wp1\/wp-content\/uploads\/2021\/12\/DSC_2239.jpg?resize=1400%2C800&ssl=1 4x"},"classes":[]},{"id":12335,"url":"https:\/\/www.cisa-arica.cl\/wp1\/2021\/04\/27\/primeras-comuniones-grupo-1\/","url_meta":{"origin":13069,"position":5},"title":"Primeras Comuniones Grupo 1","author":"Jeannette Rivera","date":"27 de Abril de 2021","format":false,"excerpt":"Estimada Comunidad Santa Ana: Con mucha alegr\u00eda comenzamos ayer Lunes 26 de Abril, nuestras Celebraciones de Primera Comuni\u00f3n. Oremos: Se\u00f1or Jes\u00fas, acompa\u00f1a la vida de estas once queridas estudiantes que se han acercado a ti para recibirte en tu Cuerpo y tu Sangre. Te pedimos no te apartes de ellas\u2026","rel":"","context":"En &quot;Pastoral&quot;","block_context":{"text":"Pastoral","link":"https:\/\/www.cisa-arica.cl\/wp1\/category\/pastoral\/"},"img":{"alt_text":"","src":"https:\/\/i0.wp.com\/www.cisa-arica.cl\/wp1\/wp-content\/uploads\/2021\/04\/WhatsApp-Image-2021-04-27-at-09.02.05-150x150.jpeg?resize=350%2C200&ssl=1","width":350,"height":200,"srcset":"https:\/\/i0.wp.com\/www.cisa-arica.cl\/wp1\/wp-content\/uploads\/2021\/04\/WhatsApp-Image-2021-04-27-at-09.02.05-150x150.jpeg?resize=350%2C200&ssl=1 1x, https:\/\/i0.wp.com\/www.cisa-arica.cl\/wp1\/wp-content\/uploads\/2021\/04\/WhatsApp-Image-2021-04-27-at-09.02.05-150x150.jpeg?resize=525%2C300&ssl=1 1.5x, https:\/\/i0.wp.com\/www.cisa-arica.cl\/wp1\/wp-content\/uploads\/2021\/04\/WhatsApp-Image-2021-04-27-at-09.02.05-150x150.jpeg?resize=700%2C400&ssl=1 2x"},"classes":[]}],"_links":{"self":[{"href":"https:\/\/www.cisa-arica.cl\/wp1\/wp-json\/wp\/v2\/posts\/13069","targetHints":{"allow":["GET"]}}],"collection":[{"href":"https:\/\/www.cisa-arica.cl\/wp1\/wp-json\/wp\/v2\/posts"}],"about":[{"href":"https:\/\/www.cisa-arica.cl\/wp1\/wp-json\/wp\/v2\/types\/post"}],"author":[{"embeddable":true,"href":"https:\/\/www.cisa-arica.cl\/wp1\/wp-json\/wp\/v2\/users\/5"}],"replies":[{"embeddable":true,"href":"https:\/\/www.cisa-arica.cl\/wp1\/wp-json\/wp\/v2\/comments?post=13069"}],"version-history":[{"count":1,"href":"https:\/\/www.cisa-arica.cl\/wp1\/wp-json\/wp\/v2\/posts\/13069\/revisions"}],"predecessor-version":[{"id":13089,"href":"https:\/\/www.cisa-arica.cl\/wp1\/wp-json\/wp\/v2\/posts\/13069\/revisions\/13089"}],"wp:featuredmedia":[{"embeddable":true,"href":"https:\/\/www.cisa-arica.cl\/wp1\/wp-json\/wp\/v2\/media\/13072"}],"wp:attachment":[{"href":"https:\/\/www.cisa-arica.cl\/wp1\/wp-json\/wp\/v2\/media?parent=13069"}],"wp:term":[{"taxonomy":"category","embeddable":true,"href":"https:\/\/www.cisa-arica.cl\/wp1\/wp-json\/wp\/v2\/categories?post=13069"},{"taxonomy":"post_tag","embeddable":true,"href":"https:\/\/www.cisa-arica.cl\/wp1\/wp-json\/wp\/v2\/tags?post=13069"}],"curies":[{"name":"wp","href":"https:\/\/api.w.org\/{rel}","templated":true}]}}