{"id":12987,"date":"2021-08-31T12:00:07","date_gmt":"2021-08-31T16:00:07","guid":{"rendered":"http:\/\/www.cisa-arica.cl\/wp1\/?p=12987"},"modified":"2021-08-31T12:10:37","modified_gmt":"2021-08-31T16:10:37","slug":"1er-encuentro-mensual-de-jovenes-confirmacion-arica-santiago","status":"publish","type":"post","link":"https:\/\/www.cisa-arica.cl\/wp1\/2021\/08\/31\/1er-encuentro-mensual-de-jovenes-confirmacion-arica-santiago\/","title":{"rendered":"1er Encuentro Mensual de J\u00f3venes Confirmaci\u00f3n Arica-Santiago"},"content":{"rendered":"<p>Estimada Familia Santa Ana:<\/p>\n<p>El pasado viernes 27 de Agosto el Equipo Pastoral Santa Ana celebr\u00f3 junto a nuestras estudiantes el primer <strong>&#8220;Encuentro Juvenil de Confirmaci\u00f3n&#8221;, <\/strong>que reuni\u00f3 a estudiantes de los Colegio Santa Ana de Arica y Santa Ana de Santiago.<\/p>\n<p>Equipo Pastoral CISA<\/p>\n<p>&nbsp;<\/p>\n<div style=\"width: 640px;\" class=\"wp-video\"><video class=\"wp-video-shortcode\" id=\"video-12987-1\" width=\"640\" height=\"352\" preload=\"metadata\" controls=\"controls\"><source type=\"video\/mp4\" src=\"http:\/\/www.cisa-arica.cl\/wp1\/wp-content\/uploads\/2021\/08\/WhatsApp-Video-2021-08-31-at-11.47.04.mp4?_=1\" \/><a href=\"http:\/\/www.cisa-arica.cl\/wp1\/wp-content\/uploads\/2021\/08\/WhatsApp-Video-2021-08-31-at-11.47.04.mp4\">http:\/\/www.cisa-arica.cl\/wp1\/wp-content\/uploads\/2021\/08\/WhatsApp-Video-2021-08-31-at-11.47.04.mp4<\/a><\/video><\/div>\n<p>&nbsp;<\/p>\n","protected":false},"excerpt":{"rendered":"<p>Estimada Familia Santa Ana: El pasado viernes 27 de Agosto el Equipo Pastoral Santa Ana celebr\u00f3 junto a nuestras estudiantes el primer &#8220;Encuentro Juvenil de Confirmaci\u00f3n&#8221;, que reuni\u00f3 a estudiantes de los Colegio Santa Ana de Arica y Santa Ana de Santiago. Equipo Pastoral CISA &nbsp; &nbsp;<\/p>\n","protected":false},"author":5,"featured_media":12988,"comment_status":"closed","ping_status":"open","sticky":false,"template":"","format":"standard","meta":{"_jetpack_memberships_contains_paid_content":false,"footnotes":"","jetpack_publicize_message":"","jetpack_publicize_feature_enabled":true,"jetpack_social_post_already_shared":true,"jetpack_social_options":{"image_generator_settings":{"template":"highway","default_image_id":0,"font":"","enabled":false},"version":2}},"categories":[16],"tags":[],"class_list":["post-12987","post","type-post","status-publish","format-standard","has-post-thumbnail","hentry","category-pastoral"],"jetpack_publicize_connections":[],"jetpack_featured_media_url":"https:\/\/www.cisa-arica.cl\/wp1\/wp-content\/uploads\/2021\/08\/Screenshot_2.png","jetpack_sharing_enabled":true,"jetpack_shortlink":"https:\/\/wp.me\/p84wcz-3nt","jetpack-related-posts":[{"id":13167,"url":"https:\/\/www.cisa-arica.cl\/wp1\/2021\/09\/27\/2o-encuentro-de-jovenes-confirmacion\/","url_meta":{"origin":12987,"position":0},"title":"2\u00ba Encuentro de J\u00f3venes Confirmaci\u00f3n","author":"Jeannette Rivera","date":"27 de Septiembre de 2021","format":false,"excerpt":"Familia Santa Ana: El pasado viernes 24 de Septiembre celebramos el \"2do Encuentro de J\u00f3venes de Confirmaci\u00f3n\", organizado en conjunto por los Colegios Santa Ana de Arica y Santiago. En la alegr\u00eda de la juventud nos reunimos para compartir la fe, dando pasos firmes en este hermoso camino con Cristo.\u2026","rel":"","context":"En &quot;Pastoral&quot;","block_context":{"text":"Pastoral","link":"https:\/\/www.cisa-arica.cl\/wp1\/category\/pastoral\/"},"img":{"alt_text":"","src":"https:\/\/i0.wp.com\/www.cisa-arica.cl\/wp1\/wp-content\/uploads\/2021\/09\/Screenshot_2-1.png?resize=350%2C200&ssl=1","width":350,"height":200,"srcset":"https:\/\/i0.wp.com\/www.cisa-arica.cl\/wp1\/wp-content\/uploads\/2021\/09\/Screenshot_2-1.png?resize=350%2C200&ssl=1 1x, https:\/\/i0.wp.com\/www.cisa-arica.cl\/wp1\/wp-content\/uploads\/2021\/09\/Screenshot_2-1.png?resize=525%2C300&ssl=1 1.5x"},"classes":[]},{"id":12428,"url":"https:\/\/www.cisa-arica.cl\/wp1\/2021\/05\/04\/encuentro-de-oracion-pascua-madre-rosa-gattorno\/","url_meta":{"origin":12987,"position":1},"title":"Encuentro de Oraci\u00f3n Pascua Madre Rosa Gattorno","author":"Jeannette Rivera","date":"4 de Mayo de 2021","format":false,"excerpt":"Ayer Lunes 04 de mayo se reuni\u00f3 la comunidad educativa del Colegio Italiano Santa Ana de Arica y Colegio Santa Ana de Santiago; para hacer oraci\u00f3n en torno a nuestra Madre Rosa Gattorno, fundadora de la Congregaci\u00f3n Hijas de Santa Ana. Conmemorando su paso al cielo junto a Dios. Agredeciendo\u2026","rel":"","context":"En &quot;Pastoral&quot;","block_context":{"text":"Pastoral","link":"https:\/\/www.cisa-arica.cl\/wp1\/category\/pastoral\/"},"img":{"alt_text":"","src":"https:\/\/i0.wp.com\/www.cisa-arica.cl\/wp1\/wp-content\/uploads\/2021\/05\/WhatsApp-Image-2021-05-03-at-11.55.39.jpeg?resize=350%2C200&ssl=1","width":350,"height":200},"classes":[]},{"id":14233,"url":"https:\/\/www.cisa-arica.cl\/wp1\/2021\/12\/06\/sacramentos-de-confirmacion-y-primera-comunion-2\/","url_meta":{"origin":12987,"position":2},"title":"Sacramentos de Confirmaci\u00f3n y Primera Comuni\u00f3n","author":"Jeannette Rivera","date":"6 de Diciembre de 2021","format":false,"excerpt":"Estimada Comunidad Santa Ana: El Viernes 03 de Diciembre, Con el coraz\u00f3n lleno de gratitud y esperanza nos acercamos al altar para celebrar los sacramentos de estos j\u00f3venes que han decidido caminar con Jes\u00fas el camino de la vida. Que nuestra Madre Mar\u00eda Sant\u00edsima les lleve siempre hasta Jes\u00fas y\u2026","rel":"","context":"En &quot;galeria&quot;","block_context":{"text":"galeria","link":"https:\/\/www.cisa-arica.cl\/wp1\/category\/galeria\/"},"img":{"alt_text":"","src":"https:\/\/i0.wp.com\/www.cisa-arica.cl\/wp1\/wp-content\/uploads\/2021\/12\/DSC_2239.jpg?resize=350%2C200&ssl=1","width":350,"height":200,"srcset":"https:\/\/i0.wp.com\/www.cisa-arica.cl\/wp1\/wp-content\/uploads\/2021\/12\/DSC_2239.jpg?resize=350%2C200&ssl=1 1x, https:\/\/i0.wp.com\/www.cisa-arica.cl\/wp1\/wp-content\/uploads\/2021\/12\/DSC_2239.jpg?resize=525%2C300&ssl=1 1.5x, https:\/\/i0.wp.com\/www.cisa-arica.cl\/wp1\/wp-content\/uploads\/2021\/12\/DSC_2239.jpg?resize=700%2C400&ssl=1 2x, https:\/\/i0.wp.com\/www.cisa-arica.cl\/wp1\/wp-content\/uploads\/2021\/12\/DSC_2239.jpg?resize=1050%2C600&ssl=1 3x, https:\/\/i0.wp.com\/www.cisa-arica.cl\/wp1\/wp-content\/uploads\/2021\/12\/DSC_2239.jpg?resize=1400%2C800&ssl=1 4x"},"classes":[]},{"id":20198,"url":"https:\/\/www.cisa-arica.cl\/wp1\/2023\/04\/29\/encuentro-directivos-de-santiago-y-arica\/","url_meta":{"origin":12987,"position":3},"title":"Encuentro Directivos de Santiago y Arica","author":"CISA","date":"29 de Abril de 2023","format":false,"excerpt":"Un encuentro pedag\u00f3gico se llev\u00f3 a cabo entre los equipos directivos del Colegio Polit\u00e9cnico Santa Ana de Santiago y Colegio Italiano santa Ana de Arica. En la oportunidad, fue nuestro colegio quien organiz\u00f3 esta jornada de dos d\u00edas, en donde ambos equipos dialogaron sobre su quehacer pedag\u00f3gico, las proyecciones que\u2026","rel":"","context":"Entrada similar ","block_context":{"text":"Entrada similar ","link":""},"img":{"alt_text":"","src":"https:\/\/i0.wp.com\/www.cisa-arica.cl\/wp1\/wp-content\/uploads\/2023\/04\/DSC_8460.jpg?resize=350%2C200&ssl=1","width":350,"height":200,"srcset":"https:\/\/i0.wp.com\/www.cisa-arica.cl\/wp1\/wp-content\/uploads\/2023\/04\/DSC_8460.jpg?resize=350%2C200&ssl=1 1x, https:\/\/i0.wp.com\/www.cisa-arica.cl\/wp1\/wp-content\/uploads\/2023\/04\/DSC_8460.jpg?resize=525%2C300&ssl=1 1.5x, https:\/\/i0.wp.com\/www.cisa-arica.cl\/wp1\/wp-content\/uploads\/2023\/04\/DSC_8460.jpg?resize=700%2C400&ssl=1 2x, https:\/\/i0.wp.com\/www.cisa-arica.cl\/wp1\/wp-content\/uploads\/2023\/04\/DSC_8460.jpg?resize=1050%2C600&ssl=1 3x"},"classes":[]},{"id":11833,"url":"https:\/\/www.cisa-arica.cl\/wp1\/2020\/12\/08\/finalizacion-mes-de-maria-2020\/","url_meta":{"origin":12987,"position":4},"title":"Finalizaci\u00f3n Mes de Mar\u00eda 2020","author":"Jeannette Rivera","date":"8 de Diciembre de 2020","format":false,"excerpt":"Ayer 7 de diciembre nuestra Familia Santa Ana celebr\u00f3 una Liturgia online por el cierre del Mes de Mar\u00eda 2020, actividad organizada por los Equipos Pastorales, y que reuni\u00f3 a las comunidades educativas de los colegios Italiano Santa Ana y Polit\u00e9cnico Santa Ana de Santiago. Muchas Gracias a todos quienes\u2026","rel":"","context":"En &quot;Pastoral&quot;","block_context":{"text":"Pastoral","link":"https:\/\/www.cisa-arica.cl\/wp1\/category\/pastoral\/"},"img":{"alt_text":"","src":"https:\/\/i0.wp.com\/www.cisa-arica.cl\/wp1\/wp-content\/uploads\/2020\/12\/Rosa-Blanco-C%C3%ADrculo-Flor-Verano-Citas-Instagram-Publicaci%C3%B3n-e1607451315692.jpg?resize=350%2C200&ssl=1","width":350,"height":200},"classes":[]},{"id":12335,"url":"https:\/\/www.cisa-arica.cl\/wp1\/2021\/04\/27\/primeras-comuniones-grupo-1\/","url_meta":{"origin":12987,"position":5},"title":"Primeras Comuniones Grupo 1","author":"Jeannette Rivera","date":"27 de Abril de 2021","format":false,"excerpt":"Estimada Comunidad Santa Ana: Con mucha alegr\u00eda comenzamos ayer Lunes 26 de Abril, nuestras Celebraciones de Primera Comuni\u00f3n. Oremos: Se\u00f1or Jes\u00fas, acompa\u00f1a la vida de estas once queridas estudiantes que se han acercado a ti para recibirte en tu Cuerpo y tu Sangre. Te pedimos no te apartes de ellas\u2026","rel":"","context":"En &quot;Pastoral&quot;","block_context":{"text":"Pastoral","link":"https:\/\/www.cisa-arica.cl\/wp1\/category\/pastoral\/"},"img":{"alt_text":"","src":"https:\/\/i0.wp.com\/www.cisa-arica.cl\/wp1\/wp-content\/uploads\/2021\/04\/WhatsApp-Image-2021-04-27-at-09.02.05-150x150.jpeg?resize=350%2C200&ssl=1","width":350,"height":200,"srcset":"https:\/\/i0.wp.com\/www.cisa-arica.cl\/wp1\/wp-content\/uploads\/2021\/04\/WhatsApp-Image-2021-04-27-at-09.02.05-150x150.jpeg?resize=350%2C200&ssl=1 1x, https:\/\/i0.wp.com\/www.cisa-arica.cl\/wp1\/wp-content\/uploads\/2021\/04\/WhatsApp-Image-2021-04-27-at-09.02.05-150x150.jpeg?resize=525%2C300&ssl=1 1.5x, https:\/\/i0.wp.com\/www.cisa-arica.cl\/wp1\/wp-content\/uploads\/2021\/04\/WhatsApp-Image-2021-04-27-at-09.02.05-150x150.jpeg?resize=700%2C400&ssl=1 2x"},"classes":[]}],"_links":{"self":[{"href":"https:\/\/www.cisa-arica.cl\/wp1\/wp-json\/wp\/v2\/posts\/12987","targetHints":{"allow":["GET"]}}],"collection":[{"href":"https:\/\/www.cisa-arica.cl\/wp1\/wp-json\/wp\/v2\/posts"}],"about":[{"href":"https:\/\/www.cisa-arica.cl\/wp1\/wp-json\/wp\/v2\/types\/post"}],"author":[{"embeddable":true,"href":"https:\/\/www.cisa-arica.cl\/wp1\/wp-json\/wp\/v2\/users\/5"}],"replies":[{"embeddable":true,"href":"https:\/\/www.cisa-arica.cl\/wp1\/wp-json\/wp\/v2\/comments?post=12987"}],"version-history":[{"count":1,"href":"https:\/\/www.cisa-arica.cl\/wp1\/wp-json\/wp\/v2\/posts\/12987\/revisions"}],"predecessor-version":[{"id":12989,"href":"https:\/\/www.cisa-arica.cl\/wp1\/wp-json\/wp\/v2\/posts\/12987\/revisions\/12989"}],"wp:featuredmedia":[{"embeddable":true,"href":"https:\/\/www.cisa-arica.cl\/wp1\/wp-json\/wp\/v2\/media\/12988"}],"wp:attachment":[{"href":"https:\/\/www.cisa-arica.cl\/wp1\/wp-json\/wp\/v2\/media?parent=12987"}],"wp:term":[{"taxonomy":"category","embeddable":true,"href":"https:\/\/www.cisa-arica.cl\/wp1\/wp-json\/wp\/v2\/categories?post=12987"},{"taxonomy":"post_tag","embeddable":true,"href":"https:\/\/www.cisa-arica.cl\/wp1\/wp-json\/wp\/v2\/tags?post=12987"}],"curies":[{"name":"wp","href":"https:\/\/api.w.org\/{rel}","templated":true}]}}