{"id":12964,"date":"2021-08-31T10:23:54","date_gmt":"2021-08-31T14:23:54","guid":{"rendered":"http:\/\/www.cisa-arica.cl\/wp1\/?p=12964"},"modified":"2021-08-31T10:24:18","modified_gmt":"2021-08-31T14:24:18","slug":"12964","status":"publish","type":"post","link":"https:\/\/www.cisa-arica.cl\/wp1\/2021\/08\/31\/12964\/","title":{"rendered":"Informativo Centro de General de Padres"},"content":{"rendered":"<p>Estimada Comunidad Educativa:<\/p>\n<p>Recordar que, considerando la dif\u00edcil situaci\u00f3n vivida por nuestros apoderados, <strong>agradecemos<\/strong> a todos aquellos que con mucho esfuerzo colaboraron con su valioso aporte de $20.000 anuales al Centro General de Padres de nuestro establecimiento. De la misma manera se recuerda que a\u00fan nos encontramos recibiendo este aporte en Oficina de Inspector\u00eda en el horario de 08:00 a 15:30 hrs.<\/p>\n<p>Centro General de Padres CISA<\/p>\n","protected":false},"excerpt":{"rendered":"<p>Estimada Comunidad Educativa: Recordar que, considerando la dif\u00edcil situaci\u00f3n vivida por nuestros apoderados, agradecemos a todos aquellos que con mucho esfuerzo colaboraron con su valioso aporte de $20.000 anuales al Centro General de Padres de nuestro establecimiento. De la misma manera se recuerda que a\u00fan nos encontramos recibiendo este aporte en Oficina de Inspector\u00eda en <a class=\"read-more\" href=\"https:\/\/www.cisa-arica.cl\/wp1\/2021\/08\/31\/12964\/\">Continuar leyendo<\/a><\/p>\n","protected":false},"author":5,"featured_media":12965,"comment_status":"closed","ping_status":"open","sticky":false,"template":"","format":"standard","meta":{"_jetpack_memberships_contains_paid_content":false,"footnotes":"","jetpack_publicize_message":"","jetpack_publicize_feature_enabled":true,"jetpack_social_post_already_shared":true,"jetpack_social_options":{"image_generator_settings":{"template":"highway","default_image_id":0,"font":"","enabled":false},"version":2}},"categories":[5],"tags":[],"class_list":["post-12964","post","type-post","status-publish","format-standard","has-post-thumbnail","hentry","category-uncategorized"],"jetpack_publicize_connections":[],"jetpack_featured_media_url":"https:\/\/www.cisa-arica.cl\/wp1\/wp-content\/uploads\/2021\/08\/img_7612.jpg","jetpack_sharing_enabled":true,"jetpack_shortlink":"https:\/\/wp.me\/s84wcz-12964","jetpack-related-posts":[{"id":23671,"url":"https:\/\/www.cisa-arica.cl\/wp1\/2023\/12\/12\/proceso-de-matricula-estudiantes-antiguas-2024\/","url_meta":{"origin":12964,"position":0},"title":"Proceso de Matr\u00edcula Estudiantes Antiguas 2024","author":"Jeannette Rivera","date":"12 de Diciembre de 2023","format":false,"excerpt":"Se recuerda a los apoderados que el proceso de matr\u00edcula para al a\u00f1o 2024 se inicia este jueves 14 y finaliza el jueves 21 de diciembre. La documentaci\u00f3n que deben traer es: Documentaci\u00f3n para estudiantes nuevas de Educaci\u00f3n B\u00e1sica y Media Certificado de nacimiento para todo tr\u00e1mite. Informe Registro Social\u2026","rel":"","context":"Entrada similar ","block_context":{"text":"Entrada similar ","link":""},"img":{"alt_text":"","src":"https:\/\/i0.wp.com\/www.cisa-arica.cl\/wp1\/wp-content\/uploads\/2023\/12\/WhatsApp-Image-2023-12-12-at-08.34.48.jpeg?resize=350%2C200&ssl=1","width":350,"height":200,"srcset":"https:\/\/i0.wp.com\/www.cisa-arica.cl\/wp1\/wp-content\/uploads\/2023\/12\/WhatsApp-Image-2023-12-12-at-08.34.48.jpeg?resize=350%2C200&ssl=1 1x, https:\/\/i0.wp.com\/www.cisa-arica.cl\/wp1\/wp-content\/uploads\/2023\/12\/WhatsApp-Image-2023-12-12-at-08.34.48.jpeg?resize=525%2C300&ssl=1 1.5x, https:\/\/i0.wp.com\/www.cisa-arica.cl\/wp1\/wp-content\/uploads\/2023\/12\/WhatsApp-Image-2023-12-12-at-08.34.48.jpeg?resize=700%2C400&ssl=1 2x"},"classes":[]},{"id":10294,"url":"https:\/\/www.cisa-arica.cl\/wp1\/2020\/03\/11\/primera-reunion-centro-de-padres\/","url_meta":{"origin":12964,"position":1},"title":"Primera reuni\u00f3n Centro de Padres","author":"Jeannette Rivera","date":"11 de Marzo de 2020","format":false,"excerpt":"Ayer martes 10 de marzo se llev\u00f3 a cabo la primera reuni\u00f3n del Centro de Padres del establecimiento, en la cual un apoderado representante por cada curso se reuni\u00f3 con la Hermanda directora Adela Espinoza y la Coordinadora del Centro de Padres profesora Marisol Morales para recibir informaciones generales sobre\u2026","rel":"","context":"Entrada similar ","block_context":{"text":"Entrada similar ","link":""},"img":{"alt_text":"","src":"https:\/\/i0.wp.com\/www.cisa-arica.cl\/wp1\/wp-content\/uploads\/2020\/03\/aad.jpeg?resize=350%2C200&ssl=1","width":350,"height":200,"srcset":"https:\/\/i0.wp.com\/www.cisa-arica.cl\/wp1\/wp-content\/uploads\/2020\/03\/aad.jpeg?resize=350%2C200&ssl=1 1x, https:\/\/i0.wp.com\/www.cisa-arica.cl\/wp1\/wp-content\/uploads\/2020\/03\/aad.jpeg?resize=525%2C300&ssl=1 1.5x, https:\/\/i0.wp.com\/www.cisa-arica.cl\/wp1\/wp-content\/uploads\/2020\/03\/aad.jpeg?resize=700%2C400&ssl=1 2x, https:\/\/i0.wp.com\/www.cisa-arica.cl\/wp1\/wp-content\/uploads\/2020\/03\/aad.jpeg?resize=1050%2C600&ssl=1 3x"},"classes":[]},{"id":10075,"url":"https:\/\/www.cisa-arica.cl\/wp1\/2019\/11\/07\/comunicado-centro-general-de-padres-y-apoderados\/","url_meta":{"origin":12964,"position":2},"title":"Comunicado Centro General de Padres y Apoderados","author":"Jeannette Rivera","date":"7 de Noviembre de 2019","format":false,"excerpt":"","rel":"","context":"Entrada similar ","block_context":{"text":"Entrada similar ","link":""},"img":{"alt_text":"","src":"https:\/\/i0.wp.com\/www.cisa-arica.cl\/wp1\/wp-content\/uploads\/2019\/11\/COMUNICADO-OFICIAL.jpg?resize=350%2C200&ssl=1","width":350,"height":200,"srcset":"https:\/\/i0.wp.com\/www.cisa-arica.cl\/wp1\/wp-content\/uploads\/2019\/11\/COMUNICADO-OFICIAL.jpg?resize=350%2C200&ssl=1 1x, https:\/\/i0.wp.com\/www.cisa-arica.cl\/wp1\/wp-content\/uploads\/2019\/11\/COMUNICADO-OFICIAL.jpg?resize=525%2C300&ssl=1 1.5x, https:\/\/i0.wp.com\/www.cisa-arica.cl\/wp1\/wp-content\/uploads\/2019\/11\/COMUNICADO-OFICIAL.jpg?resize=700%2C400&ssl=1 2x"},"classes":[]},{"id":8342,"url":"https:\/\/www.cisa-arica.cl\/wp1\/2019\/08\/06\/informativo-de-reunion-centro-de-padres\/","url_meta":{"origin":12964,"position":3},"title":"Informativo de reuni\u00f3n Centro de Padres","author":"Jeannette Rivera","date":"6 de Agosto de 2019","format":false,"excerpt":"Estimados padres y apoderados: Este lunes 5 de agosto se realiz\u00f3 la 3\u00aa reuni\u00f3n de la directiva del Centro de Padres del Colegio, cuyo tema principal fue la organizaci\u00f3n de la Kermesse de Fiestas Patrias a realizarse el pr\u00f3ximo s\u00e1bado 14 de septiembre. Lo que se acord\u00f3 en dicha reuni\u00f3n\u2026","rel":"","context":"Entrada similar ","block_context":{"text":"Entrada similar ","link":""},"img":{"alt_text":"","src":"https:\/\/i0.wp.com\/www.cisa-arica.cl\/wp1\/wp-content\/uploads\/2019\/08\/Screenshot_3-1.jpg?resize=350%2C200&ssl=1","width":350,"height":200,"srcset":"https:\/\/i0.wp.com\/www.cisa-arica.cl\/wp1\/wp-content\/uploads\/2019\/08\/Screenshot_3-1.jpg?resize=350%2C200&ssl=1 1x, https:\/\/i0.wp.com\/www.cisa-arica.cl\/wp1\/wp-content\/uploads\/2019\/08\/Screenshot_3-1.jpg?resize=525%2C300&ssl=1 1.5x"},"classes":[]},{"id":12229,"url":"https:\/\/www.cisa-arica.cl\/wp1\/2021\/03\/02\/reunion-online-centro-general-de-padres\/","url_meta":{"origin":12964,"position":4},"title":"Reuni\u00f3n Online Centro General de Padres","author":"CISA","date":"2 de Marzo de 2021","format":false,"excerpt":"Reuni\u00f3n Plan de Retorno Seguro 2021 Im\u00e1genes:\u00a0 \u00a0","rel":"","context":"Entrada similar ","block_context":{"text":"Entrada similar ","link":""},"img":{"alt_text":"","src":"https:\/\/i0.wp.com\/www.cisa-arica.cl\/wp1\/wp-content\/uploads\/2021\/04\/IMG-20210412-WA0005.jpg?resize=350%2C200&ssl=1","width":350,"height":200,"srcset":"https:\/\/i0.wp.com\/www.cisa-arica.cl\/wp1\/wp-content\/uploads\/2021\/04\/IMG-20210412-WA0005.jpg?resize=350%2C200&ssl=1 1x, https:\/\/i0.wp.com\/www.cisa-arica.cl\/wp1\/wp-content\/uploads\/2021\/04\/IMG-20210412-WA0005.jpg?resize=525%2C300&ssl=1 1.5x, https:\/\/i0.wp.com\/www.cisa-arica.cl\/wp1\/wp-content\/uploads\/2021\/04\/IMG-20210412-WA0005.jpg?resize=700%2C400&ssl=1 2x, https:\/\/i0.wp.com\/www.cisa-arica.cl\/wp1\/wp-content\/uploads\/2021\/04\/IMG-20210412-WA0005.jpg?resize=1050%2C600&ssl=1 3x"},"classes":[]},{"id":10481,"url":"https:\/\/www.cisa-arica.cl\/wp1\/2020\/05\/08\/centro-general-de-padres-y-apoderados\/","url_meta":{"origin":12964,"position":5},"title":"Centro General de Padres y Apoderados","author":"CISA","date":"8 de Mayo de 2020","format":false,"excerpt":"Estimada comunidad. Esperando que se encuentren bien junto a los suyos, queremos agradecer el apoyo otorgado por el Centro General de Padres y Apoderados, quienes han aportado con canastas de alimentos no perecibles y \u00fatiles de aseo destinada a 20 de nuestras estudiantes y sus familias que en estos momentos\u2026","rel":"","context":"Entrada similar ","block_context":{"text":"Entrada similar ","link":""},"img":{"alt_text":"","src":"","width":0,"height":0},"classes":[]}],"_links":{"self":[{"href":"https:\/\/www.cisa-arica.cl\/wp1\/wp-json\/wp\/v2\/posts\/12964","targetHints":{"allow":["GET"]}}],"collection":[{"href":"https:\/\/www.cisa-arica.cl\/wp1\/wp-json\/wp\/v2\/posts"}],"about":[{"href":"https:\/\/www.cisa-arica.cl\/wp1\/wp-json\/wp\/v2\/types\/post"}],"author":[{"embeddable":true,"href":"https:\/\/www.cisa-arica.cl\/wp1\/wp-json\/wp\/v2\/users\/5"}],"replies":[{"embeddable":true,"href":"https:\/\/www.cisa-arica.cl\/wp1\/wp-json\/wp\/v2\/comments?post=12964"}],"version-history":[{"count":2,"href":"https:\/\/www.cisa-arica.cl\/wp1\/wp-json\/wp\/v2\/posts\/12964\/revisions"}],"predecessor-version":[{"id":12967,"href":"https:\/\/www.cisa-arica.cl\/wp1\/wp-json\/wp\/v2\/posts\/12964\/revisions\/12967"}],"wp:featuredmedia":[{"embeddable":true,"href":"https:\/\/www.cisa-arica.cl\/wp1\/wp-json\/wp\/v2\/media\/12965"}],"wp:attachment":[{"href":"https:\/\/www.cisa-arica.cl\/wp1\/wp-json\/wp\/v2\/media?parent=12964"}],"wp:term":[{"taxonomy":"category","embeddable":true,"href":"https:\/\/www.cisa-arica.cl\/wp1\/wp-json\/wp\/v2\/categories?post=12964"},{"taxonomy":"post_tag","embeddable":true,"href":"https:\/\/www.cisa-arica.cl\/wp1\/wp-json\/wp\/v2\/tags?post=12964"}],"curies":[{"name":"wp","href":"https:\/\/api.w.org\/{rel}","templated":true}]}}