{"id":12952,"date":"2021-08-30T09:56:44","date_gmt":"2021-08-30T13:56:44","guid":{"rendered":"http:\/\/www.cisa-arica.cl\/wp1\/?p=12952"},"modified":"2021-08-30T09:56:44","modified_gmt":"2021-08-30T13:56:44","slug":"encuentro-para-apoderados-de-7obasico-a-1o-medio","status":"publish","type":"post","link":"https:\/\/www.cisa-arica.cl\/wp1\/2021\/08\/30\/encuentro-para-apoderados-de-7obasico-a-1o-medio\/","title":{"rendered":"Encuentro para Apoderados de 7\u00bab\u00e1sico a 1\u00ba Medio"},"content":{"rendered":"<p>Estimados Apoderados y Apoderadas:<\/p>\n<div>Junto con saludar y desear que se encuentren bien, nos complace invitarles a un <strong>Encuentro de Contenci\u00f3n Socioemocional<\/strong> para madres, padres o cuidadores de nuestras estudiantes de <strong>7mo B\u00e1sico\u00a0 a 1ero Medio<\/strong>, cuyo objetivo es dar un espacio de escucha activa y conversar sobre \u00bfc\u00f3mo hemos sobrellevado esta pandemia?<\/div>\n<div><\/div>\n<div>\n<div><b>Nos reuniremos este Jueves 02 de Septiembre\u00a0 a las\u00a0 18:00 hrs. a trav\u00e9s de la aplicaci\u00f3n Meet.<\/b><\/div>\n<div><b>\u00a0<\/b><\/div>\n<div>Los y las\u00a0 esperamos.<span style=\"color: #888888;\"><br \/>\n<\/span><\/div>\n<div><\/div>\n<\/div>\n<div dir=\"ltr\" data-smartmail=\"gmail_signature\">\n<div dir=\"ltr\"><b><span style=\"color: #674ea7;\">Convivencia Escolar y Equipo Psicosocial<\/span><\/b><\/p>\n<div><b><span style=\"color: #674ea7;\">Colegio Italiano Santa Ana<\/span><\/b><b><\/b><\/div>\n<\/div>\n<\/div>\n<p>&nbsp;<\/p>\n","protected":false},"excerpt":{"rendered":"<p>Estimados Apoderados y Apoderadas: Junto con saludar y desear que se encuentren bien, nos complace invitarles a un Encuentro de Contenci\u00f3n Socioemocional para madres, padres o cuidadores de nuestras estudiantes de 7mo B\u00e1sico\u00a0 a 1ero Medio, cuyo objetivo es dar un espacio de escucha activa y conversar sobre \u00bfc\u00f3mo hemos sobrellevado esta pandemia? Nos reuniremos <a class=\"read-more\" href=\"https:\/\/www.cisa-arica.cl\/wp1\/2021\/08\/30\/encuentro-para-apoderados-de-7obasico-a-1o-medio\/\">Continuar leyendo<\/a><\/p>\n","protected":false},"author":5,"featured_media":12953,"comment_status":"closed","ping_status":"open","sticky":false,"template":"","format":"standard","meta":{"_jetpack_memberships_contains_paid_content":false,"footnotes":"","jetpack_publicize_message":"","jetpack_publicize_feature_enabled":true,"jetpack_social_post_already_shared":true,"jetpack_social_options":{"image_generator_settings":{"template":"highway","default_image_id":0,"font":"","enabled":false},"version":2}},"categories":[5],"tags":[],"class_list":["post-12952","post","type-post","status-publish","format-standard","has-post-thumbnail","hentry","category-uncategorized"],"jetpack_publicize_connections":[],"jetpack_featured_media_url":"https:\/\/www.cisa-arica.cl\/wp1\/wp-content\/uploads\/2021\/08\/Screenshot_5.png","jetpack_sharing_enabled":true,"jetpack_shortlink":"https:\/\/wp.me\/p84wcz-3mU","jetpack-related-posts":[{"id":19566,"url":"https:\/\/www.cisa-arica.cl\/wp1\/2023\/03\/27\/reunion-de-apoderados-desde-prekinder-a-6to-basico\/","url_meta":{"origin":12952,"position":0},"title":"Reuni\u00f3n de Apoderados desde Prekinder a 6to b\u00e1sico","author":"Jeannette Rivera","date":"27 de Marzo de 2023","format":false,"excerpt":"Se recuerda a los padres y apoderados que ma\u00f1ana martes 28 de marzo, se realizar\u00e1 la primera reuni\u00f3n de Padres y Apoderados para los cursos de Prekinder a 6tos a\u00f1os b\u00e1sicos. La hora de inicio para las reuniones est\u00e1 \u00a0programada\u00a0 para las 18 horas. por lo que se solicita puntualidad.\u2026","rel":"","context":"Entrada similar ","block_context":{"text":"Entrada similar ","link":""},"img":{"alt_text":"","src":"","width":0,"height":0},"classes":[]},{"id":29052,"url":"https:\/\/www.cisa-arica.cl\/wp1\/2025\/10\/10\/reunion-de-apoderados-12\/","url_meta":{"origin":12952,"position":1},"title":"Reuni\u00f3n de Apoderados","author":"Jeannette Rivera","date":"10 de Octubre de 2025","format":false,"excerpt":"Estimados padres y apoderados: Se comunica las fechas de las pr\u00f3ximas reuniones de apoderados las cuales ya fueron enviadas a los correos institucionales de las estudiantes. MARTES 14.10.2025 18.00 HRS. Reuniones para los niveles desde Educaci\u00f3n Parvularia a 6\u00b0 B\u00e1sico, incluyendo la reuni\u00f3n del 8\u00b0 B\u00e1sico B de la profesora\u2026","rel":"","context":"Entrada similar ","block_context":{"text":"Entrada similar ","link":""},"img":{"alt_text":"","src":"https:\/\/i0.wp.com\/www.cisa-arica.cl\/wp1\/wp-content\/uploads\/2025\/10\/Reunion-de-padres-y-apoderados-2025.png?resize=350%2C200&ssl=1","width":350,"height":200,"srcset":"https:\/\/i0.wp.com\/www.cisa-arica.cl\/wp1\/wp-content\/uploads\/2025\/10\/Reunion-de-padres-y-apoderados-2025.png?resize=350%2C200&ssl=1 1x, https:\/\/i0.wp.com\/www.cisa-arica.cl\/wp1\/wp-content\/uploads\/2025\/10\/Reunion-de-padres-y-apoderados-2025.png?resize=525%2C300&ssl=1 1.5x, https:\/\/i0.wp.com\/www.cisa-arica.cl\/wp1\/wp-content\/uploads\/2025\/10\/Reunion-de-padres-y-apoderados-2025.png?resize=700%2C400&ssl=1 2x, https:\/\/i0.wp.com\/www.cisa-arica.cl\/wp1\/wp-content\/uploads\/2025\/10\/Reunion-de-padres-y-apoderados-2025.png?resize=1050%2C600&ssl=1 3x, https:\/\/i0.wp.com\/www.cisa-arica.cl\/wp1\/wp-content\/uploads\/2025\/10\/Reunion-de-padres-y-apoderados-2025.png?resize=1400%2C800&ssl=1 4x"},"classes":[]},{"id":28458,"url":"https:\/\/www.cisa-arica.cl\/wp1\/2025\/05\/27\/reuniones-de-apoderados-3\/","url_meta":{"origin":12952,"position":2},"title":"Reuniones de Apoderados","author":"Jeannette Rivera","date":"27 de Mayo de 2025","format":false,"excerpt":"Estimado(a) Apoderado(a) Se comunica que la pr\u00f3xima semana se realizar\u00e1n las reuniones de apoderados en las siguientes fechas: PREKINDER HASTA 6\u00ba B\u00c1SICO MARTES 03 DE JUNIO 2025 18.00 HRS. \u00a0 \u00a07\u00ba B\u00c1SICO HASTA 4\u00ba MEDIO MI\u00c9RCOLES 04 DE JUNIO 2025 18.00 HRS. El ingreso para ambas jornadas de reuniones ser\u00e1\u2026","rel":"","context":"Entrada similar ","block_context":{"text":"Entrada similar ","link":""},"img":{"alt_text":"","src":"https:\/\/i0.wp.com\/www.cisa-arica.cl\/wp1\/wp-content\/uploads\/2025\/05\/Reunion-de-padres-y-apoderados-2025.png?resize=350%2C200&ssl=1","width":350,"height":200,"srcset":"https:\/\/i0.wp.com\/www.cisa-arica.cl\/wp1\/wp-content\/uploads\/2025\/05\/Reunion-de-padres-y-apoderados-2025.png?resize=350%2C200&ssl=1 1x, https:\/\/i0.wp.com\/www.cisa-arica.cl\/wp1\/wp-content\/uploads\/2025\/05\/Reunion-de-padres-y-apoderados-2025.png?resize=525%2C300&ssl=1 1.5x, https:\/\/i0.wp.com\/www.cisa-arica.cl\/wp1\/wp-content\/uploads\/2025\/05\/Reunion-de-padres-y-apoderados-2025.png?resize=700%2C400&ssl=1 2x, https:\/\/i0.wp.com\/www.cisa-arica.cl\/wp1\/wp-content\/uploads\/2025\/05\/Reunion-de-padres-y-apoderados-2025.png?resize=1050%2C600&ssl=1 3x, https:\/\/i0.wp.com\/www.cisa-arica.cl\/wp1\/wp-content\/uploads\/2025\/05\/Reunion-de-padres-y-apoderados-2025.png?resize=1400%2C800&ssl=1 4x"},"classes":[]},{"id":19473,"url":"https:\/\/www.cisa-arica.cl\/wp1\/2023\/03\/21\/reunion-de-apoderados-7mo-a-2do-medio\/","url_meta":{"origin":12952,"position":3},"title":"Reuni\u00f3n de Apoderados 7mo a 2do Medio","author":"Jeannette Rivera","date":"21 de Marzo de 2023","format":false,"excerpt":"Este jueves 23 de marzo, se realizar\u00e1 la primera reuni\u00f3n de Padres y Apoderados para los cursos de S\u00e9ptimos B\u00e1sicos a Segundos a\u00f1os Medios . La hora de inicio para las reuniones est\u00e1 \u00a0programada \u00a0a las 18 horas. El colegio y la familia cumplen un rol importante en la formaci\u00f3n\u2026","rel":"","context":"Entrada similar ","block_context":{"text":"Entrada similar ","link":""},"img":{"alt_text":"","src":"https:\/\/i0.wp.com\/www.cisa-arica.cl\/wp1\/wp-content\/uploads\/2023\/03\/74236608-452C-406B-851E-1ADF0246BB47.jpeg?resize=350%2C200&ssl=1","width":350,"height":200,"srcset":"https:\/\/i0.wp.com\/www.cisa-arica.cl\/wp1\/wp-content\/uploads\/2023\/03\/74236608-452C-406B-851E-1ADF0246BB47.jpeg?resize=350%2C200&ssl=1 1x, https:\/\/i0.wp.com\/www.cisa-arica.cl\/wp1\/wp-content\/uploads\/2023\/03\/74236608-452C-406B-851E-1ADF0246BB47.jpeg?resize=525%2C300&ssl=1 1.5x, https:\/\/i0.wp.com\/www.cisa-arica.cl\/wp1\/wp-content\/uploads\/2023\/03\/74236608-452C-406B-851E-1ADF0246BB47.jpeg?resize=700%2C400&ssl=1 2x, https:\/\/i0.wp.com\/www.cisa-arica.cl\/wp1\/wp-content\/uploads\/2023\/03\/74236608-452C-406B-851E-1ADF0246BB47.jpeg?resize=1050%2C600&ssl=1 3x, https:\/\/i0.wp.com\/www.cisa-arica.cl\/wp1\/wp-content\/uploads\/2023\/03\/74236608-452C-406B-851E-1ADF0246BB47.jpeg?resize=1400%2C800&ssl=1 4x"},"classes":[]},{"id":27288,"url":"https:\/\/www.cisa-arica.cl\/wp1\/2024\/11\/04\/reuniones-de-apoderados-2\/","url_meta":{"origin":12952,"position":4},"title":"Reuniones de Apoderados","author":"Jeannette Rivera","date":"4 de Noviembre de 2024","format":false,"excerpt":"Estimados padres y apoderados: \u00a0 \u00a0Se recuerda que este Martes 05 y Mi\u00e9rcoles 06 de Noviembre se realizar\u00e1n las \u00faltimas reuniones de apoderados, por lo tanto, su asistencia es primordial para recibir la informaci\u00f3n correspondiente a la situaci\u00f3n pedag\u00f3gica general del curso, pr\u00f3ximas actividades y fechas relevantes para el proceso\u2026","rel":"","context":"Entrada similar ","block_context":{"text":"Entrada similar ","link":""},"img":{"alt_text":"","src":"https:\/\/i0.wp.com\/www.cisa-arica.cl\/wp1\/wp-content\/uploads\/2024\/11\/REUNIONES-NOVIEMBRE-1.png?resize=350%2C200&ssl=1","width":350,"height":200,"srcset":"https:\/\/i0.wp.com\/www.cisa-arica.cl\/wp1\/wp-content\/uploads\/2024\/11\/REUNIONES-NOVIEMBRE-1.png?resize=350%2C200&ssl=1 1x, https:\/\/i0.wp.com\/www.cisa-arica.cl\/wp1\/wp-content\/uploads\/2024\/11\/REUNIONES-NOVIEMBRE-1.png?resize=525%2C300&ssl=1 1.5x, https:\/\/i0.wp.com\/www.cisa-arica.cl\/wp1\/wp-content\/uploads\/2024\/11\/REUNIONES-NOVIEMBRE-1.png?resize=700%2C400&ssl=1 2x, https:\/\/i0.wp.com\/www.cisa-arica.cl\/wp1\/wp-content\/uploads\/2024\/11\/REUNIONES-NOVIEMBRE-1.png?resize=1050%2C600&ssl=1 3x, https:\/\/i0.wp.com\/www.cisa-arica.cl\/wp1\/wp-content\/uploads\/2024\/11\/REUNIONES-NOVIEMBRE-1.png?resize=1400%2C800&ssl=1 4x"},"classes":[]},{"id":26376,"url":"https:\/\/www.cisa-arica.cl\/wp1\/2024\/08\/23\/reuniones-de-apoderados\/","url_meta":{"origin":12952,"position":5},"title":"Reuniones de Apoderados","author":"Jeannette Rivera","date":"23 de Agosto de 2024","format":false,"excerpt":"Se recuerda a los padres y apoderados las fechas y horarios de la pr\u00f3xima reuni\u00f3n de Apoderados, las cuales fueron enviadas al correo institucional de las estudiantes el pasado martes 20 de agosto. ED. PARVULARIA Y ED. B\u00c1SICA MARTES 27 DE AGOSTO 2024 18.00 HRS. REUNIONES DESDE EDUCACI\u00d3N PARVULARIA (Prekinder,\u2026","rel":"","context":"Entrada similar ","block_context":{"text":"Entrada similar ","link":""},"img":{"alt_text":"","src":"https:\/\/i0.wp.com\/www.cisa-arica.cl\/wp1\/wp-content\/uploads\/2024\/08\/WhatsApp-Image-2024-08-23-at-1.34.10-PM.jpeg?resize=350%2C200&ssl=1","width":350,"height":200,"srcset":"https:\/\/i0.wp.com\/www.cisa-arica.cl\/wp1\/wp-content\/uploads\/2024\/08\/WhatsApp-Image-2024-08-23-at-1.34.10-PM.jpeg?resize=350%2C200&ssl=1 1x, https:\/\/i0.wp.com\/www.cisa-arica.cl\/wp1\/wp-content\/uploads\/2024\/08\/WhatsApp-Image-2024-08-23-at-1.34.10-PM.jpeg?resize=525%2C300&ssl=1 1.5x, https:\/\/i0.wp.com\/www.cisa-arica.cl\/wp1\/wp-content\/uploads\/2024\/08\/WhatsApp-Image-2024-08-23-at-1.34.10-PM.jpeg?resize=700%2C400&ssl=1 2x"},"classes":[]}],"_links":{"self":[{"href":"https:\/\/www.cisa-arica.cl\/wp1\/wp-json\/wp\/v2\/posts\/12952","targetHints":{"allow":["GET"]}}],"collection":[{"href":"https:\/\/www.cisa-arica.cl\/wp1\/wp-json\/wp\/v2\/posts"}],"about":[{"href":"https:\/\/www.cisa-arica.cl\/wp1\/wp-json\/wp\/v2\/types\/post"}],"author":[{"embeddable":true,"href":"https:\/\/www.cisa-arica.cl\/wp1\/wp-json\/wp\/v2\/users\/5"}],"replies":[{"embeddable":true,"href":"https:\/\/www.cisa-arica.cl\/wp1\/wp-json\/wp\/v2\/comments?post=12952"}],"version-history":[{"count":1,"href":"https:\/\/www.cisa-arica.cl\/wp1\/wp-json\/wp\/v2\/posts\/12952\/revisions"}],"predecessor-version":[{"id":12954,"href":"https:\/\/www.cisa-arica.cl\/wp1\/wp-json\/wp\/v2\/posts\/12952\/revisions\/12954"}],"wp:featuredmedia":[{"embeddable":true,"href":"https:\/\/www.cisa-arica.cl\/wp1\/wp-json\/wp\/v2\/media\/12953"}],"wp:attachment":[{"href":"https:\/\/www.cisa-arica.cl\/wp1\/wp-json\/wp\/v2\/media?parent=12952"}],"wp:term":[{"taxonomy":"category","embeddable":true,"href":"https:\/\/www.cisa-arica.cl\/wp1\/wp-json\/wp\/v2\/categories?post=12952"},{"taxonomy":"post_tag","embeddable":true,"href":"https:\/\/www.cisa-arica.cl\/wp1\/wp-json\/wp\/v2\/tags?post=12952"}],"curies":[{"name":"wp","href":"https:\/\/api.w.org\/{rel}","templated":true}]}}