{"id":12949,"date":"2021-08-30T09:04:38","date_gmt":"2021-08-30T13:04:38","guid":{"rendered":"http:\/\/www.cisa-arica.cl\/wp1\/?p=12949"},"modified":"2021-08-30T09:04:38","modified_gmt":"2021-08-30T13:04:38","slug":"concurso-de-payas-payando-ando-en-el-cisa","status":"publish","type":"post","link":"https:\/\/www.cisa-arica.cl\/wp1\/2021\/08\/30\/concurso-de-payas-payando-ando-en-el-cisa\/","title":{"rendered":"Concurso de Payas: &#8220;Payando ando en el CISA&#8221;"},"content":{"rendered":"<p>Estimada Comunidad Educativa:<\/p>\n<p>El Departamento de Educaci\u00f3n F\u00edsica del Colegio Italiano Santa Ana invita a todas las familias pertenecientes a nuestra Comunidad Educativa desde Prek\u00ednder a Cuarto medio y sus familias a participar del concurso\u00a0<strong>\u201cPayando ando\u201d <\/strong><strong>en el CISA.<\/strong><\/p>\n<p>Para concursar, los y las participantes deber\u00e1n grabar un video con sus payas y enviarlas al correo <strong>convivencia.escolar@cisa-arica.cl<\/strong> , los que ser\u00e1n presentados para su posterior evaluaci\u00f3n y selecci\u00f3n. Las payas pueden ser recitadas r\u00edtmicamente a trav\u00e9s de una pista, instrumento o a capella. Los y las participantes pueden presentar un m\u00e1ximo de 2 payas. <strong>Para m\u00e1s indicaciones, por favor revisar nuestras Bases.<\/strong><\/p>\n<p>La fecha de recepci\u00f3n ser\u00e1 hasta el 13 de Septiembre hasta las 23:59.<\/p>\n<p><strong>\u00a1Los invitamos!<\/strong><\/p>\n<p><em><strong>Dpto. de Educaci\u00f3n F\u00edsica<\/strong><\/em><\/p>\n<p><a href=\"http:\/\/www.cisa-arica.cl\/wp1\/wp-content\/uploads\/2021\/08\/Concurso-de-Payas-Dieciocheras.pdf\"><strong>REVISA NUESTRAS BASES DEL CONCURSO AQU\u00cd<\/strong><\/a><\/p>\n","protected":false},"excerpt":{"rendered":"<p>Estimada Comunidad Educativa: El Departamento de Educaci\u00f3n F\u00edsica del Colegio Italiano Santa Ana invita a todas las familias pertenecientes a nuestra Comunidad Educativa desde Prek\u00ednder a Cuarto medio y sus familias a participar del concurso\u00a0\u201cPayando ando\u201d en el CISA. Para concursar, los y las participantes deber\u00e1n grabar un video con sus payas y enviarlas al <a class=\"read-more\" href=\"https:\/\/www.cisa-arica.cl\/wp1\/2021\/08\/30\/concurso-de-payas-payando-ando-en-el-cisa\/\">Continuar leyendo<\/a><\/p>\n","protected":false},"author":5,"featured_media":12945,"comment_status":"closed","ping_status":"open","sticky":false,"template":"","format":"standard","meta":{"_jetpack_memberships_contains_paid_content":false,"footnotes":"","jetpack_publicize_message":"","jetpack_publicize_feature_enabled":true,"jetpack_social_post_already_shared":true,"jetpack_social_options":{"image_generator_settings":{"template":"highway","default_image_id":0,"font":"","enabled":false},"version":2}},"categories":[19,5],"tags":[],"class_list":["post-12949","post","type-post","status-publish","format-standard","has-post-thumbnail","hentry","category-cisa","category-uncategorized"],"jetpack_publicize_connections":[],"jetpack_featured_media_url":"https:\/\/www.cisa-arica.cl\/wp1\/wp-content\/uploads\/2021\/08\/Screenshot_3-3.png","jetpack_sharing_enabled":true,"jetpack_shortlink":"https:\/\/wp.me\/p84wcz-3mR","jetpack-related-posts":[{"id":12947,"url":"https:\/\/www.cisa-arica.cl\/wp1\/2021\/08\/30\/concurso-fotografico-celebro-en-familia\/","url_meta":{"origin":12949,"position":0},"title":"Concurso Fotogr\u00e1fico: &#8220;Celebro en Familia&#8221;","author":"Jeannette Rivera","date":"30 de Agosto de 2021","format":false,"excerpt":"Estimada Comunidad Educativa: El Departamento de Educaci\u00f3n F\u00edsica del Colegio Italiano Santa Ana invita a todas las familias pertenecientes a nuestra Comunidad Educativa desde Prek\u00ednder a Cuarto medio a participar del concurso Celebro el 18 en familia. Para participar, deben crear una fotograf\u00eda junto a su familia donde ambienten sus\u2026","rel":"","context":"En &quot;CISA&quot;","block_context":{"text":"CISA","link":"https:\/\/www.cisa-arica.cl\/wp1\/category\/cisa\/"},"img":{"alt_text":"","src":"https:\/\/i0.wp.com\/www.cisa-arica.cl\/wp1\/wp-content\/uploads\/2021\/08\/Screenshot_4-1.png?resize=350%2C200&ssl=1","width":350,"height":200,"srcset":"https:\/\/i0.wp.com\/www.cisa-arica.cl\/wp1\/wp-content\/uploads\/2021\/08\/Screenshot_4-1.png?resize=350%2C200&ssl=1 1x, https:\/\/i0.wp.com\/www.cisa-arica.cl\/wp1\/wp-content\/uploads\/2021\/08\/Screenshot_4-1.png?resize=525%2C300&ssl=1 1.5x, https:\/\/i0.wp.com\/www.cisa-arica.cl\/wp1\/wp-content\/uploads\/2021\/08\/Screenshot_4-1.png?resize=700%2C400&ssl=1 2x"},"classes":[]},{"id":10571,"url":"https:\/\/www.cisa-arica.cl\/wp1\/2020\/05\/30\/invitacion-concurso-literario\/","url_meta":{"origin":12949,"position":1},"title":"Invitaci\u00f3n Concurso Literario","author":"Jeannette Rivera","date":"30 de Mayo de 2020","format":false,"excerpt":"Estimada Comunidad Educativa: Los invitamos a participar\u00a0del Concurso Literario CISA con el tema \"Mi historia de cuarentena\". Esta actividad organizada por Convivencia Escolar y el Dpto. de Lenguaje y Comunicaci\u00f3n busca que nuestras alumnas y apoderados se expresen a trav\u00e9s de historias, cuentos, poemas y otros medios de creaci\u00f3n literaria.\u2026","rel":"","context":"Entrada similar ","block_context":{"text":"Entrada similar ","link":""},"img":{"alt_text":"","src":"https:\/\/i0.wp.com\/www.cisa-arica.cl\/wp1\/wp-content\/uploads\/2020\/05\/AFICHE.jpg?resize=350%2C200&ssl=1","width":350,"height":200,"srcset":"https:\/\/i0.wp.com\/www.cisa-arica.cl\/wp1\/wp-content\/uploads\/2020\/05\/AFICHE.jpg?resize=350%2C200&ssl=1 1x, https:\/\/i0.wp.com\/www.cisa-arica.cl\/wp1\/wp-content\/uploads\/2020\/05\/AFICHE.jpg?resize=525%2C300&ssl=1 1.5x, https:\/\/i0.wp.com\/www.cisa-arica.cl\/wp1\/wp-content\/uploads\/2020\/05\/AFICHE.jpg?resize=700%2C400&ssl=1 2x"},"classes":[]},{"id":13210,"url":"https:\/\/www.cisa-arica.cl\/wp1\/2021\/10\/04\/concurso-semana-de-la-ciencia\/","url_meta":{"origin":12949,"position":2},"title":"Concurso Semana de la Ciencia","author":"Jeannette Rivera","date":"4 de Octubre de 2021","format":false,"excerpt":"Estimada Comunidad Educativa: Durante esta semana el Departamento de Ciencias de nuestro establecimiento estar\u00e1 celebrando la Semana de la Ciencia y la Tecnolog\u00eda 2021, instancia donde las alumnas podr\u00e1n conocer y valorar el mundo de la ciencia como disciplina. Por ello, hoy tambi\u00e9n se lanza el CONCURSO SEMANA DE LA\u2026","rel":"","context":"En &quot;CISA&quot;","block_context":{"text":"CISA","link":"https:\/\/www.cisa-arica.cl\/wp1\/category\/cisa\/"},"img":{"alt_text":"","src":"https:\/\/i0.wp.com\/www.cisa-arica.cl\/wp1\/wp-content\/uploads\/2021\/10\/POSTER.png?resize=350%2C200&ssl=1","width":350,"height":200,"srcset":"https:\/\/i0.wp.com\/www.cisa-arica.cl\/wp1\/wp-content\/uploads\/2021\/10\/POSTER.png?resize=350%2C200&ssl=1 1x, https:\/\/i0.wp.com\/www.cisa-arica.cl\/wp1\/wp-content\/uploads\/2021\/10\/POSTER.png?resize=525%2C300&ssl=1 1.5x, https:\/\/i0.wp.com\/www.cisa-arica.cl\/wp1\/wp-content\/uploads\/2021\/10\/POSTER.png?resize=700%2C400&ssl=1 2x"},"classes":[]},{"id":10527,"url":"https:\/\/www.cisa-arica.cl\/wp1\/2020\/05\/22\/concurso-fotocisa\/","url_meta":{"origin":12949,"position":3},"title":"Concurso FOTOCISA","author":"CISA","date":"22 de Mayo de 2020","format":false,"excerpt":"Estimada Comunidad Educativa.Junto con saludar y deseando que se encuentren bien junto a su familia, el Equipo Psicosocial junto a Convivencia Escolar, los invita a participar del concurso\u00a0 de fotograf\u00eda\u00a0\"Me expreso en cuarentena\", para ello se adjuntan las bases del concurso el cual tiene 4 categor\u00edas. 1era Categor\u00eda: Estudiantes de\u2026","rel":"","context":"Entrada similar ","block_context":{"text":"Entrada similar ","link":""},"img":{"alt_text":"","src":"https:\/\/i0.wp.com\/www.cisa-arica.cl\/wp1\/wp-content\/uploads\/2020\/05\/1.png?resize=350%2C200&ssl=1","width":350,"height":200,"srcset":"https:\/\/i0.wp.com\/www.cisa-arica.cl\/wp1\/wp-content\/uploads\/2020\/05\/1.png?resize=350%2C200&ssl=1 1x, https:\/\/i0.wp.com\/www.cisa-arica.cl\/wp1\/wp-content\/uploads\/2020\/05\/1.png?resize=525%2C300&ssl=1 1.5x, https:\/\/i0.wp.com\/www.cisa-arica.cl\/wp1\/wp-content\/uploads\/2020\/05\/1.png?resize=700%2C400&ssl=1 2x, https:\/\/i0.wp.com\/www.cisa-arica.cl\/wp1\/wp-content\/uploads\/2020\/05\/1.png?resize=1050%2C600&ssl=1 3x, https:\/\/i0.wp.com\/www.cisa-arica.cl\/wp1\/wp-content\/uploads\/2020\/05\/1.png?resize=1400%2C800&ssl=1 4x"},"classes":[]},{"id":14450,"url":"https:\/\/www.cisa-arica.cl\/wp1\/2021\/12\/20\/graduacion-8vo-basico-a\/","url_meta":{"origin":12949,"position":4},"title":"Graduaci\u00f3n 8vo B\u00e1sico A","author":"CISA","date":"20 de Diciembre de 2021","format":false,"excerpt":"Estimada Comunidad Educativa: Felicitamos a nuestras estudiantes del Octavo B\u00e1sico A, quienes el d\u00eda de ayer Lunes 20 de diciembre tuvieron su ceremonia de graduaci\u00f3n, en la cual junto a sus familias y profesores celebraron el importante paso a la Educaci\u00f3n media. \u00a1Felicitaciones! Colegio Italiano Santa Ana","rel":"","context":"En &quot;galeria&quot;","block_context":{"text":"galeria","link":"https:\/\/www.cisa-arica.cl\/wp1\/category\/galeria\/"},"img":{"alt_text":"","src":"https:\/\/i0.wp.com\/www.cisa-arica.cl\/wp1\/wp-content\/uploads\/2021\/12\/DSC_3462.jpg?resize=350%2C200&ssl=1","width":350,"height":200,"srcset":"https:\/\/i0.wp.com\/www.cisa-arica.cl\/wp1\/wp-content\/uploads\/2021\/12\/DSC_3462.jpg?resize=350%2C200&ssl=1 1x, https:\/\/i0.wp.com\/www.cisa-arica.cl\/wp1\/wp-content\/uploads\/2021\/12\/DSC_3462.jpg?resize=525%2C300&ssl=1 1.5x, https:\/\/i0.wp.com\/www.cisa-arica.cl\/wp1\/wp-content\/uploads\/2021\/12\/DSC_3462.jpg?resize=700%2C400&ssl=1 2x, https:\/\/i0.wp.com\/www.cisa-arica.cl\/wp1\/wp-content\/uploads\/2021\/12\/DSC_3462.jpg?resize=1050%2C600&ssl=1 3x, https:\/\/i0.wp.com\/www.cisa-arica.cl\/wp1\/wp-content\/uploads\/2021\/12\/DSC_3462.jpg?resize=1400%2C800&ssl=1 4x"},"classes":[]},{"id":14540,"url":"https:\/\/www.cisa-arica.cl\/wp1\/2021\/12\/22\/graduacion-8-basico-b\/","url_meta":{"origin":12949,"position":5},"title":"Graduaci\u00f3n 8vo B\u00e1sico B","author":"CISA","date":"22 de Diciembre de 2021","format":false,"excerpt":"Estimada Comunidad Educativa: Felicitamos a nuestras estudiantes del Octavo B\u00e1sico B, quienes el d\u00eda de ayer Martes 21 de diciembre tuvieron su ceremonia de graduaci\u00f3n, en la cual junto a sus familias y profesores celebraron el importante paso a la Educaci\u00f3n media. \u00a1Felicitaciones! Colegio Italiano Santa Ana","rel":"","context":"Entrada similar ","block_context":{"text":"Entrada similar ","link":""},"img":{"alt_text":"","src":"https:\/\/i0.wp.com\/www.cisa-arica.cl\/wp1\/wp-content\/uploads\/2021\/12\/DSC_3630.jpg?resize=350%2C200&ssl=1","width":350,"height":200,"srcset":"https:\/\/i0.wp.com\/www.cisa-arica.cl\/wp1\/wp-content\/uploads\/2021\/12\/DSC_3630.jpg?resize=350%2C200&ssl=1 1x, https:\/\/i0.wp.com\/www.cisa-arica.cl\/wp1\/wp-content\/uploads\/2021\/12\/DSC_3630.jpg?resize=525%2C300&ssl=1 1.5x, https:\/\/i0.wp.com\/www.cisa-arica.cl\/wp1\/wp-content\/uploads\/2021\/12\/DSC_3630.jpg?resize=700%2C400&ssl=1 2x, https:\/\/i0.wp.com\/www.cisa-arica.cl\/wp1\/wp-content\/uploads\/2021\/12\/DSC_3630.jpg?resize=1050%2C600&ssl=1 3x, https:\/\/i0.wp.com\/www.cisa-arica.cl\/wp1\/wp-content\/uploads\/2021\/12\/DSC_3630.jpg?resize=1400%2C800&ssl=1 4x"},"classes":[]}],"_links":{"self":[{"href":"https:\/\/www.cisa-arica.cl\/wp1\/wp-json\/wp\/v2\/posts\/12949","targetHints":{"allow":["GET"]}}],"collection":[{"href":"https:\/\/www.cisa-arica.cl\/wp1\/wp-json\/wp\/v2\/posts"}],"about":[{"href":"https:\/\/www.cisa-arica.cl\/wp1\/wp-json\/wp\/v2\/types\/post"}],"author":[{"embeddable":true,"href":"https:\/\/www.cisa-arica.cl\/wp1\/wp-json\/wp\/v2\/users\/5"}],"replies":[{"embeddable":true,"href":"https:\/\/www.cisa-arica.cl\/wp1\/wp-json\/wp\/v2\/comments?post=12949"}],"version-history":[{"count":1,"href":"https:\/\/www.cisa-arica.cl\/wp1\/wp-json\/wp\/v2\/posts\/12949\/revisions"}],"predecessor-version":[{"id":12951,"href":"https:\/\/www.cisa-arica.cl\/wp1\/wp-json\/wp\/v2\/posts\/12949\/revisions\/12951"}],"wp:featuredmedia":[{"embeddable":true,"href":"https:\/\/www.cisa-arica.cl\/wp1\/wp-json\/wp\/v2\/media\/12945"}],"wp:attachment":[{"href":"https:\/\/www.cisa-arica.cl\/wp1\/wp-json\/wp\/v2\/media?parent=12949"}],"wp:term":[{"taxonomy":"category","embeddable":true,"href":"https:\/\/www.cisa-arica.cl\/wp1\/wp-json\/wp\/v2\/categories?post=12949"},{"taxonomy":"post_tag","embeddable":true,"href":"https:\/\/www.cisa-arica.cl\/wp1\/wp-json\/wp\/v2\/tags?post=12949"}],"curies":[{"name":"wp","href":"https:\/\/api.w.org\/{rel}","templated":true}]}}