{"id":12947,"date":"2021-08-30T08:50:11","date_gmt":"2021-08-30T12:50:11","guid":{"rendered":"http:\/\/www.cisa-arica.cl\/wp1\/?p=12947"},"modified":"2021-08-30T08:57:32","modified_gmt":"2021-08-30T12:57:32","slug":"concurso-fotografico-celebro-en-familia","status":"publish","type":"post","link":"https:\/\/www.cisa-arica.cl\/wp1\/2021\/08\/30\/concurso-fotografico-celebro-en-familia\/","title":{"rendered":"Concurso Fotogr\u00e1fico: &#8220;Celebro en Familia&#8221;"},"content":{"rendered":"<p>Estimada Comunidad Educativa:<\/p>\n<p>El Departamento de Educaci\u00f3n F\u00edsica del Colegio Italiano Santa Ana invita a todas las familias pertenecientes a nuestra Comunidad Educativa desde Prek\u00ednder a Cuarto medio a participar del concurso <strong>Celebro el 18 en familia.<\/strong><\/p>\n<p>Para participar, deben crear una <strong>fotograf\u00eda<\/strong> junto a su familia donde ambienten sus hogares (salas, cocinas, quinchos, patios, etc.) con decoraci\u00f3n alusiva a las Fiestas Patrias chilenas. Los participantes podr\u00e1n enviar sus fotograf\u00edas al correo <strong>convivencia.escolar@cisa-arica.cl<\/strong> indicando el nombre de la familia, numero de contacto y direcci\u00f3n.<\/p>\n<p>Las fechas de recepci\u00f3n ser\u00e1n desde el d\u00eda 13 al 24 de Septiembre hasta las 23:59<\/p>\n<p><strong>\u00a1Los invitamos!<\/strong><\/p>\n<p><em><strong>Dpto. de Educaci\u00f3n F\u00edsica<\/strong><\/em><\/p>\n<p><strong><a href=\"http:\/\/www.cisa-arica.cl\/wp1\/wp-content\/uploads\/2021\/08\/CONCURSO-FOTOGRAFICO.pdf\">REVISA NUESTRAS BASES DEL CONCURSO AQU\u00cd<\/a><br \/>\n<\/strong><\/p>\n<p>&nbsp;<\/p>\n","protected":false},"excerpt":{"rendered":"<p>Estimada Comunidad Educativa: El Departamento de Educaci\u00f3n F\u00edsica del Colegio Italiano Santa Ana invita a todas las familias pertenecientes a nuestra Comunidad Educativa desde Prek\u00ednder a Cuarto medio a participar del concurso Celebro el 18 en familia. Para participar, deben crear una fotograf\u00eda junto a su familia donde ambienten sus hogares (salas, cocinas, quinchos, patios, <a class=\"read-more\" href=\"https:\/\/www.cisa-arica.cl\/wp1\/2021\/08\/30\/concurso-fotografico-celebro-en-familia\/\">Continuar leyendo<\/a><\/p>\n","protected":false},"author":5,"featured_media":12946,"comment_status":"closed","ping_status":"open","sticky":false,"template":"","format":"standard","meta":{"_jetpack_memberships_contains_paid_content":false,"footnotes":"","jetpack_publicize_message":"","jetpack_publicize_feature_enabled":true,"jetpack_social_post_already_shared":true,"jetpack_social_options":{"image_generator_settings":{"template":"highway","default_image_id":0,"font":"","enabled":false},"version":2}},"categories":[19,5],"tags":[],"class_list":["post-12947","post","type-post","status-publish","format-standard","has-post-thumbnail","hentry","category-cisa","category-uncategorized"],"jetpack_publicize_connections":[],"jetpack_featured_media_url":"https:\/\/www.cisa-arica.cl\/wp1\/wp-content\/uploads\/2021\/08\/Screenshot_4-1.png","jetpack_sharing_enabled":true,"jetpack_shortlink":"https:\/\/wp.me\/p84wcz-3mP","jetpack-related-posts":[{"id":12949,"url":"https:\/\/www.cisa-arica.cl\/wp1\/2021\/08\/30\/concurso-de-payas-payando-ando-en-el-cisa\/","url_meta":{"origin":12947,"position":0},"title":"Concurso de Payas: &#8220;Payando ando en el CISA&#8221;","author":"Jeannette Rivera","date":"30 de Agosto de 2021","format":false,"excerpt":"Estimada Comunidad Educativa: El Departamento de Educaci\u00f3n F\u00edsica del Colegio Italiano Santa Ana invita a todas las familias pertenecientes a nuestra Comunidad Educativa desde Prek\u00ednder a Cuarto medio y sus familias a participar del concurso\u00a0\u201cPayando ando\u201d en el CISA. Para concursar, los y las participantes deber\u00e1n grabar un video con\u2026","rel":"","context":"En &quot;CISA&quot;","block_context":{"text":"CISA","link":"https:\/\/www.cisa-arica.cl\/wp1\/category\/cisa\/"},"img":{"alt_text":"","src":"https:\/\/i0.wp.com\/www.cisa-arica.cl\/wp1\/wp-content\/uploads\/2021\/08\/Screenshot_3-3.png?resize=350%2C200&ssl=1","width":350,"height":200,"srcset":"https:\/\/i0.wp.com\/www.cisa-arica.cl\/wp1\/wp-content\/uploads\/2021\/08\/Screenshot_3-3.png?resize=350%2C200&ssl=1 1x, https:\/\/i0.wp.com\/www.cisa-arica.cl\/wp1\/wp-content\/uploads\/2021\/08\/Screenshot_3-3.png?resize=525%2C300&ssl=1 1.5x, https:\/\/i0.wp.com\/www.cisa-arica.cl\/wp1\/wp-content\/uploads\/2021\/08\/Screenshot_3-3.png?resize=700%2C400&ssl=1 2x"},"classes":[]},{"id":10527,"url":"https:\/\/www.cisa-arica.cl\/wp1\/2020\/05\/22\/concurso-fotocisa\/","url_meta":{"origin":12947,"position":1},"title":"Concurso FOTOCISA","author":"CISA","date":"22 de Mayo de 2020","format":false,"excerpt":"Estimada Comunidad Educativa.Junto con saludar y deseando que se encuentren bien junto a su familia, el Equipo Psicosocial junto a Convivencia Escolar, los invita a participar del concurso\u00a0 de fotograf\u00eda\u00a0\"Me expreso en cuarentena\", para ello se adjuntan las bases del concurso el cual tiene 4 categor\u00edas. 1era Categor\u00eda: Estudiantes de\u2026","rel":"","context":"Entrada similar ","block_context":{"text":"Entrada similar ","link":""},"img":{"alt_text":"","src":"https:\/\/i0.wp.com\/www.cisa-arica.cl\/wp1\/wp-content\/uploads\/2020\/05\/1.png?resize=350%2C200&ssl=1","width":350,"height":200,"srcset":"https:\/\/i0.wp.com\/www.cisa-arica.cl\/wp1\/wp-content\/uploads\/2020\/05\/1.png?resize=350%2C200&ssl=1 1x, https:\/\/i0.wp.com\/www.cisa-arica.cl\/wp1\/wp-content\/uploads\/2020\/05\/1.png?resize=525%2C300&ssl=1 1.5x, https:\/\/i0.wp.com\/www.cisa-arica.cl\/wp1\/wp-content\/uploads\/2020\/05\/1.png?resize=700%2C400&ssl=1 2x, https:\/\/i0.wp.com\/www.cisa-arica.cl\/wp1\/wp-content\/uploads\/2020\/05\/1.png?resize=1050%2C600&ssl=1 3x, https:\/\/i0.wp.com\/www.cisa-arica.cl\/wp1\/wp-content\/uploads\/2020\/05\/1.png?resize=1400%2C800&ssl=1 4x"},"classes":[]},{"id":11356,"url":"https:\/\/www.cisa-arica.cl\/wp1\/2020\/08\/27\/capsula-educativa-recreativa\/","url_meta":{"origin":12947,"position":2},"title":"C\u00e1psula Educativa Recreativa","author":"Jeannette Rivera","date":"27 de Agosto de 2020","format":false,"excerpt":"Estimada Comunidad Educativa: A continuaci\u00f3n el Departamento de Educaci\u00f3n F\u00edsica en conjunto con el Equipo de Convivencia Escolar quiere implementar un nuevo espacio para usted y familia, llamado \"Espacio Saludable CISA\", esperamos que lo disfruten. \u00a0 \u00a0","rel":"","context":"En &quot;CISA&quot;","block_context":{"text":"CISA","link":"https:\/\/www.cisa-arica.cl\/wp1\/category\/cisa\/"},"img":{"alt_text":"","src":"https:\/\/i0.wp.com\/www.cisa-arica.cl\/wp1\/wp-content\/uploads\/2020\/08\/c75125ff-6cb8-475e-abd6-abd15289011a.png?resize=350%2C200&ssl=1","width":350,"height":200,"srcset":"https:\/\/i0.wp.com\/www.cisa-arica.cl\/wp1\/wp-content\/uploads\/2020\/08\/c75125ff-6cb8-475e-abd6-abd15289011a.png?resize=350%2C200&ssl=1 1x, https:\/\/i0.wp.com\/www.cisa-arica.cl\/wp1\/wp-content\/uploads\/2020\/08\/c75125ff-6cb8-475e-abd6-abd15289011a.png?resize=525%2C300&ssl=1 1.5x, https:\/\/i0.wp.com\/www.cisa-arica.cl\/wp1\/wp-content\/uploads\/2020\/08\/c75125ff-6cb8-475e-abd6-abd15289011a.png?resize=700%2C400&ssl=1 2x, https:\/\/i0.wp.com\/www.cisa-arica.cl\/wp1\/wp-content\/uploads\/2020\/08\/c75125ff-6cb8-475e-abd6-abd15289011a.png?resize=1050%2C600&ssl=1 3x"},"classes":[]},{"id":12214,"url":"https:\/\/www.cisa-arica.cl\/wp1\/2021\/04\/06\/dia-mundial-de-la-actividad-fisica\/","url_meta":{"origin":12947,"position":3},"title":"D\u00eda mundial de la Actividad F\u00edsica","author":"CISA","date":"6 de Abril de 2021","format":false,"excerpt":"Estimada Comunidad Educativa: Junto con saludarles y esperando se encuentren bien junto a su familia, les comunicamos que hoy 06 de abril se celebra el D\u00eda Mundial de la Actividad F\u00edsica. Sabemos que realizar actividad f\u00edsica da grandes beneficios para la salud. Entre ellos, puede mejorar la fuerza muscular y\u2026","rel":"","context":"Entrada similar ","block_context":{"text":"Entrada similar ","link":""},"img":{"alt_text":"","src":"https:\/\/i0.wp.com\/www.cisa-arica.cl\/wp1\/wp-content\/uploads\/2021\/04\/img_7446.jpg?resize=350%2C200&ssl=1","width":350,"height":200,"srcset":"https:\/\/i0.wp.com\/www.cisa-arica.cl\/wp1\/wp-content\/uploads\/2021\/04\/img_7446.jpg?resize=350%2C200&ssl=1 1x, https:\/\/i0.wp.com\/www.cisa-arica.cl\/wp1\/wp-content\/uploads\/2021\/04\/img_7446.jpg?resize=525%2C300&ssl=1 1.5x, https:\/\/i0.wp.com\/www.cisa-arica.cl\/wp1\/wp-content\/uploads\/2021\/04\/img_7446.jpg?resize=700%2C400&ssl=1 2x"},"classes":[]},{"id":21007,"url":"https:\/\/www.cisa-arica.cl\/wp1\/2023\/06\/23\/celebracion-del-machaq-mara\/","url_meta":{"origin":12947,"position":4},"title":"Celebraci\u00f3n del Machaq Mara","author":"Jeannette Rivera","date":"23 de Junio de 2023","format":false,"excerpt":"El martes 20 de junio, se celebr\u00f3 en nuestro colegio la tradicional festividad del Machaq Mara cuyo significado es A\u00f1o Nuevo Aymara. La actividad estuvo a cargo de Educaci\u00f3n Parvularia quienes prepararon la festividad invitando a algunos grupos folcl\u00f3ricos externos. Uno de los bailarines fue el \u201cYatiri\u201d quien realiz\u00f3\u00a0 la\u2026","rel":"","context":"Entrada similar ","block_context":{"text":"Entrada similar ","link":""},"img":{"alt_text":"","src":"https:\/\/i0.wp.com\/www.cisa-arica.cl\/wp1\/wp-content\/uploads\/2023\/06\/WhatsApp-Image-2023-06-23-at-12.39.07.jpeg?resize=350%2C200&ssl=1","width":350,"height":200,"srcset":"https:\/\/i0.wp.com\/www.cisa-arica.cl\/wp1\/wp-content\/uploads\/2023\/06\/WhatsApp-Image-2023-06-23-at-12.39.07.jpeg?resize=350%2C200&ssl=1 1x, https:\/\/i0.wp.com\/www.cisa-arica.cl\/wp1\/wp-content\/uploads\/2023\/06\/WhatsApp-Image-2023-06-23-at-12.39.07.jpeg?resize=525%2C300&ssl=1 1.5x, https:\/\/i0.wp.com\/www.cisa-arica.cl\/wp1\/wp-content\/uploads\/2023\/06\/WhatsApp-Image-2023-06-23-at-12.39.07.jpeg?resize=700%2C400&ssl=1 2x"},"classes":[]},{"id":10571,"url":"https:\/\/www.cisa-arica.cl\/wp1\/2020\/05\/30\/invitacion-concurso-literario\/","url_meta":{"origin":12947,"position":5},"title":"Invitaci\u00f3n Concurso Literario","author":"Jeannette Rivera","date":"30 de Mayo de 2020","format":false,"excerpt":"Estimada Comunidad Educativa: Los invitamos a participar\u00a0del Concurso Literario CISA con el tema \"Mi historia de cuarentena\". Esta actividad organizada por Convivencia Escolar y el Dpto. de Lenguaje y Comunicaci\u00f3n busca que nuestras alumnas y apoderados se expresen a trav\u00e9s de historias, cuentos, poemas y otros medios de creaci\u00f3n literaria.\u2026","rel":"","context":"Entrada similar ","block_context":{"text":"Entrada similar ","link":""},"img":{"alt_text":"","src":"https:\/\/i0.wp.com\/www.cisa-arica.cl\/wp1\/wp-content\/uploads\/2020\/05\/AFICHE.jpg?resize=350%2C200&ssl=1","width":350,"height":200,"srcset":"https:\/\/i0.wp.com\/www.cisa-arica.cl\/wp1\/wp-content\/uploads\/2020\/05\/AFICHE.jpg?resize=350%2C200&ssl=1 1x, https:\/\/i0.wp.com\/www.cisa-arica.cl\/wp1\/wp-content\/uploads\/2020\/05\/AFICHE.jpg?resize=525%2C300&ssl=1 1.5x, https:\/\/i0.wp.com\/www.cisa-arica.cl\/wp1\/wp-content\/uploads\/2020\/05\/AFICHE.jpg?resize=700%2C400&ssl=1 2x"},"classes":[]}],"_links":{"self":[{"href":"https:\/\/www.cisa-arica.cl\/wp1\/wp-json\/wp\/v2\/posts\/12947","targetHints":{"allow":["GET"]}}],"collection":[{"href":"https:\/\/www.cisa-arica.cl\/wp1\/wp-json\/wp\/v2\/posts"}],"about":[{"href":"https:\/\/www.cisa-arica.cl\/wp1\/wp-json\/wp\/v2\/types\/post"}],"author":[{"embeddable":true,"href":"https:\/\/www.cisa-arica.cl\/wp1\/wp-json\/wp\/v2\/users\/5"}],"replies":[{"embeddable":true,"href":"https:\/\/www.cisa-arica.cl\/wp1\/wp-json\/wp\/v2\/comments?post=12947"}],"version-history":[{"count":2,"href":"https:\/\/www.cisa-arica.cl\/wp1\/wp-json\/wp\/v2\/posts\/12947\/revisions"}],"predecessor-version":[{"id":12950,"href":"https:\/\/www.cisa-arica.cl\/wp1\/wp-json\/wp\/v2\/posts\/12947\/revisions\/12950"}],"wp:featuredmedia":[{"embeddable":true,"href":"https:\/\/www.cisa-arica.cl\/wp1\/wp-json\/wp\/v2\/media\/12946"}],"wp:attachment":[{"href":"https:\/\/www.cisa-arica.cl\/wp1\/wp-json\/wp\/v2\/media?parent=12947"}],"wp:term":[{"taxonomy":"category","embeddable":true,"href":"https:\/\/www.cisa-arica.cl\/wp1\/wp-json\/wp\/v2\/categories?post=12947"},{"taxonomy":"post_tag","embeddable":true,"href":"https:\/\/www.cisa-arica.cl\/wp1\/wp-json\/wp\/v2\/tags?post=12947"}],"curies":[{"name":"wp","href":"https:\/\/api.w.org\/{rel}","templated":true}]}}