{"id":12582,"date":"2021-05-28T08:00:05","date_gmt":"2021-05-28T12:00:05","guid":{"rendered":"http:\/\/www.cisa-arica.cl\/wp1\/?p=12582"},"modified":"2021-05-27T11:24:01","modified_gmt":"2021-05-27T15:24:01","slug":"dia-del-patrimonio","status":"publish","type":"post","link":"https:\/\/www.cisa-arica.cl\/wp1\/2021\/05\/28\/dia-del-patrimonio\/","title":{"rendered":"D\u00eda del Patrimonio"},"content":{"rendered":"\n<p>Estimada Comunidad Santa Ana:<\/p>\n\n\n\n<p>Este <strong>29 de Mayo <\/strong>celebramos en nuestro pa\u00eds el D\u00eda del Patrimonio, el cual incluye tanto nuestro Patrimonio Cultural como el Patrimonio Natural. El Dpto. de Historia, Geograf\u00eda y Ciencias Sociales del colegio los invita a continuar con una tradici\u00f3n relevante para las comunidades y construir entre todos una instancia para compartir, reflexionar y encontrarnos desde nuestro patrimonio y diversidad.<\/p>\n\n\n\n<p><strong>Video Patrimonio para Educaci\u00f3n Preb\u00e1sica:<\/strong><\/p>\n\n\n\n<figure class=\"wp-block-embed-youtube wp-block-embed is-type-video is-provider-youtube wp-embed-aspect-16-9 wp-has-aspect-ratio\"><div class=\"wp-block-embed__wrapper\">\n<iframe loading=\"lazy\"  id=\"_ytid_86125\"  width=\"800\" height=\"450\"  data-origwidth=\"800\" data-origheight=\"450\" src=\"https:\/\/www.youtube.com\/embed\/izBkLeyFgJU?enablejsapi=1&#038;autoplay=0&#038;cc_load_policy=0&#038;cc_lang_pref=&#038;iv_load_policy=1&#038;loop=0&#038;rel=1&#038;fs=1&#038;playsinline=0&#038;autohide=2&#038;theme=dark&#038;color=red&#038;controls=1&#038;disablekb=0&#038;\" class=\"__youtube_prefs__  epyt-is-override  no-lazyload\" title=\"YouTube player\"  allow=\"fullscreen; accelerometer; autoplay; clipboard-write; encrypted-media; gyroscope; picture-in-picture; web-share\" referrerpolicy=\"strict-origin-when-cross-origin\" allowfullscreen data-no-lazy=\"1\" data-skipgform_ajax_framebjll=\"\"><\/iframe>\n<\/div><\/figure>\n\n\n\n<p><strong>Video Patrimonio para Educaci\u00f3n B\u00e1sica:<\/strong><\/p>\n\n\n\n<figure class=\"wp-block-embed-youtube wp-block-embed is-type-video is-provider-youtube wp-embed-aspect-16-9 wp-has-aspect-ratio\"><div class=\"wp-block-embed__wrapper\">\n<iframe loading=\"lazy\"  id=\"_ytid_21128\"  width=\"800\" height=\"450\"  data-origwidth=\"800\" data-origheight=\"450\" src=\"https:\/\/www.youtube.com\/embed\/NF7XeeFn1WE?enablejsapi=1&#038;autoplay=0&#038;cc_load_policy=0&#038;cc_lang_pref=&#038;iv_load_policy=1&#038;loop=0&#038;rel=1&#038;fs=1&#038;playsinline=0&#038;autohide=2&#038;theme=dark&#038;color=red&#038;controls=1&#038;disablekb=0&#038;\" class=\"__youtube_prefs__  epyt-is-override  no-lazyload\" title=\"YouTube player\"  allow=\"fullscreen; accelerometer; autoplay; clipboard-write; encrypted-media; gyroscope; picture-in-picture; web-share\" referrerpolicy=\"strict-origin-when-cross-origin\" allowfullscreen data-no-lazy=\"1\" data-skipgform_ajax_framebjll=\"\"><\/iframe>\n<\/div><\/figure>\n\n\n\n<p><strong>Video Patrimonio para Educaci\u00f3n Media:<\/strong><\/p>\n\n\n\n<figure class=\"wp-block-embed-youtube wp-block-embed is-type-video is-provider-youtube wp-embed-aspect-16-9 wp-has-aspect-ratio\"><div class=\"wp-block-embed__wrapper\">\n<iframe loading=\"lazy\"  id=\"_ytid_62218\"  width=\"800\" height=\"450\"  data-origwidth=\"800\" data-origheight=\"450\" src=\"https:\/\/www.youtube.com\/embed\/L8tf8oQwcIE?enablejsapi=1&#038;autoplay=0&#038;cc_load_policy=0&#038;cc_lang_pref=&#038;iv_load_policy=1&#038;loop=0&#038;rel=1&#038;fs=1&#038;playsinline=0&#038;autohide=2&#038;theme=dark&#038;color=red&#038;controls=1&#038;disablekb=0&#038;\" class=\"__youtube_prefs__  epyt-is-override  no-lazyload\" title=\"YouTube player\"  allow=\"fullscreen; accelerometer; autoplay; clipboard-write; encrypted-media; gyroscope; picture-in-picture; web-share\" referrerpolicy=\"strict-origin-when-cross-origin\" allowfullscreen data-no-lazy=\"1\" data-skipgform_ajax_framebjll=\"\"><\/iframe>\n<\/div><\/figure>\n\n\n\n<p>Te invitamos a ingresar a los siguientes sitios donde puedes recorrer en 360\u00b0 algunos museos del pa\u00eds que exhiben parte importante de nuestro Patrimonio:<\/p>\n\n\n\n<ul class=\"wp-block-list\"><li><strong>Museo Gabriela Mistral de Vicu\u00f1a: <\/strong><a href=\"https:\/\/www.patrimoniovirtual.gob.cl\/recorridos\/museo-vicuna.html\">https:\/\/www.patrimoniovirtual.gob.cl\/recorridos\/museo-vicuna.html<\/a><\/li><li><strong>Museo de Historia Natural de Valpara\u00edso: <\/strong><a href=\"https:\/\/www.patrimoniovirtual.gob.cl\/recorridos\/museo-valparaiso.html\">https:\/\/www.patrimoniovirtual.gob.cl\/recorridos\/museo-valparaiso.html<\/a><\/li><li><strong>Museo Nacional de Bellas Artes: <\/strong><a href=\"https:\/\/www.patrimoniovirtual.gob.cl\/recorridos\/museo-mba.html\">https:\/\/www.patrimoniovirtual.gob.cl\/recorridos\/museo-mba.html<\/a><\/li><\/ul>\n\n\n\n<p>Atentamente, Dpto. de Historia, Geograf\u00eda y Ciencias Sociales CISA<\/p>\n","protected":false},"excerpt":{"rendered":"<p>Estimada Comunidad Santa Ana: Este 29 de Mayo celebramos en nuestro pa\u00eds el D\u00eda del Patrimonio, el cual incluye tanto nuestro Patrimonio Cultural como el Patrimonio Natural. El Dpto. de Historia, Geograf\u00eda y Ciencias Sociales del colegio los invita a continuar con una tradici\u00f3n relevante para las comunidades y construir entre todos una instancia para <a class=\"read-more\" href=\"https:\/\/www.cisa-arica.cl\/wp1\/2021\/05\/28\/dia-del-patrimonio\/\">Continuar leyendo<\/a><\/p>\n","protected":false},"author":5,"featured_media":12583,"comment_status":"closed","ping_status":"open","sticky":false,"template":"","format":"standard","meta":{"_jetpack_memberships_contains_paid_content":false,"footnotes":"","jetpack_publicize_message":"","jetpack_publicize_feature_enabled":true,"jetpack_social_post_already_shared":true,"jetpack_social_options":{"image_generator_settings":{"template":"highway","default_image_id":0,"font":"","enabled":false},"version":2}},"categories":[19],"tags":[],"class_list":["post-12582","post","type-post","status-publish","format-standard","has-post-thumbnail","hentry","category-cisa"],"jetpack_publicize_connections":[],"jetpack_featured_media_url":"https:\/\/www.cisa-arica.cl\/wp1\/wp-content\/uploads\/2021\/05\/182484217_10159127566497158_3838530157019137475_n.png","jetpack_sharing_enabled":true,"jetpack_shortlink":"https:\/\/wp.me\/p84wcz-3gW","jetpack-related-posts":[{"id":15963,"url":"https:\/\/www.cisa-arica.cl\/wp1\/2022\/05\/27\/dia-del-patrimonio-cultural-2022\/","url_meta":{"origin":12582,"position":0},"title":"D\u00eda del Patrimonio Cultural 2022","author":"Jeannette Rivera","date":"27 de Mayo de 2022","format":false,"excerpt":"El D\u00eda del Patrimonio Cultural es una celebraci\u00f3n que fue instaurada en abril de 1999 para promover el disfrute, conocimiento y reflexi\u00f3n ciudadana sobre los patrimonios en Chile. El Colegio Italiano Santa Ana saluda a toda la comunidad educativa en esta fecha dedicada en nuestro pa\u00eds al reconocimiento del patrimonio\u2026","rel":"","context":"Entrada similar ","block_context":{"text":"Entrada similar ","link":""},"img":{"alt_text":"","src":"https:\/\/i0.wp.com\/www.cisa-arica.cl\/wp1\/wp-content\/uploads\/2022\/05\/dia-de-los-patrimonios-2022-925x470-1.png?resize=350%2C200&ssl=1","width":350,"height":200,"srcset":"https:\/\/i0.wp.com\/www.cisa-arica.cl\/wp1\/wp-content\/uploads\/2022\/05\/dia-de-los-patrimonios-2022-925x470-1.png?resize=350%2C200&ssl=1 1x, https:\/\/i0.wp.com\/www.cisa-arica.cl\/wp1\/wp-content\/uploads\/2022\/05\/dia-de-los-patrimonios-2022-925x470-1.png?resize=525%2C300&ssl=1 1.5x, https:\/\/i0.wp.com\/www.cisa-arica.cl\/wp1\/wp-content\/uploads\/2022\/05\/dia-de-los-patrimonios-2022-925x470-1.png?resize=700%2C400&ssl=1 2x"},"classes":[]},{"id":15455,"url":"https:\/\/www.cisa-arica.cl\/wp1\/2022\/04\/26\/dia-del-libro-2022-visita-de-escritora-alejandra-palacios\/","url_meta":{"origin":12582,"position":1},"title":"D\u00eda del Libro 2022: Visita de escritora Alejandra Palacios","author":"Jeannette Rivera","date":"26 de Abril de 2022","format":false,"excerpt":"Estimada Comunidad Educativa:Siguiendo con las actividades realizadas por el D\u00eda del Libro, recibimos la visita de la escritora local y ex alumna de nuestro colegio, Alejandra Palacios, quien realiz\u00f3 ayer un conversatorio con estudiantes de 3os y 4os medios. En esta actividad, organizada por CRA con el Patrocinio de la\u2026","rel":"","context":"En &quot;CISA&quot;","block_context":{"text":"CISA","link":"https:\/\/www.cisa-arica.cl\/wp1\/category\/cisa\/"},"img":{"alt_text":"","src":"https:\/\/i0.wp.com\/www.cisa-arica.cl\/wp1\/wp-content\/uploads\/2022\/04\/014-1.jpg?resize=350%2C200&ssl=1","width":350,"height":200,"srcset":"https:\/\/i0.wp.com\/www.cisa-arica.cl\/wp1\/wp-content\/uploads\/2022\/04\/014-1.jpg?resize=350%2C200&ssl=1 1x, https:\/\/i0.wp.com\/www.cisa-arica.cl\/wp1\/wp-content\/uploads\/2022\/04\/014-1.jpg?resize=525%2C300&ssl=1 1.5x, https:\/\/i0.wp.com\/www.cisa-arica.cl\/wp1\/wp-content\/uploads\/2022\/04\/014-1.jpg?resize=700%2C400&ssl=1 2x"},"classes":[]},{"id":20608,"url":"https:\/\/www.cisa-arica.cl\/wp1\/2023\/05\/30\/dia-del-patrimonio-cultural\/","url_meta":{"origin":12582,"position":2},"title":"D\u00eda del Patrimonio Cultural","author":"CISA","date":"30 de Mayo de 2023","format":false,"excerpt":"Con un hermoso y significativo acto, el departamento de Historia y Filosof\u00eda, conmemor\u00f3 el D\u00eda del Patrimonio Cultural, en donde se puso \u00e9nfasis a los distintos lugares de nuestra regi\u00f3n y pa\u00eds que son parte importante de la historia cultural de Chile. Las estudiantes pudieron disfrutar y conocer de este\u2026","rel":"","context":"Entrada similar ","block_context":{"text":"Entrada similar ","link":""},"img":{"alt_text":"","src":"https:\/\/i0.wp.com\/www.cisa-arica.cl\/wp1\/wp-content\/uploads\/2023\/06\/0FCDAEF3-CD2F-49F1-A481-46C79B6A11EE-scaled.jpeg?resize=350%2C200&ssl=1","width":350,"height":200,"srcset":"https:\/\/i0.wp.com\/www.cisa-arica.cl\/wp1\/wp-content\/uploads\/2023\/06\/0FCDAEF3-CD2F-49F1-A481-46C79B6A11EE-scaled.jpeg?resize=350%2C200&ssl=1 1x, https:\/\/i0.wp.com\/www.cisa-arica.cl\/wp1\/wp-content\/uploads\/2023\/06\/0FCDAEF3-CD2F-49F1-A481-46C79B6A11EE-scaled.jpeg?resize=525%2C300&ssl=1 1.5x, https:\/\/i0.wp.com\/www.cisa-arica.cl\/wp1\/wp-content\/uploads\/2023\/06\/0FCDAEF3-CD2F-49F1-A481-46C79B6A11EE-scaled.jpeg?resize=700%2C400&ssl=1 2x, https:\/\/i0.wp.com\/www.cisa-arica.cl\/wp1\/wp-content\/uploads\/2023\/06\/0FCDAEF3-CD2F-49F1-A481-46C79B6A11EE-scaled.jpeg?resize=1050%2C600&ssl=1 3x, https:\/\/i0.wp.com\/www.cisa-arica.cl\/wp1\/wp-content\/uploads\/2023\/06\/0FCDAEF3-CD2F-49F1-A481-46C79B6A11EE-scaled.jpeg?resize=1400%2C800&ssl=1 4x"},"classes":[]},{"id":28480,"url":"https:\/\/www.cisa-arica.cl\/wp1\/2025\/06\/23\/reunion-de-coordinadores-de-la-red-cra\/","url_meta":{"origin":12582,"position":3},"title":"Reuni\u00f3n de Coordinadores de la Red Cra","author":"Jeannette Rivera","date":"23 de Junio de 2025","format":false,"excerpt":"El pasado mi\u00e9rcoles 18 de junio, se realiz\u00f3 la cuarta reuni\u00f3n anual de la Red de Coordinadores Cra, en la cual, nuestro colegio fue el anfitri\u00f3n. El encuentro se inicio con el saludo de nuestra directora Hermana Lilian Cofr\u00e9, para luego continuar con el primer saludo lector a cargo de\u2026","rel":"","context":"Entrada similar ","block_context":{"text":"Entrada similar ","link":""},"img":{"alt_text":"","src":"https:\/\/i0.wp.com\/www.cisa-arica.cl\/wp1\/wp-content\/uploads\/2025\/06\/WhatsApp-Image-2025-06-13-at-1.20.33-PM-3.jpeg?resize=350%2C200&ssl=1","width":350,"height":200,"srcset":"https:\/\/i0.wp.com\/www.cisa-arica.cl\/wp1\/wp-content\/uploads\/2025\/06\/WhatsApp-Image-2025-06-13-at-1.20.33-PM-3.jpeg?resize=350%2C200&ssl=1 1x, https:\/\/i0.wp.com\/www.cisa-arica.cl\/wp1\/wp-content\/uploads\/2025\/06\/WhatsApp-Image-2025-06-13-at-1.20.33-PM-3.jpeg?resize=525%2C300&ssl=1 1.5x"},"classes":[]},{"id":16060,"url":"https:\/\/www.cisa-arica.cl\/wp1\/2022\/06\/06\/celebrando-el-7-de-junio\/","url_meta":{"origin":12582,"position":4},"title":"Celebrando el 7 de Junio","author":"Jeannette Rivera","date":"6 de Junio de 2022","format":false,"excerpt":"Nuestra Comunidad Educativa se une a los saludos y festejos para conmemorar un a\u00f1o m\u00e1s del 7 de Junio, fecha que nos llena de orgullo por ser parte de una hermosa ciudad, llena de tradiciones y un riqu\u00edsimo patrimonio cultural-art\u00edstico. Las estudiantes comenzaron una serie de actividades al interior del\u2026","rel":"","context":"Entrada similar ","block_context":{"text":"Entrada similar ","link":""},"img":{"alt_text":"","src":"https:\/\/i0.wp.com\/www.cisa-arica.cl\/wp1\/wp-content\/uploads\/2022\/06\/WhatsApp-Image-2022-06-06-at-4.06.03-PM.jpeg?resize=350%2C200&ssl=1","width":350,"height":200,"srcset":"https:\/\/i0.wp.com\/www.cisa-arica.cl\/wp1\/wp-content\/uploads\/2022\/06\/WhatsApp-Image-2022-06-06-at-4.06.03-PM.jpeg?resize=350%2C200&ssl=1 1x, https:\/\/i0.wp.com\/www.cisa-arica.cl\/wp1\/wp-content\/uploads\/2022\/06\/WhatsApp-Image-2022-06-06-at-4.06.03-PM.jpeg?resize=525%2C300&ssl=1 1.5x, https:\/\/i0.wp.com\/www.cisa-arica.cl\/wp1\/wp-content\/uploads\/2022\/06\/WhatsApp-Image-2022-06-06-at-4.06.03-PM.jpeg?resize=700%2C400&ssl=1 2x, https:\/\/i0.wp.com\/www.cisa-arica.cl\/wp1\/wp-content\/uploads\/2022\/06\/WhatsApp-Image-2022-06-06-at-4.06.03-PM.jpeg?resize=1050%2C600&ssl=1 3x, https:\/\/i0.wp.com\/www.cisa-arica.cl\/wp1\/wp-content\/uploads\/2022\/06\/WhatsApp-Image-2022-06-06-at-4.06.03-PM.jpeg?resize=1400%2C800&ssl=1 4x"},"classes":[]},{"id":15834,"url":"https:\/\/www.cisa-arica.cl\/wp1\/2022\/05\/17\/salida-al-teatro-municipal\/","url_meta":{"origin":12582,"position":5},"title":"Salida al Teatro Municipal","author":"Jeannette Rivera","date":"17 de Mayo de 2022","format":false,"excerpt":"Ayer lunes 16 nuestras estudiantes del segundo ciclo y 1\u00ba medio, participaron de un ciclo de Cuenta-cuentos en el Teatro Municipal, en donde pudieron presenciar una serie de obras literarias en forma de cortometraje, los cuales fueron creados en tiempos de pandemia, por distintas agrupaciones culturales de nuestra ciudad. El\u2026","rel":"","context":"Entrada similar ","block_context":{"text":"Entrada similar ","link":""},"img":{"alt_text":"","src":"https:\/\/i0.wp.com\/www.cisa-arica.cl\/wp1\/wp-content\/uploads\/2022\/05\/WhatsApp-Image-2022-05-16-at-7.20.33-PM-14.jpeg?resize=350%2C200&ssl=1","width":350,"height":200,"srcset":"https:\/\/i0.wp.com\/www.cisa-arica.cl\/wp1\/wp-content\/uploads\/2022\/05\/WhatsApp-Image-2022-05-16-at-7.20.33-PM-14.jpeg?resize=350%2C200&ssl=1 1x, https:\/\/i0.wp.com\/www.cisa-arica.cl\/wp1\/wp-content\/uploads\/2022\/05\/WhatsApp-Image-2022-05-16-at-7.20.33-PM-14.jpeg?resize=525%2C300&ssl=1 1.5x, https:\/\/i0.wp.com\/www.cisa-arica.cl\/wp1\/wp-content\/uploads\/2022\/05\/WhatsApp-Image-2022-05-16-at-7.20.33-PM-14.jpeg?resize=700%2C400&ssl=1 2x"},"classes":[]}],"_links":{"self":[{"href":"https:\/\/www.cisa-arica.cl\/wp1\/wp-json\/wp\/v2\/posts\/12582","targetHints":{"allow":["GET"]}}],"collection":[{"href":"https:\/\/www.cisa-arica.cl\/wp1\/wp-json\/wp\/v2\/posts"}],"about":[{"href":"https:\/\/www.cisa-arica.cl\/wp1\/wp-json\/wp\/v2\/types\/post"}],"author":[{"embeddable":true,"href":"https:\/\/www.cisa-arica.cl\/wp1\/wp-json\/wp\/v2\/users\/5"}],"replies":[{"embeddable":true,"href":"https:\/\/www.cisa-arica.cl\/wp1\/wp-json\/wp\/v2\/comments?post=12582"}],"version-history":[{"count":4,"href":"https:\/\/www.cisa-arica.cl\/wp1\/wp-json\/wp\/v2\/posts\/12582\/revisions"}],"predecessor-version":[{"id":12587,"href":"https:\/\/www.cisa-arica.cl\/wp1\/wp-json\/wp\/v2\/posts\/12582\/revisions\/12587"}],"wp:featuredmedia":[{"embeddable":true,"href":"https:\/\/www.cisa-arica.cl\/wp1\/wp-json\/wp\/v2\/media\/12583"}],"wp:attachment":[{"href":"https:\/\/www.cisa-arica.cl\/wp1\/wp-json\/wp\/v2\/media?parent=12582"}],"wp:term":[{"taxonomy":"category","embeddable":true,"href":"https:\/\/www.cisa-arica.cl\/wp1\/wp-json\/wp\/v2\/categories?post=12582"},{"taxonomy":"post_tag","embeddable":true,"href":"https:\/\/www.cisa-arica.cl\/wp1\/wp-json\/wp\/v2\/tags?post=12582"}],"curies":[{"name":"wp","href":"https:\/\/api.w.org\/{rel}","templated":true}]}}