{"id":12572,"date":"2021-05-25T08:00:00","date_gmt":"2021-05-25T12:00:00","guid":{"rendered":"http:\/\/www.cisa-arica.cl\/wp1\/?p=12572"},"modified":"2021-05-25T10:59:08","modified_gmt":"2021-05-25T14:59:08","slug":"ganadoras-concursos-dia-del-libro-2021","status":"publish","type":"post","link":"https:\/\/www.cisa-arica.cl\/wp1\/2021\/05\/25\/ganadoras-concursos-dia-del-libro-2021\/","title":{"rendered":"Ganadoras Concursos D\u00eda del Libro 2021"},"content":{"rendered":"\n<p>El Departamento de Lenguaje y Comunicaci\u00f3n desea agradecer la gran recepci\u00f3n que tuvieron los Concursos Literarios &#8220;Eres lo que lees&#8221; 2021, con m\u00e1s de 150 participantes de todos los niveles que se hicieron presente con sus creaciones art\u00edsticas, creativas y literarias. <\/p>\n\n\n\n<p>Las ganadoras ser\u00e1n contactadas <strong>v\u00eda correo electr\u00f3nico institucional <\/strong>para poder gestionar sus premios. \u00a1FELICITACIONES!<\/p>\n\n\n\n<p><strong>CATEGOR\u00cdA DISFRACES:<\/strong><br>Cuatro ganadoras:<\/p>\n\n\n\n<ul class=\"wp-block-list\"><li>Indira Espinoza \u2013 Prekinder A<\/li><li>Rafaela Henr\u00edquez \u2013 Prekinder A<\/li><li>Sof\u00eda Mayta \u2013 Prekinder A<\/li><li>Debora Meza \u2013 Kinder B<\/li><\/ul>\n\n\n\n<p><strong>CATEGOR\u00cdA DIBUJOS:<\/strong><br>1\u00b0 Lugar: Amyra Jim\u00e9nez \u2013 6\u00b0A<br>2\u00b0 Lugar: Constanza Rademacher \u2013 6\u00b0A<br>3\u00b0 Lugar: Carla Hurtado \u2013 4\u00b0A<\/p>\n\n\n\n<p><strong>CATEGOR\u00cdA CUENTACUENTOS:<br><\/strong>1\u00b0 Lugar: Martina Ampuero \u2013 5\u00b0B<br>2\u00b0 Lugar: Ana Luc\u00eda Osorio \u2013 3\u00b0B<br>3\u00b0 Lugar: Catalina Astorga \u2013 5\u00b0A<\/p>\n\n\n\n<p><strong>CATEGOR\u00cdA TIK TOK LITERARIO:<\/strong><br>1\u00b0 Lugar: Antonia Hurtado &#8211; 4\u00b0 medio A<br>2\u00b0 Lugar: Laura Pizarro y compa\u00f1eras &#8211; 3\u00b0 medio A<br>3\u00b0 Lugar: Maite Viza \u2013 5\u00b0A<\/p>\n\n\n\n<p><strong>CATEGOR\u00cdA C\u00c1PSULAS LITERARIAS:<\/strong><br>1\u00b0 Lugar: Yulia G\u00f3mez &#8211; 4\u00b0 medio B<br>2\u00b0 Lugar: Fernanda Cerda &#8211; 3\u00b0 medio A<br>3\u00b0 Lugar: Aranza Meyer &#8211; 3\u00b0 medio A<\/p>\n\n\n\n<p><strong>CATEGOR\u00cdA CREACI\u00d3N LITERARIA 7\u00b0 A 1\u00b0 MEDIO:<\/strong><br>1\u00b0 Lugar: Beatriz Capetillo &#8211; 1\u00b0 medio A<br>2\u00b0 Lugar: Angela V\u00e1squez &#8211; 1\u00b0 medio B<br>3\u00b0 Lugar: Maythe Alarc\u00f3n &#8211; 1\u00b0 medio A<br>MENCI\u00d3N HONROSA: Mar\u00eda Barriga \u2013 8\u00b0A<\/p>\n\n\n\n<p><strong>CATEGOR\u00cdA CREACI\u00d3N LITERARIA 2\u00b0 A  4\u00b0 MEDIO:<\/strong><br>1\u00b0 Lugar: Ver\u00f3nica Mamani &#8211; 3\u00b0 medio B<br>2\u00b0 Lugar: Fernanda Figueroa &#8211; 4\u00b0 medio A<br>3\u00b0 Lugar: Empate: Paz Aburto y Fernanda Gonz\u00e1lez &#8211; 2\u00b0 medio B<\/p>\n","protected":false},"excerpt":{"rendered":"<p>El Departamento de Lenguaje y Comunicaci\u00f3n desea agradecer la gran recepci\u00f3n que tuvieron los Concursos Literarios &#8220;Eres lo que lees&#8221; 2021, con m\u00e1s de 150 participantes de todos los niveles que se hicieron presente con sus creaciones art\u00edsticas, creativas y literarias. Las ganadoras ser\u00e1n contactadas v\u00eda correo electr\u00f3nico institucional para poder gestionar sus premios. \u00a1FELICITACIONES! <a class=\"read-more\" href=\"https:\/\/www.cisa-arica.cl\/wp1\/2021\/05\/25\/ganadoras-concursos-dia-del-libro-2021\/\">Continuar leyendo<\/a><\/p>\n","protected":false},"author":5,"featured_media":12573,"comment_status":"closed","ping_status":"open","sticky":false,"template":"","format":"standard","meta":{"_jetpack_memberships_contains_paid_content":false,"footnotes":"","jetpack_publicize_message":"","jetpack_publicize_feature_enabled":true,"jetpack_social_post_already_shared":true,"jetpack_social_options":{"image_generator_settings":{"template":"highway","default_image_id":0,"font":"","enabled":false},"version":2}},"categories":[19],"tags":[],"class_list":["post-12572","post","type-post","status-publish","format-standard","has-post-thumbnail","hentry","category-cisa"],"jetpack_publicize_connections":[],"jetpack_featured_media_url":"https:\/\/www.cisa-arica.cl\/wp1\/wp-content\/uploads\/2021\/05\/00-e1621907141169.png","jetpack_sharing_enabled":true,"jetpack_shortlink":"https:\/\/wp.me\/p84wcz-3gM","jetpack-related-posts":[{"id":10761,"url":"https:\/\/www.cisa-arica.cl\/wp1\/2020\/06\/22\/ganadoras-concurso-de-fotografia\/","url_meta":{"origin":12572,"position":0},"title":"Ganadoras concurso de fotograf\u00eda","author":"Jeannette Rivera","date":"22 de Junio de 2020","format":false,"excerpt":"Estimada comunidad Educativa: Los invitamos a conocer las ganadoras del concurso de fotograf\u00eda \u201cMe expreso en cuarentena\u201d, recordar que las categor\u00edas del concurso son las siguientes: 1era Categor\u00eda: Estudiantes de 5to a 8vo B\u00e1sico.\u00a02da Categor\u00eda: Estudiantes de 1ero a 4to medio.\u00a03era categor\u00eda: Padres y Apoderados de todos los niveles.\u00a0 \u00a0As\u00ed\u2026","rel":"","context":"Entrada similar ","block_context":{"text":"Entrada similar ","link":""},"img":{"alt_text":"","src":"https:\/\/i0.wp.com\/www.cisa-arica.cl\/wp1\/wp-content\/uploads\/2020\/06\/Screenshot_1.png?resize=350%2C200&ssl=1","width":350,"height":200},"classes":[]},{"id":16441,"url":"https:\/\/www.cisa-arica.cl\/wp1\/2022\/06\/19\/ganadoras-dia-del-libro-2022\/","url_meta":{"origin":12572,"position":1},"title":"Ganadoras D\u00eda del Libro 2022","author":"Jeannette Rivera","date":"19 de Junio de 2022","format":false,"excerpt":"En una ceremonia efectuada el viernes 17, se entregaron los premios a las ganadoras de los distintos concursos para conmemorar el D\u00eda del libro 2022. La actividad se llev\u00f3 a cabo en el patio de honor en donde adem\u00e1s se encontraba la invitada doctora M\u00f3nica Rubio. La profesora y encargada\u2026","rel":"","context":"Entrada similar ","block_context":{"text":"Entrada similar ","link":""},"img":{"alt_text":"","src":"https:\/\/i0.wp.com\/www.cisa-arica.cl\/wp1\/wp-content\/uploads\/2022\/06\/WhatsApp-Image-2022-06-17-at-10.39.05-AM-1.jpeg?resize=350%2C200&ssl=1","width":350,"height":200,"srcset":"https:\/\/i0.wp.com\/www.cisa-arica.cl\/wp1\/wp-content\/uploads\/2022\/06\/WhatsApp-Image-2022-06-17-at-10.39.05-AM-1.jpeg?resize=350%2C200&ssl=1 1x, https:\/\/i0.wp.com\/www.cisa-arica.cl\/wp1\/wp-content\/uploads\/2022\/06\/WhatsApp-Image-2022-06-17-at-10.39.05-AM-1.jpeg?resize=525%2C300&ssl=1 1.5x, https:\/\/i0.wp.com\/www.cisa-arica.cl\/wp1\/wp-content\/uploads\/2022\/06\/WhatsApp-Image-2022-06-17-at-10.39.05-AM-1.jpeg?resize=700%2C400&ssl=1 2x, https:\/\/i0.wp.com\/www.cisa-arica.cl\/wp1\/wp-content\/uploads\/2022\/06\/WhatsApp-Image-2022-06-17-at-10.39.05-AM-1.jpeg?resize=1050%2C600&ssl=1 3x, https:\/\/i0.wp.com\/www.cisa-arica.cl\/wp1\/wp-content\/uploads\/2022\/06\/WhatsApp-Image-2022-06-17-at-10.39.05-AM-1.jpeg?resize=1400%2C800&ssl=1 4x"},"classes":[]},{"id":6874,"url":"https:\/\/www.cisa-arica.cl\/wp1\/2019\/05\/09\/premiacion-alumnas-ganadoras-dia-del-libro-2019\/","url_meta":{"origin":12572,"position":2},"title":"Premiaci\u00f3n ganadoras D\u00eda del Libro 2019","author":"Jeannette Rivera","date":"9 de Mayo de 2019","format":false,"excerpt":"Desde primero b\u00e1sico hasta cuarto medio, un grupo de estudiantes asistieron ayer mi\u00e9rcoles 8 de mayo a canjear sus giftcard de la Librer\u00eda Qu\u00e9 Leo, premio que obtuvieron por parte del Departamento de Lenguaje y Comunicaci\u00f3n por ser las orgullosas ganadoras de los diversos concursos literarios realizados para conmemorar el\u2026","rel":"","context":"Entrada similar ","block_context":{"text":"Entrada similar ","link":""},"img":{"alt_text":"","src":"https:\/\/i0.wp.com\/www.cisa-arica.cl\/wp1\/wp-content\/uploads\/2019\/05\/012-2.jpeg?resize=350%2C200&ssl=1","width":350,"height":200,"srcset":"https:\/\/i0.wp.com\/www.cisa-arica.cl\/wp1\/wp-content\/uploads\/2019\/05\/012-2.jpeg?resize=350%2C200&ssl=1 1x, https:\/\/i0.wp.com\/www.cisa-arica.cl\/wp1\/wp-content\/uploads\/2019\/05\/012-2.jpeg?resize=525%2C300&ssl=1 1.5x, https:\/\/i0.wp.com\/www.cisa-arica.cl\/wp1\/wp-content\/uploads\/2019\/05\/012-2.jpeg?resize=700%2C400&ssl=1 2x, https:\/\/i0.wp.com\/www.cisa-arica.cl\/wp1\/wp-content\/uploads\/2019\/05\/012-2.jpeg?resize=1050%2C600&ssl=1 3x"},"classes":[]},{"id":16014,"url":"https:\/\/www.cisa-arica.cl\/wp1\/2022\/05\/31\/ganadoras-concurso-de-pintura-y-dibujo-gobernacion-maritima\/","url_meta":{"origin":12572,"position":3},"title":"Ganadoras Concurso de Pintura y Dibujo Gobernaci\u00f3n Mar\u00edtima","author":"Jeannette Rivera","date":"31 de Mayo de 2022","format":false,"excerpt":"Se informa a la Comunidad del Colegio Italiano Santa Ana, que dos de nuestras estudiantes participaron en el Concurso de Pintura y Dibujo Mes del Mar 2022\u00a0 organizado por la Gobernaci\u00f3n Mar\u00edtima de Arica . Ellas son Matilde Vald\u00e9s More del 1 a\u00f1o A y Kabal\u00e1n Warner 7 a\u00f1o B\u2026","rel":"","context":"Entrada similar ","block_context":{"text":"Entrada similar ","link":""},"img":{"alt_text":"","src":"https:\/\/i0.wp.com\/www.cisa-arica.cl\/wp1\/wp-content\/uploads\/2022\/05\/20220527_160024-scaled.jpg?resize=350%2C200&ssl=1","width":350,"height":200,"srcset":"https:\/\/i0.wp.com\/www.cisa-arica.cl\/wp1\/wp-content\/uploads\/2022\/05\/20220527_160024-scaled.jpg?resize=350%2C200&ssl=1 1x, https:\/\/i0.wp.com\/www.cisa-arica.cl\/wp1\/wp-content\/uploads\/2022\/05\/20220527_160024-scaled.jpg?resize=525%2C300&ssl=1 1.5x, https:\/\/i0.wp.com\/www.cisa-arica.cl\/wp1\/wp-content\/uploads\/2022\/05\/20220527_160024-scaled.jpg?resize=700%2C400&ssl=1 2x, https:\/\/i0.wp.com\/www.cisa-arica.cl\/wp1\/wp-content\/uploads\/2022\/05\/20220527_160024-scaled.jpg?resize=1050%2C600&ssl=1 3x, https:\/\/i0.wp.com\/www.cisa-arica.cl\/wp1\/wp-content\/uploads\/2022\/05\/20220527_160024-scaled.jpg?resize=1400%2C800&ssl=1 4x"},"classes":[]},{"id":10826,"url":"https:\/\/www.cisa-arica.cl\/wp1\/2020\/06\/30\/ganadoras-del-concurso-de-fotografia-como-me-siento-en-cuarentena\/","url_meta":{"origin":12572,"position":4},"title":"Ganadoras del concurso de Fotograf\u00eda \u00bfC\u00f3mo me siento en cuarentena?","author":"cisa","date":"30 de Junio de 2020","format":false,"excerpt":"Estimada comunidad educativa.Junto con saludar y deseando que se\u00a0encuentren bien, el equipo Psicosocial y Convivencia Escolar quiere compartir\u00a0algunas im\u00e1genes de las ganadoras \u00a0del concurso de fotograf\u00eda en\u00a0las diferentes categor\u00edas. Felicitamos y agradecemos la participaci\u00f3n de las estudiantes y sus apoderados. Equipo Psicosocial y Convivencia Escolar.","rel":"","context":"Entrada similar ","block_context":{"text":"Entrada similar ","link":""},"img":{"alt_text":"","src":"https:\/\/i0.wp.com\/www.cisa-arica.cl\/wp1\/wp-content\/uploads\/2020\/06\/Azul-Rosa-Pastel-Gradiente-Collage-5-Fotos-Orgullo-Historia-Instagram.png?resize=350%2C200&ssl=1","width":350,"height":200,"srcset":"https:\/\/i0.wp.com\/www.cisa-arica.cl\/wp1\/wp-content\/uploads\/2020\/06\/Azul-Rosa-Pastel-Gradiente-Collage-5-Fotos-Orgullo-Historia-Instagram.png?resize=350%2C200&ssl=1 1x, https:\/\/i0.wp.com\/www.cisa-arica.cl\/wp1\/wp-content\/uploads\/2020\/06\/Azul-Rosa-Pastel-Gradiente-Collage-5-Fotos-Orgullo-Historia-Instagram.png?resize=525%2C300&ssl=1 1.5x, https:\/\/i0.wp.com\/www.cisa-arica.cl\/wp1\/wp-content\/uploads\/2020\/06\/Azul-Rosa-Pastel-Gradiente-Collage-5-Fotos-Orgullo-Historia-Instagram.png?resize=700%2C400&ssl=1 2x, https:\/\/i0.wp.com\/www.cisa-arica.cl\/wp1\/wp-content\/uploads\/2020\/06\/Azul-Rosa-Pastel-Gradiente-Collage-5-Fotos-Orgullo-Historia-Instagram.png?resize=1050%2C600&ssl=1 3x"},"classes":[]},{"id":12690,"url":"https:\/\/www.cisa-arica.cl\/wp1\/2021\/07\/06\/entrega-premios-dia-del-libro\/","url_meta":{"origin":12572,"position":5},"title":"Entrega premios D\u00eda del Libro","author":"Jeannette Rivera","date":"6 de Julio de 2021","format":false,"excerpt":"La semana pasada se realiz\u00f3 la entrega de premios a las estudiantes ganadoras de los concursos del D\u00eda del Libro, actividad organizada por el Dpto. de Lenguaje y Comunicaci\u00f3n y CRA. \u00a1Felicitaciones!","rel":"","context":"Entrada similar ","block_context":{"text":"Entrada similar ","link":""},"img":{"alt_text":"","src":"https:\/\/i0.wp.com\/www.cisa-arica.cl\/wp1\/wp-content\/uploads\/2021\/07\/IMG-20210702-WA0005-e1625581167565.jpg?resize=350%2C200&ssl=1","width":350,"height":200},"classes":[]}],"_links":{"self":[{"href":"https:\/\/www.cisa-arica.cl\/wp1\/wp-json\/wp\/v2\/posts\/12572","targetHints":{"allow":["GET"]}}],"collection":[{"href":"https:\/\/www.cisa-arica.cl\/wp1\/wp-json\/wp\/v2\/posts"}],"about":[{"href":"https:\/\/www.cisa-arica.cl\/wp1\/wp-json\/wp\/v2\/types\/post"}],"author":[{"embeddable":true,"href":"https:\/\/www.cisa-arica.cl\/wp1\/wp-json\/wp\/v2\/users\/5"}],"replies":[{"embeddable":true,"href":"https:\/\/www.cisa-arica.cl\/wp1\/wp-json\/wp\/v2\/comments?post=12572"}],"version-history":[{"count":2,"href":"https:\/\/www.cisa-arica.cl\/wp1\/wp-json\/wp\/v2\/posts\/12572\/revisions"}],"predecessor-version":[{"id":12577,"href":"https:\/\/www.cisa-arica.cl\/wp1\/wp-json\/wp\/v2\/posts\/12572\/revisions\/12577"}],"wp:featuredmedia":[{"embeddable":true,"href":"https:\/\/www.cisa-arica.cl\/wp1\/wp-json\/wp\/v2\/media\/12573"}],"wp:attachment":[{"href":"https:\/\/www.cisa-arica.cl\/wp1\/wp-json\/wp\/v2\/media?parent=12572"}],"wp:term":[{"taxonomy":"category","embeddable":true,"href":"https:\/\/www.cisa-arica.cl\/wp1\/wp-json\/wp\/v2\/categories?post=12572"},{"taxonomy":"post_tag","embeddable":true,"href":"https:\/\/www.cisa-arica.cl\/wp1\/wp-json\/wp\/v2\/tags?post=12572"}],"curies":[{"name":"wp","href":"https:\/\/api.w.org\/{rel}","templated":true}]}}