{"id":12568,"date":"2021-05-24T09:11:21","date_gmt":"2021-05-24T13:11:21","guid":{"rendered":"http:\/\/www.cisa-arica.cl\/wp1\/?p=12568"},"modified":"2021-05-24T09:11:21","modified_gmt":"2021-05-24T13:11:21","slug":"feliz-fiesta-de-pentecostes","status":"publish","type":"post","link":"https:\/\/www.cisa-arica.cl\/wp1\/2021\/05\/24\/feliz-fiesta-de-pentecostes\/","title":{"rendered":"Feliz Fiesta de Pentecost\u00e9s"},"content":{"rendered":"<p>Estimada Comunidad Educativa:<\/p>\n<p>Hoy como Iglesia celebramos la Venida del Esp\u00edritu Santo, tercera persona de la Sant\u00edsima Trinidad. Amor del Padre y del Hijo derramado a la humanidad.<br \/>\nQue el Esp\u00edritu Santo nos colme con sus dones y llene de fortaleza principalmente a las familias que estan pasando por momentos dif\u00edciles.<\/p>\n<p>Atentamente,<br \/>\nPastoral Cisa.<\/p>\n","protected":false},"excerpt":{"rendered":"<p>Estimada Comunidad Educativa: Hoy como Iglesia celebramos la Venida del Esp\u00edritu Santo, tercera persona de la Sant\u00edsima Trinidad. Amor del Padre y del Hijo derramado a la humanidad. Que el Esp\u00edritu Santo nos colme con sus dones y llene de fortaleza principalmente a las familias que estan pasando por momentos dif\u00edciles. Atentamente, Pastoral Cisa.<\/p>\n","protected":false},"author":5,"featured_media":12569,"comment_status":"closed","ping_status":"open","sticky":false,"template":"","format":"standard","meta":{"_jetpack_memberships_contains_paid_content":false,"footnotes":"","jetpack_publicize_message":"","jetpack_publicize_feature_enabled":true,"jetpack_social_post_already_shared":true,"jetpack_social_options":{"image_generator_settings":{"template":"highway","default_image_id":0,"font":"","enabled":false},"version":2}},"categories":[16],"tags":[],"class_list":["post-12568","post","type-post","status-publish","format-standard","has-post-thumbnail","hentry","category-pastoral"],"jetpack_publicize_connections":[],"jetpack_featured_media_url":"https:\/\/www.cisa-arica.cl\/wp1\/wp-content\/uploads\/2021\/05\/IMG-20210523-WA0001.jpg","jetpack_sharing_enabled":true,"jetpack_shortlink":"https:\/\/wp.me\/p84wcz-3gI","jetpack-related-posts":[{"id":16225,"url":"https:\/\/www.cisa-arica.cl\/wp1\/2022\/06\/06\/fiesta-de-pentecostes-en-el-colegio\/","url_meta":{"origin":12568,"position":0},"title":"Fiesta de Pentecost\u00e9s en el Colegio","author":"Jeannette Rivera","date":"6 de Junio de 2022","format":false,"excerpt":"Una hermosa y alegre celebraci\u00f3n vivieron nuestras estudiantes en el d\u00eda de hoy, en donde se festej\u00f3 la llegada del Esp\u00edritu Santo y la entrega de sus dones. El Equipo de Pastoral prepar\u00f3 dos liturgias (Ense\u00f1anza Parvularia y B\u00e1sica; y para Ense\u00f1anza Media), mientras que cada curso levant\u00f3 un altar\u2026","rel":"","context":"Entrada similar ","block_context":{"text":"Entrada similar ","link":""},"img":{"alt_text":"","src":"https:\/\/i0.wp.com\/www.cisa-arica.cl\/wp1\/wp-content\/uploads\/2022\/06\/DSC_8126.jpg?resize=350%2C200&ssl=1","width":350,"height":200,"srcset":"https:\/\/i0.wp.com\/www.cisa-arica.cl\/wp1\/wp-content\/uploads\/2022\/06\/DSC_8126.jpg?resize=350%2C200&ssl=1 1x, https:\/\/i0.wp.com\/www.cisa-arica.cl\/wp1\/wp-content\/uploads\/2022\/06\/DSC_8126.jpg?resize=525%2C300&ssl=1 1.5x, https:\/\/i0.wp.com\/www.cisa-arica.cl\/wp1\/wp-content\/uploads\/2022\/06\/DSC_8126.jpg?resize=700%2C400&ssl=1 2x, https:\/\/i0.wp.com\/www.cisa-arica.cl\/wp1\/wp-content\/uploads\/2022\/06\/DSC_8126.jpg?resize=1050%2C600&ssl=1 3x"},"classes":[]},{"id":13937,"url":"https:\/\/www.cisa-arica.cl\/wp1\/2021\/11\/29\/retiro-de-confirmacion-2021\/","url_meta":{"origin":12568,"position":1},"title":"Retiro de Confirmaci\u00f3n 2021","author":"Jeannette Rivera","date":"29 de Noviembre de 2021","format":false,"excerpt":"Estimada Comunidad Educativa: Este fin de semana se vivi\u00f3 una hermosa jornada de retiro junto a nuestros j\u00f3venes de Catequesis de Confirmaci\u00f3n. En la alegr\u00eda de compartir y hacer fraternidad Dios nos moldea y acompa\u00f1a nuestra vida de fe Cristiana, abri\u00e9ndose paso la amistad y vida comunitaria. Que el Esp\u00edritu\u2026","rel":"","context":"En &quot;galeria&quot;","block_context":{"text":"galeria","link":"https:\/\/www.cisa-arica.cl\/wp1\/category\/galeria\/"},"img":{"alt_text":"","src":"https:\/\/i0.wp.com\/www.cisa-arica.cl\/wp1\/wp-content\/uploads\/2021\/11\/020.jpg?resize=350%2C200&ssl=1","width":350,"height":200,"srcset":"https:\/\/i0.wp.com\/www.cisa-arica.cl\/wp1\/wp-content\/uploads\/2021\/11\/020.jpg?resize=350%2C200&ssl=1 1x, https:\/\/i0.wp.com\/www.cisa-arica.cl\/wp1\/wp-content\/uploads\/2021\/11\/020.jpg?resize=525%2C300&ssl=1 1.5x, https:\/\/i0.wp.com\/www.cisa-arica.cl\/wp1\/wp-content\/uploads\/2021\/11\/020.jpg?resize=700%2C400&ssl=1 2x, https:\/\/i0.wp.com\/www.cisa-arica.cl\/wp1\/wp-content\/uploads\/2021\/11\/020.jpg?resize=1050%2C600&ssl=1 3x"},"classes":[]},{"id":20501,"url":"https:\/\/www.cisa-arica.cl\/wp1\/2023\/05\/19\/invitacion-a-celebracion-de-pentecostes\/","url_meta":{"origin":12568,"position":2},"title":"Invitaci\u00f3n a celebraci\u00f3n de Pentecost\u00e9s","author":"Jeannette Rivera","date":"19 de Mayo de 2023","format":false,"excerpt":"Estimadas Familias del Colegio Italiano Santa Ana: Con alegr\u00eda la pastoral de nuestro colegio les invita a un encuentro familiar para celebrar la venida del Esp\u00edritu Santo.\u00a0 La actividad se realizar\u00e1 el viernes 26 de mayo en el patio Esperanza desde las 18:30 a 20:00 horas. Los esperamos \u2764\ufe0f","rel":"","context":"Entrada similar ","block_context":{"text":"Entrada similar ","link":""},"img":{"alt_text":"","src":"https:\/\/i0.wp.com\/www.cisa-arica.cl\/wp1\/wp-content\/uploads\/2023\/05\/WhatsApp-Image-2023-05-17-at-14.43.49.jpeg?resize=350%2C200&ssl=1","width":350,"height":200,"srcset":"https:\/\/i0.wp.com\/www.cisa-arica.cl\/wp1\/wp-content\/uploads\/2023\/05\/WhatsApp-Image-2023-05-17-at-14.43.49.jpeg?resize=350%2C200&ssl=1 1x, https:\/\/i0.wp.com\/www.cisa-arica.cl\/wp1\/wp-content\/uploads\/2023\/05\/WhatsApp-Image-2023-05-17-at-14.43.49.jpeg?resize=525%2C300&ssl=1 1.5x, https:\/\/i0.wp.com\/www.cisa-arica.cl\/wp1\/wp-content\/uploads\/2023\/05\/WhatsApp-Image-2023-05-17-at-14.43.49.jpeg?resize=700%2C400&ssl=1 2x"},"classes":[]},{"id":20654,"url":"https:\/\/www.cisa-arica.cl\/wp1\/2023\/06\/03\/celebracion-de-pentecostes\/","url_meta":{"origin":12568,"position":3},"title":"Celebraci\u00f3n de Pentecost\u00e9s","author":"Jeannette Rivera","date":"3 de Junio de 2023","format":false,"excerpt":"Pentecost\u00e9s es la Celebraci\u00f3n de la llegada del Esp\u00edritu Santo quien nos entrega sus dones para hacerlos parte de nuestra vida. Esta celebraci\u00f3n estuvo a cargo de la Pastoral Cisa y se realiz\u00f3 ayer viernes desde la 18:00 horas en el patio Esperanza, donde asistieron varias familias de nuestra comunidad.","rel":"","context":"Entrada similar ","block_context":{"text":"Entrada similar ","link":""},"img":{"alt_text":"","src":"https:\/\/i0.wp.com\/www.cisa-arica.cl\/wp1\/wp-content\/uploads\/2023\/06\/89A6DA98-1765-471D-B869-A17A4607CCBD.jpeg?resize=350%2C200&ssl=1","width":350,"height":200,"srcset":"https:\/\/i0.wp.com\/www.cisa-arica.cl\/wp1\/wp-content\/uploads\/2023\/06\/89A6DA98-1765-471D-B869-A17A4607CCBD.jpeg?resize=350%2C200&ssl=1 1x, https:\/\/i0.wp.com\/www.cisa-arica.cl\/wp1\/wp-content\/uploads\/2023\/06\/89A6DA98-1765-471D-B869-A17A4607CCBD.jpeg?resize=525%2C300&ssl=1 1.5x, https:\/\/i0.wp.com\/www.cisa-arica.cl\/wp1\/wp-content\/uploads\/2023\/06\/89A6DA98-1765-471D-B869-A17A4607CCBD.jpeg?resize=700%2C400&ssl=1 2x, https:\/\/i0.wp.com\/www.cisa-arica.cl\/wp1\/wp-content\/uploads\/2023\/06\/89A6DA98-1765-471D-B869-A17A4607CCBD.jpeg?resize=1050%2C600&ssl=1 3x, https:\/\/i0.wp.com\/www.cisa-arica.cl\/wp1\/wp-content\/uploads\/2023\/06\/89A6DA98-1765-471D-B869-A17A4607CCBD.jpeg?resize=1400%2C800&ssl=1 4x"},"classes":[]},{"id":25598,"url":"https:\/\/www.cisa-arica.cl\/wp1\/2024\/05\/17\/encuentro-familiar-pentecostes\/","url_meta":{"origin":12568,"position":4},"title":"Encuentro Familiar Pentecost\u00e9s","author":"Jeannette Rivera","date":"17 de Mayo de 2024","format":false,"excerpt":"Se invita a toda la Comunidad Educativa a un hermoso encuentro familiar\u00a0 para esperar la venida del Esp\u00edritu Santo o Pentecost\u00e9s. La actividad se realizar\u00e1 el pr\u00f3ximo viernes 24 de mayo desde las 18 a 20 horas ingresando por por Sotomayor. Los esperamos con el coraz\u00f3n abierto de alegr\u00eda y\u2026","rel":"","context":"Entrada similar ","block_context":{"text":"Entrada similar ","link":""},"img":{"alt_text":"","src":"https:\/\/i0.wp.com\/www.cisa-arica.cl\/wp1\/wp-content\/uploads\/2024\/05\/WhatsApp-Image-2024-05-17-at-14.21.18.jpeg?resize=350%2C200&ssl=1","width":350,"height":200,"srcset":"https:\/\/i0.wp.com\/www.cisa-arica.cl\/wp1\/wp-content\/uploads\/2024\/05\/WhatsApp-Image-2024-05-17-at-14.21.18.jpeg?resize=350%2C200&ssl=1 1x, https:\/\/i0.wp.com\/www.cisa-arica.cl\/wp1\/wp-content\/uploads\/2024\/05\/WhatsApp-Image-2024-05-17-at-14.21.18.jpeg?resize=525%2C300&ssl=1 1.5x, https:\/\/i0.wp.com\/www.cisa-arica.cl\/wp1\/wp-content\/uploads\/2024\/05\/WhatsApp-Image-2024-05-17-at-14.21.18.jpeg?resize=700%2C400&ssl=1 2x"},"classes":[]},{"id":6330,"url":"https:\/\/www.cisa-arica.cl\/wp1\/2019\/04\/22\/jueves-santo-en-colegio-santa-ana\/","url_meta":{"origin":12568,"position":5},"title":"Jueves Santo en Colegio Santa Ana","author":"Jeannette Rivera","date":"22 de Abril de 2019","format":false,"excerpt":"El pasado Jueves Santo la comunidad de nuestro colegio nuevamente se reuni\u00f3 para conmemorar esta significativa fecha con una misa organizada por el Equipo de Pastoral y encabezada por el padre Jes\u00fas, adem\u00e1s de una representaci\u00f3n de la \u00faltima cena realizada por los cursos de kinder.","rel":"","context":"En &quot;galeria&quot;","block_context":{"text":"galeria","link":"https:\/\/www.cisa-arica.cl\/wp1\/category\/galeria\/"},"img":{"alt_text":"","src":"https:\/\/i0.wp.com\/www.cisa-arica.cl\/wp1\/wp-content\/uploads\/2019\/04\/008-7.jpeg?resize=350%2C200&ssl=1","width":350,"height":200,"srcset":"https:\/\/i0.wp.com\/www.cisa-arica.cl\/wp1\/wp-content\/uploads\/2019\/04\/008-7.jpeg?resize=350%2C200&ssl=1 1x, https:\/\/i0.wp.com\/www.cisa-arica.cl\/wp1\/wp-content\/uploads\/2019\/04\/008-7.jpeg?resize=525%2C300&ssl=1 1.5x, https:\/\/i0.wp.com\/www.cisa-arica.cl\/wp1\/wp-content\/uploads\/2019\/04\/008-7.jpeg?resize=700%2C400&ssl=1 2x, https:\/\/i0.wp.com\/www.cisa-arica.cl\/wp1\/wp-content\/uploads\/2019\/04\/008-7.jpeg?resize=1050%2C600&ssl=1 3x"},"classes":[]}],"_links":{"self":[{"href":"https:\/\/www.cisa-arica.cl\/wp1\/wp-json\/wp\/v2\/posts\/12568","targetHints":{"allow":["GET"]}}],"collection":[{"href":"https:\/\/www.cisa-arica.cl\/wp1\/wp-json\/wp\/v2\/posts"}],"about":[{"href":"https:\/\/www.cisa-arica.cl\/wp1\/wp-json\/wp\/v2\/types\/post"}],"author":[{"embeddable":true,"href":"https:\/\/www.cisa-arica.cl\/wp1\/wp-json\/wp\/v2\/users\/5"}],"replies":[{"embeddable":true,"href":"https:\/\/www.cisa-arica.cl\/wp1\/wp-json\/wp\/v2\/comments?post=12568"}],"version-history":[{"count":1,"href":"https:\/\/www.cisa-arica.cl\/wp1\/wp-json\/wp\/v2\/posts\/12568\/revisions"}],"predecessor-version":[{"id":12570,"href":"https:\/\/www.cisa-arica.cl\/wp1\/wp-json\/wp\/v2\/posts\/12568\/revisions\/12570"}],"wp:featuredmedia":[{"embeddable":true,"href":"https:\/\/www.cisa-arica.cl\/wp1\/wp-json\/wp\/v2\/media\/12569"}],"wp:attachment":[{"href":"https:\/\/www.cisa-arica.cl\/wp1\/wp-json\/wp\/v2\/media?parent=12568"}],"wp:term":[{"taxonomy":"category","embeddable":true,"href":"https:\/\/www.cisa-arica.cl\/wp1\/wp-json\/wp\/v2\/categories?post=12568"},{"taxonomy":"post_tag","embeddable":true,"href":"https:\/\/www.cisa-arica.cl\/wp1\/wp-json\/wp\/v2\/tags?post=12568"}],"curies":[{"name":"wp","href":"https:\/\/api.w.org\/{rel}","templated":true}]}}