{"id":12455,"date":"2021-05-10T08:30:07","date_gmt":"2021-05-10T12:30:07","guid":{"rendered":"http:\/\/www.cisa-arica.cl\/wp1\/?p=12455"},"modified":"2021-05-09T15:43:24","modified_gmt":"2021-05-09T19:43:24","slug":"%f0%9f%8e%b5-semana-de-la-educacion-artistica-%f0%9f%8e%a8","status":"publish","type":"post","link":"https:\/\/www.cisa-arica.cl\/wp1\/2021\/05\/10\/%f0%9f%8e%b5-semana-de-la-educacion-artistica-%f0%9f%8e%a8\/","title":{"rendered":"&#x1f3b5; Semana de la Educaci\u00f3n Art\u00edstica &#x1f3a8;"},"content":{"rendered":"\n<p>Estimada Comunidad Educativa:<\/p>\n\n\n\n<p>Durante esta semana del 10 de mayo se celebra la<strong> Semana de la Educaci\u00f3n Art\u00edstica,<\/strong> y por este motivo, nuestros profesores del <strong>Departamento de Artes y M\u00fasica <\/strong>crearon este video para conmemorar con ustedes la importancia de las artes.<\/p>\n\n\n\n<figure class=\"wp-block-embed-youtube wp-block-embed is-type-video is-provider-youtube wp-embed-aspect-16-9 wp-has-aspect-ratio\"><div class=\"wp-block-embed__wrapper\">\n<iframe loading=\"lazy\"  id=\"_ytid_95831\"  width=\"800\" height=\"450\"  data-origwidth=\"800\" data-origheight=\"450\" src=\"https:\/\/www.youtube.com\/embed\/T6K3yqKbH1g?enablejsapi=1&#038;autoplay=0&#038;cc_load_policy=0&#038;cc_lang_pref=&#038;iv_load_policy=1&#038;loop=0&#038;rel=1&#038;fs=1&#038;playsinline=0&#038;autohide=2&#038;theme=dark&#038;color=red&#038;controls=1&#038;disablekb=0&#038;\" class=\"__youtube_prefs__  epyt-is-override  no-lazyload\" title=\"YouTube player\"  allow=\"fullscreen; accelerometer; autoplay; clipboard-write; encrypted-media; gyroscope; picture-in-picture; web-share\" referrerpolicy=\"strict-origin-when-cross-origin\" allowfullscreen data-no-lazy=\"1\" data-skipgform_ajax_framebjll=\"\"><\/iframe>\n<\/div><\/figure>\n","protected":false},"excerpt":{"rendered":"<p>Estimada Comunidad Educativa: Durante esta semana del 10 de mayo se celebra la Semana de la Educaci\u00f3n Art\u00edstica, y por este motivo, nuestros profesores del Departamento de Artes y M\u00fasica crearon este video para conmemorar con ustedes la importancia de las artes.<\/p>\n","protected":false},"author":5,"featured_media":12456,"comment_status":"closed","ping_status":"open","sticky":false,"template":"","format":"standard","meta":{"_jetpack_memberships_contains_paid_content":false,"footnotes":"","jetpack_publicize_message":"","jetpack_publicize_feature_enabled":true,"jetpack_social_post_already_shared":true,"jetpack_social_options":{"image_generator_settings":{"template":"highway","default_image_id":0,"font":"","enabled":false},"version":2}},"categories":[19],"tags":[],"class_list":["post-12455","post","type-post","status-publish","format-standard","has-post-thumbnail","hentry","category-cisa"],"jetpack_publicize_connections":[],"jetpack_featured_media_url":"https:\/\/www.cisa-arica.cl\/wp1\/wp-content\/uploads\/2021\/05\/Screenshot_4.png","jetpack_sharing_enabled":true,"jetpack_shortlink":"https:\/\/wp.me\/p84wcz-3eT","jetpack-related-posts":[{"id":7175,"url":"https:\/\/www.cisa-arica.cl\/wp1\/2019\/05\/17\/salida-a-terreno-academia-de-teatro-2\/","url_meta":{"origin":12455,"position":0},"title":"Salida a terreno Academia de Teatro","author":"Jeannette Rivera","date":"17 de Mayo de 2019","format":false,"excerpt":"El pasado mi\u00e9rcoles las estudiantes de la Academia de Teatro del Colegio Italiano Santa Ana asistieron al Centro MB2 para la Experimentaci\u00f3n de las Artes con motivo de la Semana de la Educaci\u00f3n Art\u00edstica. Las estudiantes desarrollaron clase y posteriormente ensayaron la obra que se trabajando para este a\u00f1o 2019.","rel":"","context":"En &quot;Academias CISA&quot;","block_context":{"text":"Academias CISA","link":"https:\/\/www.cisa-arica.cl\/wp1\/category\/academias-cisa\/"},"img":{"alt_text":"","src":"https:\/\/i0.wp.com\/www.cisa-arica.cl\/wp1\/wp-content\/uploads\/2019\/05\/111-3.jpeg?resize=350%2C200&ssl=1","width":350,"height":200,"srcset":"https:\/\/i0.wp.com\/www.cisa-arica.cl\/wp1\/wp-content\/uploads\/2019\/05\/111-3.jpeg?resize=350%2C200&ssl=1 1x, https:\/\/i0.wp.com\/www.cisa-arica.cl\/wp1\/wp-content\/uploads\/2019\/05\/111-3.jpeg?resize=525%2C300&ssl=1 1.5x, https:\/\/i0.wp.com\/www.cisa-arica.cl\/wp1\/wp-content\/uploads\/2019\/05\/111-3.jpeg?resize=700%2C400&ssl=1 2x, https:\/\/i0.wp.com\/www.cisa-arica.cl\/wp1\/wp-content\/uploads\/2019\/05\/111-3.jpeg?resize=1050%2C600&ssl=1 3x"},"classes":[]},{"id":25416,"url":"https:\/\/www.cisa-arica.cl\/wp1\/2024\/05\/17\/semana-artistica\/","url_meta":{"origin":12455,"position":1},"title":"Semana Art\u00edstica","author":"Jeannette Rivera","date":"17 de Mayo de 2024","format":false,"excerpt":"El Departamento de Artes del colegio organiz\u00f3 la Semana Art\u00edstica en donde las estudiantes pudieron participar de una serie de actividades art\u00edsticas-musicales durante las jornadas de clases. Una de estas actividades fue la visita de la Orquesta del Colegio Domingo Santa Mar\u00eda quien nos brind\u00f3 un hermoso concierto con algunas\u2026","rel":"","context":"Entrada similar ","block_context":{"text":"Entrada similar ","link":""},"img":{"alt_text":"","src":"https:\/\/i0.wp.com\/www.cisa-arica.cl\/wp1\/wp-content\/uploads\/2024\/05\/IMG_0437.jpg?resize=350%2C200&ssl=1","width":350,"height":200,"srcset":"https:\/\/i0.wp.com\/www.cisa-arica.cl\/wp1\/wp-content\/uploads\/2024\/05\/IMG_0437.jpg?resize=350%2C200&ssl=1 1x, https:\/\/i0.wp.com\/www.cisa-arica.cl\/wp1\/wp-content\/uploads\/2024\/05\/IMG_0437.jpg?resize=525%2C300&ssl=1 1.5x, https:\/\/i0.wp.com\/www.cisa-arica.cl\/wp1\/wp-content\/uploads\/2024\/05\/IMG_0437.jpg?resize=700%2C400&ssl=1 2x, https:\/\/i0.wp.com\/www.cisa-arica.cl\/wp1\/wp-content\/uploads\/2024\/05\/IMG_0437.jpg?resize=1050%2C600&ssl=1 3x, https:\/\/i0.wp.com\/www.cisa-arica.cl\/wp1\/wp-content\/uploads\/2024\/05\/IMG_0437.jpg?resize=1400%2C800&ssl=1 4x"},"classes":[]},{"id":28538,"url":"https:\/\/www.cisa-arica.cl\/wp1\/2025\/06\/12\/semana-artistica-cisa\/","url_meta":{"origin":12455,"position":2},"title":"Semana Art\u00edstica Cisa","author":"Jeannette Rivera","date":"12 de Junio de 2025","format":false,"excerpt":"Durante la Semana Art\u00edstica, se realizaron una serie de actividades a cargo del Departamento de Artes. En\u00a0 esa semana las estudiantes disfrutaron de muestras\u00a0 y tuvieron la oportunidad adem\u00e1s de presentar sus diversas habilidades art\u00edsticas frente a sus compa\u00f1eras de colegio.","rel":"","context":"Entrada similar ","block_context":{"text":"Entrada similar ","link":""},"img":{"alt_text":"","src":"https:\/\/i0.wp.com\/www.cisa-arica.cl\/wp1\/wp-content\/uploads\/2025\/06\/WhatsApp-Image-2025-06-24-at-9.58.20-AM.jpeg?resize=350%2C200&ssl=1","width":350,"height":200,"srcset":"https:\/\/i0.wp.com\/www.cisa-arica.cl\/wp1\/wp-content\/uploads\/2025\/06\/WhatsApp-Image-2025-06-24-at-9.58.20-AM.jpeg?resize=350%2C200&ssl=1 1x, https:\/\/i0.wp.com\/www.cisa-arica.cl\/wp1\/wp-content\/uploads\/2025\/06\/WhatsApp-Image-2025-06-24-at-9.58.20-AM.jpeg?resize=525%2C300&ssl=1 1.5x, https:\/\/i0.wp.com\/www.cisa-arica.cl\/wp1\/wp-content\/uploads\/2025\/06\/WhatsApp-Image-2025-06-24-at-9.58.20-AM.jpeg?resize=700%2C400&ssl=1 2x, https:\/\/i0.wp.com\/www.cisa-arica.cl\/wp1\/wp-content\/uploads\/2025\/06\/WhatsApp-Image-2025-06-24-at-9.58.20-AM.jpeg?resize=1050%2C600&ssl=1 3x"},"classes":[]},{"id":13128,"url":"https:\/\/www.cisa-arica.cl\/wp1\/2021\/09\/17\/educacion-parvularia-juegos-tipicos-chilenos\/","url_meta":{"origin":12455,"position":3},"title":"Educaci\u00f3n Parvularia &#8211; Juegos t\u00edpicos chilenos","author":"Jeannette Rivera","date":"17 de Septiembre de 2021","format":false,"excerpt":"Estimada Comunidad Educativa: Hoy Viernes 17 de septiembre queremos comenzar este fin de semana de Fiestas Patrias con todo el \u00e1nimo de nuestras educadoras y t\u00e9cnicos de aula de Educaci\u00f3n Parvularia, quienes prepararon esta c\u00e1psula dieciochera con distintos juegos t\u00edpicos del pa\u00eds. Equipo Educaci\u00f3n Parvularia \u00a0","rel":"","context":"En &quot;CISA&quot;","block_context":{"text":"CISA","link":"https:\/\/www.cisa-arica.cl\/wp1\/category\/cisa\/"},"img":{"alt_text":"","src":"https:\/\/i0.wp.com\/www.cisa-arica.cl\/wp1\/wp-content\/uploads\/2021\/09\/18.png?resize=350%2C200&ssl=1","width":350,"height":200},"classes":[]},{"id":18459,"url":"https:\/\/www.cisa-arica.cl\/wp1\/2022\/11\/25\/semana-de-la-educacion-parvularia\/","url_meta":{"origin":12455,"position":4},"title":"Semana de la Educaci\u00f3n Parvularia","author":"Jeannette Rivera","date":"25 de Noviembre de 2022","format":false,"excerpt":"Con una serie de actividades las peque\u00f1as estudiantes junto a sus educadoras y t\u00edas t\u00e9cnicos , celebraron la Semana de la Educaci\u00f3n Parvularia.","rel":"","context":"Entrada similar ","block_context":{"text":"Entrada similar ","link":""},"img":{"alt_text":"","src":"https:\/\/i0.wp.com\/www.cisa-arica.cl\/wp1\/wp-content\/uploads\/2022\/12\/5117145C-DAD8-4768-87C5-4BE73B3E5DC3.jpeg?resize=350%2C200&ssl=1","width":350,"height":200,"srcset":"https:\/\/i0.wp.com\/www.cisa-arica.cl\/wp1\/wp-content\/uploads\/2022\/12\/5117145C-DAD8-4768-87C5-4BE73B3E5DC3.jpeg?resize=350%2C200&ssl=1 1x, https:\/\/i0.wp.com\/www.cisa-arica.cl\/wp1\/wp-content\/uploads\/2022\/12\/5117145C-DAD8-4768-87C5-4BE73B3E5DC3.jpeg?resize=525%2C300&ssl=1 1.5x, https:\/\/i0.wp.com\/www.cisa-arica.cl\/wp1\/wp-content\/uploads\/2022\/12\/5117145C-DAD8-4768-87C5-4BE73B3E5DC3.jpeg?resize=700%2C400&ssl=1 2x, https:\/\/i0.wp.com\/www.cisa-arica.cl\/wp1\/wp-content\/uploads\/2022\/12\/5117145C-DAD8-4768-87C5-4BE73B3E5DC3.jpeg?resize=1050%2C600&ssl=1 3x"},"classes":[]},{"id":27486,"url":"https:\/\/www.cisa-arica.cl\/wp1\/2024\/11\/22\/22-de-noviembre-dia-de-la-educacion-parvularia\/","url_meta":{"origin":12455,"position":5},"title":"22 de Noviembre D\u00eda de la Educaci\u00f3n Parvularia","author":"Jeannette Rivera","date":"22 de Noviembre de 2024","format":false,"excerpt":"Cada 22 de noviembre la Educaci\u00f3n Parvularia celebra su d\u00eda, en reconocimiento a la labor que realizan con estudiantes de los niveles de Prekinder y Kinderde, con el firme objetivo de favorecer de manera sistem\u00e1tica, oportuna y pertinente, el desarrollo integral y significativo. Este d\u00eda destacamos la labor pedag\u00f3gica que\u2026","rel":"","context":"Entrada similar ","block_context":{"text":"Entrada similar ","link":""},"img":{"alt_text":"","src":"https:\/\/i0.wp.com\/www.cisa-arica.cl\/wp1\/wp-content\/uploads\/2024\/11\/IMG_8679-scaled.jpg?resize=350%2C200&ssl=1","width":350,"height":200,"srcset":"https:\/\/i0.wp.com\/www.cisa-arica.cl\/wp1\/wp-content\/uploads\/2024\/11\/IMG_8679-scaled.jpg?resize=350%2C200&ssl=1 1x, https:\/\/i0.wp.com\/www.cisa-arica.cl\/wp1\/wp-content\/uploads\/2024\/11\/IMG_8679-scaled.jpg?resize=525%2C300&ssl=1 1.5x, https:\/\/i0.wp.com\/www.cisa-arica.cl\/wp1\/wp-content\/uploads\/2024\/11\/IMG_8679-scaled.jpg?resize=700%2C400&ssl=1 2x, https:\/\/i0.wp.com\/www.cisa-arica.cl\/wp1\/wp-content\/uploads\/2024\/11\/IMG_8679-scaled.jpg?resize=1050%2C600&ssl=1 3x, https:\/\/i0.wp.com\/www.cisa-arica.cl\/wp1\/wp-content\/uploads\/2024\/11\/IMG_8679-scaled.jpg?resize=1400%2C800&ssl=1 4x"},"classes":[]}],"_links":{"self":[{"href":"https:\/\/www.cisa-arica.cl\/wp1\/wp-json\/wp\/v2\/posts\/12455","targetHints":{"allow":["GET"]}}],"collection":[{"href":"https:\/\/www.cisa-arica.cl\/wp1\/wp-json\/wp\/v2\/posts"}],"about":[{"href":"https:\/\/www.cisa-arica.cl\/wp1\/wp-json\/wp\/v2\/types\/post"}],"author":[{"embeddable":true,"href":"https:\/\/www.cisa-arica.cl\/wp1\/wp-json\/wp\/v2\/users\/5"}],"replies":[{"embeddable":true,"href":"https:\/\/www.cisa-arica.cl\/wp1\/wp-json\/wp\/v2\/comments?post=12455"}],"version-history":[{"count":2,"href":"https:\/\/www.cisa-arica.cl\/wp1\/wp-json\/wp\/v2\/posts\/12455\/revisions"}],"predecessor-version":[{"id":12459,"href":"https:\/\/www.cisa-arica.cl\/wp1\/wp-json\/wp\/v2\/posts\/12455\/revisions\/12459"}],"wp:featuredmedia":[{"embeddable":true,"href":"https:\/\/www.cisa-arica.cl\/wp1\/wp-json\/wp\/v2\/media\/12456"}],"wp:attachment":[{"href":"https:\/\/www.cisa-arica.cl\/wp1\/wp-json\/wp\/v2\/media?parent=12455"}],"wp:term":[{"taxonomy":"category","embeddable":true,"href":"https:\/\/www.cisa-arica.cl\/wp1\/wp-json\/wp\/v2\/categories?post=12455"},{"taxonomy":"post_tag","embeddable":true,"href":"https:\/\/www.cisa-arica.cl\/wp1\/wp-json\/wp\/v2\/tags?post=12455"}],"curies":[{"name":"wp","href":"https:\/\/api.w.org\/{rel}","templated":true}]}}