{"id":12446,"date":"2021-05-09T08:00:51","date_gmt":"2021-05-09T12:00:51","guid":{"rendered":"http:\/\/www.cisa-arica.cl\/wp1\/?p=12446"},"modified":"2021-05-09T13:26:22","modified_gmt":"2021-05-09T17:26:22","slug":"cisa-saluda-en-el-dia-de-la-madre","status":"publish","type":"post","link":"https:\/\/www.cisa-arica.cl\/wp1\/2021\/05\/09\/cisa-saluda-en-el-dia-de-la-madre\/","title":{"rendered":"CISA saluda en el D\u00eda de la Madre"},"content":{"rendered":"\n<p>Estimada Comunidad Santa Ana:<\/p>\n\n\n\n<p>Este Domingo 9 de mayo, Colegio Italiano Santa Ana les desea un gran FELIZ D\u00cdA DE LA MADRE para todas y cada una que han sido bendecidas con el don de la maternidad. Que nuestra madre Santa Ana las guie e ilumine en la hermosa y exigente misi\u00f3n de formar y construir vidas.<br>Un abrazo y saludos de toda la Comunidad Educativa.<\/p>\n\n\n\n<figure class=\"wp-block-embed-youtube wp-block-embed is-type-video is-provider-youtube wp-embed-aspect-16-9 wp-has-aspect-ratio\"><div class=\"wp-block-embed__wrapper\">\n<iframe loading=\"lazy\"  id=\"_ytid_24343\"  width=\"800\" height=\"450\"  data-origwidth=\"800\" data-origheight=\"450\" src=\"https:\/\/www.youtube.com\/embed\/eszg2QcB9vQ?enablejsapi=1&#038;autoplay=0&#038;cc_load_policy=0&#038;cc_lang_pref=&#038;iv_load_policy=1&#038;loop=0&#038;rel=1&#038;fs=1&#038;playsinline=0&#038;autohide=2&#038;theme=dark&#038;color=red&#038;controls=1&#038;disablekb=0&#038;\" class=\"__youtube_prefs__  epyt-is-override  no-lazyload\" title=\"YouTube player\"  allow=\"fullscreen; accelerometer; autoplay; clipboard-write; encrypted-media; gyroscope; picture-in-picture; web-share\" referrerpolicy=\"strict-origin-when-cross-origin\" allowfullscreen data-no-lazy=\"1\" data-skipgform_ajax_framebjll=\"\"><\/iframe>\n<\/div><\/figure>\n\n\n\n<figure class=\"wp-block-embed-youtube wp-block-embed is-type-video is-provider-youtube wp-embed-aspect-16-9 wp-has-aspect-ratio\"><div class=\"wp-block-embed__wrapper\">\n<iframe loading=\"lazy\"  id=\"_ytid_76190\"  width=\"800\" height=\"450\"  data-origwidth=\"800\" data-origheight=\"450\" src=\"https:\/\/www.youtube.com\/embed\/awJtZJ571DE?enablejsapi=1&#038;autoplay=0&#038;cc_load_policy=0&#038;cc_lang_pref=&#038;iv_load_policy=1&#038;loop=0&#038;rel=1&#038;fs=1&#038;playsinline=0&#038;autohide=2&#038;theme=dark&#038;color=red&#038;controls=1&#038;disablekb=0&#038;\" class=\"__youtube_prefs__  epyt-is-override  no-lazyload\" title=\"YouTube player\"  allow=\"fullscreen; accelerometer; autoplay; clipboard-write; encrypted-media; gyroscope; picture-in-picture; web-share\" referrerpolicy=\"strict-origin-when-cross-origin\" allowfullscreen data-no-lazy=\"1\" data-skipgform_ajax_framebjll=\"\"><\/iframe>\n<\/div><\/figure>\n\n\n\n<figure class=\"wp-block-embed-youtube wp-block-embed is-type-video is-provider-youtube wp-embed-aspect-16-9 wp-has-aspect-ratio\"><div class=\"wp-block-embed__wrapper\">\n<iframe loading=\"lazy\"  id=\"_ytid_24799\"  width=\"800\" height=\"450\"  data-origwidth=\"800\" data-origheight=\"450\" src=\"https:\/\/www.youtube.com\/embed\/dtWB4OF6hjM?enablejsapi=1&#038;autoplay=0&#038;cc_load_policy=0&#038;cc_lang_pref=&#038;iv_load_policy=1&#038;loop=0&#038;rel=1&#038;fs=1&#038;playsinline=0&#038;autohide=2&#038;theme=dark&#038;color=red&#038;controls=1&#038;disablekb=0&#038;\" class=\"__youtube_prefs__  epyt-is-override  no-lazyload\" title=\"YouTube player\"  allow=\"fullscreen; accelerometer; autoplay; clipboard-write; encrypted-media; gyroscope; picture-in-picture; web-share\" referrerpolicy=\"strict-origin-when-cross-origin\" allowfullscreen data-no-lazy=\"1\" data-skipgform_ajax_framebjll=\"\"><\/iframe>\n<\/div><\/figure>\n","protected":false},"excerpt":{"rendered":"<p>Estimada Comunidad Santa Ana: Este Domingo 9 de mayo, Colegio Italiano Santa Ana les desea un gran FELIZ D\u00cdA DE LA MADRE para todas y cada una que han sido bendecidas con el don de la maternidad. Que nuestra madre Santa Ana las guie e ilumine en la hermosa y exigente misi\u00f3n de formar y <a class=\"read-more\" href=\"https:\/\/www.cisa-arica.cl\/wp1\/2021\/05\/09\/cisa-saluda-en-el-dia-de-la-madre\/\">Continuar leyendo<\/a><\/p>\n","protected":false},"author":5,"featured_media":12447,"comment_status":"closed","ping_status":"open","sticky":false,"template":"","format":"standard","meta":{"_jetpack_memberships_contains_paid_content":false,"footnotes":"","jetpack_publicize_message":"","jetpack_publicize_feature_enabled":true,"jetpack_social_post_already_shared":true,"jetpack_social_options":{"image_generator_settings":{"template":"highway","default_image_id":0,"font":"","enabled":false},"version":2}},"categories":[5],"tags":[],"class_list":["post-12446","post","type-post","status-publish","format-standard","has-post-thumbnail","hentry","category-uncategorized"],"jetpack_publicize_connections":[],"jetpack_featured_media_url":"https:\/\/www.cisa-arica.cl\/wp1\/wp-content\/uploads\/2021\/05\/Screenshot_2021-05-07-Fondo-con-Rosas-Rosadas-Frases-Para-El-Dia-De-Las-Madres.png","jetpack_sharing_enabled":true,"jetpack_shortlink":"https:\/\/wp.me\/p84wcz-3eK","jetpack-related-posts":[{"id":15526,"url":"https:\/\/www.cisa-arica.cl\/wp1\/2022\/05\/09\/feliz-dia-de-la-madre\/","url_meta":{"origin":12446,"position":0},"title":"Feliz D\u00eda de la Madre &#x1f496;","author":"Jeannette Rivera","date":"9 de Mayo de 2022","format":false,"excerpt":"Estimada Comunidad: Colegio Italiano Santa Ana les desea un gran FELIZ D\u00cdA DE LA MADRE para todas y cada una que han sido bendecidas o han elegido la maternidad. Que nuestra madre Santa Ana las guie e ilumine en la hermosa y exigente misi\u00f3n de formar y construir vidas. Un\u2026","rel":"","context":"En &quot;CISA&quot;","block_context":{"text":"CISA","link":"https:\/\/www.cisa-arica.cl\/wp1\/category\/cisa\/"},"img":{"alt_text":"","src":"https:\/\/i0.wp.com\/www.cisa-arica.cl\/wp1\/wp-content\/uploads\/2022\/05\/Screenshot_1.jpg?resize=350%2C200&ssl=1","width":350,"height":200,"srcset":"https:\/\/i0.wp.com\/www.cisa-arica.cl\/wp1\/wp-content\/uploads\/2022\/05\/Screenshot_1.jpg?resize=350%2C200&ssl=1 1x, https:\/\/i0.wp.com\/www.cisa-arica.cl\/wp1\/wp-content\/uploads\/2022\/05\/Screenshot_1.jpg?resize=525%2C300&ssl=1 1.5x"},"classes":[]},{"id":12428,"url":"https:\/\/www.cisa-arica.cl\/wp1\/2021\/05\/04\/encuentro-de-oracion-pascua-madre-rosa-gattorno\/","url_meta":{"origin":12446,"position":1},"title":"Encuentro de Oraci\u00f3n Pascua Madre Rosa Gattorno","author":"Jeannette Rivera","date":"4 de Mayo de 2021","format":false,"excerpt":"Ayer Lunes 04 de mayo se reuni\u00f3 la comunidad educativa del Colegio Italiano Santa Ana de Arica y Colegio Santa Ana de Santiago; para hacer oraci\u00f3n en torno a nuestra Madre Rosa Gattorno, fundadora de la Congregaci\u00f3n Hijas de Santa Ana. Conmemorando su paso al cielo junto a Dios. Agredeciendo\u2026","rel":"","context":"En &quot;Pastoral&quot;","block_context":{"text":"Pastoral","link":"https:\/\/www.cisa-arica.cl\/wp1\/category\/pastoral\/"},"img":{"alt_text":"","src":"https:\/\/i0.wp.com\/www.cisa-arica.cl\/wp1\/wp-content\/uploads\/2021\/05\/WhatsApp-Image-2021-05-03-at-11.55.39.jpeg?resize=350%2C200&ssl=1","width":350,"height":200},"classes":[]},{"id":6785,"url":"https:\/\/www.cisa-arica.cl\/wp1\/2019\/05\/08\/este-6-de-mayo-recordamos-a-madre-rosa-gattorno\/","url_meta":{"origin":12446,"position":2},"title":"Este 6 de mayo recordamos a Madre Rosa Gattorno","author":"Jeannette Rivera","date":"8 de Mayo de 2019","format":false,"excerpt":"Este 6 de mayo se conmemoraron 119 a\u00f1os del fallecimiento de Madre Rosa Gattorno, fundadora de la Congregaci\u00f3n Hijas de Santa Ana, quienes siguen presentes en los cinco continentes continuando con su legado de evangelizar, educar y ayudar al que m\u00e1s lo necesita. Por ello, la comunidad del Colegio Italiano\u2026","rel":"","context":"En &quot;galeria&quot;","block_context":{"text":"galeria","link":"https:\/\/www.cisa-arica.cl\/wp1\/category\/galeria\/"},"img":{"alt_text":"","src":"https:\/\/i0.wp.com\/www.cisa-arica.cl\/wp1\/wp-content\/uploads\/2019\/05\/031.jpg?resize=350%2C200&ssl=1","width":350,"height":200,"srcset":"https:\/\/i0.wp.com\/www.cisa-arica.cl\/wp1\/wp-content\/uploads\/2019\/05\/031.jpg?resize=350%2C200&ssl=1 1x, https:\/\/i0.wp.com\/www.cisa-arica.cl\/wp1\/wp-content\/uploads\/2019\/05\/031.jpg?resize=525%2C300&ssl=1 1.5x, https:\/\/i0.wp.com\/www.cisa-arica.cl\/wp1\/wp-content\/uploads\/2019\/05\/031.jpg?resize=700%2C400&ssl=1 2x"},"classes":[]},{"id":11925,"url":"https:\/\/www.cisa-arica.cl\/wp1\/2021\/01\/31\/condolencias-9\/","url_meta":{"origin":12446,"position":3},"title":"Condolencias","author":"CISA","date":"31 de Enero de 2021","format":false,"excerpt":"Nos unimos como comunidad educativa \"Colegio Italiano Santa Ana\" en oraci\u00f3n por el sensible fallecimiento de: Enriqueta del Carmen Bustos Molsalves. Madre de nuestra querida Hermana Mar\u00eda Mu\u00f1oz Bustos, religiosa de la congregaci\u00f3n \"Hijas de Santa Ana\". Pedimos a Dios Padre que con profunda misericordia reciba en su morada a\u2026","rel":"","context":"Entrada similar ","block_context":{"text":"Entrada similar ","link":""},"img":{"alt_text":"","src":"https:\/\/i0.wp.com\/www.cisa-arica.cl\/wp1\/wp-content\/uploads\/2020\/09\/921db7a1-93ff-4063-8b68-3e5990dd3cd6.png?resize=350%2C200&ssl=1","width":350,"height":200,"srcset":"https:\/\/i0.wp.com\/www.cisa-arica.cl\/wp1\/wp-content\/uploads\/2020\/09\/921db7a1-93ff-4063-8b68-3e5990dd3cd6.png?resize=350%2C200&ssl=1 1x, https:\/\/i0.wp.com\/www.cisa-arica.cl\/wp1\/wp-content\/uploads\/2020\/09\/921db7a1-93ff-4063-8b68-3e5990dd3cd6.png?resize=525%2C300&ssl=1 1.5x, https:\/\/i0.wp.com\/www.cisa-arica.cl\/wp1\/wp-content\/uploads\/2020\/09\/921db7a1-93ff-4063-8b68-3e5990dd3cd6.png?resize=700%2C400&ssl=1 2x, https:\/\/i0.wp.com\/www.cisa-arica.cl\/wp1\/wp-content\/uploads\/2020\/09\/921db7a1-93ff-4063-8b68-3e5990dd3cd6.png?resize=1050%2C600&ssl=1 3x"},"classes":[]},{"id":11290,"url":"https:\/\/www.cisa-arica.cl\/wp1\/2020\/08\/17\/condolencias-6\/","url_meta":{"origin":12446,"position":4},"title":"Condolencias","author":"CISA","date":"17 de Agosto de 2020","format":false,"excerpt":"Querida Familia Santa Ana. Nos unimos con cari\u00f1o como comunidad educativa en oraci\u00f3n por la partida al Reino de Dios de: Sra. Elena Becerra Rodr\u00edguez (Q.E.P.D) Quien fuera madre de nuestra querida Inspectora Sra. Mireya Torres Becerra. Abuela de nuestra asistente de la educaci\u00f3n Johana Olivares Torres y de nuestra\u2026","rel":"","context":"Entrada similar ","block_context":{"text":"Entrada similar ","link":""},"img":{"alt_text":"","src":"https:\/\/i0.wp.com\/www.cisa-arica.cl\/wp1\/wp-content\/uploads\/2020\/08\/17469e02-aad9-4ac9-b771-9d8684b7d0cc-1.png?resize=350%2C200&ssl=1","width":350,"height":200,"srcset":"https:\/\/i0.wp.com\/www.cisa-arica.cl\/wp1\/wp-content\/uploads\/2020\/08\/17469e02-aad9-4ac9-b771-9d8684b7d0cc-1.png?resize=350%2C200&ssl=1 1x, https:\/\/i0.wp.com\/www.cisa-arica.cl\/wp1\/wp-content\/uploads\/2020\/08\/17469e02-aad9-4ac9-b771-9d8684b7d0cc-1.png?resize=525%2C300&ssl=1 1.5x, https:\/\/i0.wp.com\/www.cisa-arica.cl\/wp1\/wp-content\/uploads\/2020\/08\/17469e02-aad9-4ac9-b771-9d8684b7d0cc-1.png?resize=700%2C400&ssl=1 2x, https:\/\/i0.wp.com\/www.cisa-arica.cl\/wp1\/wp-content\/uploads\/2020\/08\/17469e02-aad9-4ac9-b771-9d8684b7d0cc-1.png?resize=1050%2C600&ssl=1 3x"},"classes":[]},{"id":11173,"url":"https:\/\/www.cisa-arica.cl\/wp1\/2020\/07\/30\/condolencias-4\/","url_meta":{"origin":12446,"position":5},"title":"Condolencias","author":"CISA","date":"30 de Julio de 2020","format":false,"excerpt":"La Comunidad Educativa del nuestro Colegio Italiano Santa Ana se suma en oraci\u00f3n por el eterno descanso de PAUL RAM\u00cdREZ CHANG.Hermano de nuestra querida profesora Elizabeth Ram\u00edrez, a qui\u00e9n acompa\u00f1amos con especial cari\u00f1o. Que Dios de misericordia y amor acoja en sus manos amorosas a quien ha llamado de esta\u2026","rel":"","context":"Entrada similar ","block_context":{"text":"Entrada similar ","link":""},"img":{"alt_text":"","src":"https:\/\/i0.wp.com\/www.cisa-arica.cl\/wp1\/wp-content\/uploads\/2020\/07\/4b5de357-5dc5-487c-b492-eb115ba7decc.png?resize=350%2C200&ssl=1","width":350,"height":200,"srcset":"https:\/\/i0.wp.com\/www.cisa-arica.cl\/wp1\/wp-content\/uploads\/2020\/07\/4b5de357-5dc5-487c-b492-eb115ba7decc.png?resize=350%2C200&ssl=1 1x, https:\/\/i0.wp.com\/www.cisa-arica.cl\/wp1\/wp-content\/uploads\/2020\/07\/4b5de357-5dc5-487c-b492-eb115ba7decc.png?resize=525%2C300&ssl=1 1.5x, https:\/\/i0.wp.com\/www.cisa-arica.cl\/wp1\/wp-content\/uploads\/2020\/07\/4b5de357-5dc5-487c-b492-eb115ba7decc.png?resize=700%2C400&ssl=1 2x, https:\/\/i0.wp.com\/www.cisa-arica.cl\/wp1\/wp-content\/uploads\/2020\/07\/4b5de357-5dc5-487c-b492-eb115ba7decc.png?resize=1050%2C600&ssl=1 3x"},"classes":[]}],"_links":{"self":[{"href":"https:\/\/www.cisa-arica.cl\/wp1\/wp-json\/wp\/v2\/posts\/12446","targetHints":{"allow":["GET"]}}],"collection":[{"href":"https:\/\/www.cisa-arica.cl\/wp1\/wp-json\/wp\/v2\/posts"}],"about":[{"href":"https:\/\/www.cisa-arica.cl\/wp1\/wp-json\/wp\/v2\/types\/post"}],"author":[{"embeddable":true,"href":"https:\/\/www.cisa-arica.cl\/wp1\/wp-json\/wp\/v2\/users\/5"}],"replies":[{"embeddable":true,"href":"https:\/\/www.cisa-arica.cl\/wp1\/wp-json\/wp\/v2\/comments?post=12446"}],"version-history":[{"count":2,"href":"https:\/\/www.cisa-arica.cl\/wp1\/wp-json\/wp\/v2\/posts\/12446\/revisions"}],"predecessor-version":[{"id":12454,"href":"https:\/\/www.cisa-arica.cl\/wp1\/wp-json\/wp\/v2\/posts\/12446\/revisions\/12454"}],"wp:featuredmedia":[{"embeddable":true,"href":"https:\/\/www.cisa-arica.cl\/wp1\/wp-json\/wp\/v2\/media\/12447"}],"wp:attachment":[{"href":"https:\/\/www.cisa-arica.cl\/wp1\/wp-json\/wp\/v2\/media?parent=12446"}],"wp:term":[{"taxonomy":"category","embeddable":true,"href":"https:\/\/www.cisa-arica.cl\/wp1\/wp-json\/wp\/v2\/categories?post=12446"},{"taxonomy":"post_tag","embeddable":true,"href":"https:\/\/www.cisa-arica.cl\/wp1\/wp-json\/wp\/v2\/tags?post=12446"}],"curies":[{"name":"wp","href":"https:\/\/api.w.org\/{rel}","templated":true}]}}