{"id":12442,"date":"2021-05-07T11:59:12","date_gmt":"2021-05-07T15:59:12","guid":{"rendered":"http:\/\/www.cisa-arica.cl\/wp1\/?p=12442"},"modified":"2021-05-07T12:00:42","modified_gmt":"2021-05-07T16:00:42","slug":"inicio-grupo-catequesis-primera-comunion","status":"publish","type":"post","link":"https:\/\/www.cisa-arica.cl\/wp1\/2021\/05\/07\/inicio-grupo-catequesis-primera-comunion\/","title":{"rendered":"Inicio Grupo Catequesis Primera Comuni\u00f3n"},"content":{"rendered":"<p>Estimada Comunidad Santa Ana:<\/p>\n<p>\nAyer jueves 06 de Mayo, d\u00eda en el que se celebr\u00f3 la pascua de nuestra Madre, dimos inicio al proceso de formaci\u00f3n y Catequesis de nuestras estudiantes para la Primera Comuni\u00f3n. Con alegr\u00eda por la acogida a esta invitaci\u00f3n les dimos la bienvenida e iniciamos juntas este hermoso camino.<\/p>\n<p>\nAtentamente, Equipo Pastoral CISA<\/p>\n<p><img loading=\"lazy\" decoding=\"async\" data-attachment-id=\"12444\" data-permalink=\"https:\/\/www.cisa-arica.cl\/wp1\/2021\/05\/07\/inicio-grupo-catequesis-primera-comunion\/whatsapp-image-2021-05-06-at-20-38-22\/\" data-orig-file=\"https:\/\/www.cisa-arica.cl\/wp1\/wp-content\/uploads\/2021\/05\/WhatsApp-Image-2021-05-06-at-20.38.22.jpeg\" data-orig-size=\"1267,597\" data-comments-opened=\"0\" data-image-meta=\"{&quot;aperture&quot;:&quot;0&quot;,&quot;credit&quot;:&quot;&quot;,&quot;camera&quot;:&quot;&quot;,&quot;caption&quot;:&quot;&quot;,&quot;created_timestamp&quot;:&quot;0&quot;,&quot;copyright&quot;:&quot;&quot;,&quot;focal_length&quot;:&quot;0&quot;,&quot;iso&quot;:&quot;0&quot;,&quot;shutter_speed&quot;:&quot;0&quot;,&quot;title&quot;:&quot;&quot;,&quot;orientation&quot;:&quot;0&quot;}\" data-image-title=\"WhatsApp Image 2021-05-06 at 20.38.22\" data-image-description=\"\" data-image-caption=\"\" data-large-file=\"https:\/\/www.cisa-arica.cl\/wp1\/wp-content\/uploads\/2021\/05\/WhatsApp-Image-2021-05-06-at-20.38.22-600x283.jpeg\" src=\"http:\/\/www.cisa-arica.cl\/wp1\/wp-content\/uploads\/2021\/05\/WhatsApp-Image-2021-05-06-at-20.38.22.jpeg\" alt=\"\" width=\"1267\" height=\"597\" class=\"aligncenter size-full wp-image-12444\" srcset=\"https:\/\/www.cisa-arica.cl\/wp1\/wp-content\/uploads\/2021\/05\/WhatsApp-Image-2021-05-06-at-20.38.22.jpeg 1267w, https:\/\/www.cisa-arica.cl\/wp1\/wp-content\/uploads\/2021\/05\/WhatsApp-Image-2021-05-06-at-20.38.22-300x141.jpeg 300w, https:\/\/www.cisa-arica.cl\/wp1\/wp-content\/uploads\/2021\/05\/WhatsApp-Image-2021-05-06-at-20.38.22-600x283.jpeg 600w, https:\/\/www.cisa-arica.cl\/wp1\/wp-content\/uploads\/2021\/05\/WhatsApp-Image-2021-05-06-at-20.38.22-768x362.jpeg 768w\" sizes=\"auto, (max-width: 1267px) 100vw, 1267px\" \/><\/p>\n","protected":false},"excerpt":{"rendered":"<p>Estimada Comunidad Santa Ana: Ayer jueves 06 de Mayo, d\u00eda en el que se celebr\u00f3 la pascua de nuestra Madre, dimos inicio al proceso de formaci\u00f3n y Catequesis de nuestras estudiantes para la Primera Comuni\u00f3n. Con alegr\u00eda por la acogida a esta invitaci\u00f3n les dimos la bienvenida e iniciamos juntas este hermoso camino. Atentamente, Equipo <a class=\"read-more\" href=\"https:\/\/www.cisa-arica.cl\/wp1\/2021\/05\/07\/inicio-grupo-catequesis-primera-comunion\/\">Continuar leyendo<\/a><\/p>\n","protected":false},"author":5,"featured_media":12336,"comment_status":"closed","ping_status":"open","sticky":false,"template":"","format":"standard","meta":{"_jetpack_memberships_contains_paid_content":false,"footnotes":"","jetpack_publicize_message":"","jetpack_publicize_feature_enabled":true,"jetpack_social_post_already_shared":true,"jetpack_social_options":{"image_generator_settings":{"template":"highway","default_image_id":0,"font":"","enabled":false},"version":2}},"categories":[16],"tags":[],"class_list":["post-12442","post","type-post","status-publish","format-standard","has-post-thumbnail","hentry","category-pastoral"],"jetpack_publicize_connections":[],"jetpack_featured_media_url":"https:\/\/www.cisa-arica.cl\/wp1\/wp-content\/uploads\/2021\/04\/Screenshot_1.png","jetpack_sharing_enabled":true,"jetpack_shortlink":"https:\/\/wp.me\/p84wcz-3eG","jetpack-related-posts":[{"id":13069,"url":"https:\/\/www.cisa-arica.cl\/wp1\/2021\/09\/07\/campana-solidaria-grupo-catequesis-primera-comunion\/","url_meta":{"origin":12442,"position":0},"title":"Campa\u00f1a Solidaria &#8211; Grupo Catequesis Primera Comuni\u00f3n","author":"Jeannette Rivera","date":"7 de Septiembre de 2021","format":false,"excerpt":"Estimada Comunidad Educativa: Sin quedar indiferentes a las necesitades del pr\u00f3jimo y con un sincero cari\u00f1o, nuestras estudiantes del Grupo Catequesis de Primera Comuni\u00f3n han realizado una campa\u00f1a solidaria junto a sus familias, comprendiendo que debemos practicar los importantes valores del amor, la bondad y la caridad. Atentamente, Equipo Pastoral\u2026","rel":"","context":"En &quot;Pastoral&quot;","block_context":{"text":"Pastoral","link":"https:\/\/www.cisa-arica.cl\/wp1\/category\/pastoral\/"},"img":{"alt_text":"","src":"https:\/\/i0.wp.com\/www.cisa-arica.cl\/wp1\/wp-content\/uploads\/2021\/09\/100.jpg?resize=350%2C200&ssl=1","width":350,"height":200,"srcset":"https:\/\/i0.wp.com\/www.cisa-arica.cl\/wp1\/wp-content\/uploads\/2021\/09\/100.jpg?resize=350%2C200&ssl=1 1x, https:\/\/i0.wp.com\/www.cisa-arica.cl\/wp1\/wp-content\/uploads\/2021\/09\/100.jpg?resize=525%2C300&ssl=1 1.5x, https:\/\/i0.wp.com\/www.cisa-arica.cl\/wp1\/wp-content\/uploads\/2021\/09\/100.jpg?resize=700%2C400&ssl=1 2x, https:\/\/i0.wp.com\/www.cisa-arica.cl\/wp1\/wp-content\/uploads\/2021\/09\/100.jpg?resize=1050%2C600&ssl=1 3x"},"classes":[]},{"id":6455,"url":"https:\/\/www.cisa-arica.cl\/wp1\/2019\/04\/29\/encuentro-alumnas-primera-comunion\/","url_meta":{"origin":12442,"position":1},"title":"Encuentro alumnas Primera Comuni\u00f3n","author":"Jeannette Rivera","date":"29 de Abril de 2019","format":false,"excerpt":"El pasado mi\u00e9rcoles 24 de abril a las 15:50 hrs. se dio inicio a los encuentros semanales de las alumnas que comenzar\u00e1n su Primera Comuni\u00f3n de este a\u00f1o, a cargo de la profesora Elizabeth Ram\u00edrez.","rel":"","context":"En &quot;Pastoral&quot;","block_context":{"text":"Pastoral","link":"https:\/\/www.cisa-arica.cl\/wp1\/category\/pastoral\/"},"img":{"alt_text":"","src":"https:\/\/i0.wp.com\/www.cisa-arica.cl\/wp1\/wp-content\/uploads\/2019\/04\/001-14.jpeg?resize=350%2C200&ssl=1","width":350,"height":200,"srcset":"https:\/\/i0.wp.com\/www.cisa-arica.cl\/wp1\/wp-content\/uploads\/2019\/04\/001-14.jpeg?resize=350%2C200&ssl=1 1x, https:\/\/i0.wp.com\/www.cisa-arica.cl\/wp1\/wp-content\/uploads\/2019\/04\/001-14.jpeg?resize=525%2C300&ssl=1 1.5x, https:\/\/i0.wp.com\/www.cisa-arica.cl\/wp1\/wp-content\/uploads\/2019\/04\/001-14.jpeg?resize=700%2C400&ssl=1 2x, https:\/\/i0.wp.com\/www.cisa-arica.cl\/wp1\/wp-content\/uploads\/2019\/04\/001-14.jpeg?resize=1050%2C600&ssl=1 3x"},"classes":[]},{"id":14046,"url":"https:\/\/www.cisa-arica.cl\/wp1\/2021\/11\/30\/encuentro-de-catequesis-primer-ano\/","url_meta":{"origin":12442,"position":2},"title":"Encuentro de Catequesis Primer a\u00f1o","author":"Jeannette Rivera","date":"30 de Noviembre de 2021","format":false,"excerpt":"El pasado Jueves 25 de noviembre, el Equipo Pastoral junto a las estudiantes de Catequesis, hemos querido finalizar este primer a\u00f1o de formaci\u00f3n celebrando la Eucarist\u00eda, en la cual han recibido dos signos que fortalecer\u00e1n su formaci\u00f3n cristiana en el 2o a\u00f1o de Catequesis: la oraci\u00f3n del Credo y los\u2026","rel":"","context":"En &quot;galeria&quot;","block_context":{"text":"galeria","link":"https:\/\/www.cisa-arica.cl\/wp1\/category\/galeria\/"},"img":{"alt_text":"","src":"https:\/\/i0.wp.com\/www.cisa-arica.cl\/wp1\/wp-content\/uploads\/2021\/11\/DSC_1688.jpg?resize=350%2C200&ssl=1","width":350,"height":200,"srcset":"https:\/\/i0.wp.com\/www.cisa-arica.cl\/wp1\/wp-content\/uploads\/2021\/11\/DSC_1688.jpg?resize=350%2C200&ssl=1 1x, https:\/\/i0.wp.com\/www.cisa-arica.cl\/wp1\/wp-content\/uploads\/2021\/11\/DSC_1688.jpg?resize=525%2C300&ssl=1 1.5x, https:\/\/i0.wp.com\/www.cisa-arica.cl\/wp1\/wp-content\/uploads\/2021\/11\/DSC_1688.jpg?resize=700%2C400&ssl=1 2x, https:\/\/i0.wp.com\/www.cisa-arica.cl\/wp1\/wp-content\/uploads\/2021\/11\/DSC_1688.jpg?resize=1050%2C600&ssl=1 3x, https:\/\/i0.wp.com\/www.cisa-arica.cl\/wp1\/wp-content\/uploads\/2021\/11\/DSC_1688.jpg?resize=1400%2C800&ssl=1 4x"},"classes":[]},{"id":16422,"url":"https:\/\/www.cisa-arica.cl\/wp1\/2022\/06\/14\/suspension-salida-de-catequesis\/","url_meta":{"origin":12442,"position":3},"title":"Suspensi\u00f3n Salida de Catequesis","author":"Jeannette Rivera","date":"14 de Junio de 2022","format":false,"excerpt":"Estimadas familias de Catequesis: La salida programada para este jueves 16 a la parcela del colegio, se suspende por motivo de la visita de la astr\u00f3noma se\u00f1ora M\u00f3nica Rubio quien estar\u00e1 realizando una serie de actividades al interior de nuestro establecimiento con las estudiantes. Por este mismo motivo, quedan suspendidas\u2026","rel":"","context":"Entrada similar ","block_context":{"text":"Entrada similar ","link":""},"img":{"alt_text":"","src":"","width":0,"height":0},"classes":[]},{"id":14233,"url":"https:\/\/www.cisa-arica.cl\/wp1\/2021\/12\/06\/sacramentos-de-confirmacion-y-primera-comunion-2\/","url_meta":{"origin":12442,"position":4},"title":"Sacramentos de Confirmaci\u00f3n y Primera Comuni\u00f3n","author":"Jeannette Rivera","date":"6 de Diciembre de 2021","format":false,"excerpt":"Estimada Comunidad Santa Ana: El Viernes 03 de Diciembre, Con el coraz\u00f3n lleno de gratitud y esperanza nos acercamos al altar para celebrar los sacramentos de estos j\u00f3venes que han decidido caminar con Jes\u00fas el camino de la vida. Que nuestra Madre Mar\u00eda Sant\u00edsima les lleve siempre hasta Jes\u00fas y\u2026","rel":"","context":"En &quot;galeria&quot;","block_context":{"text":"galeria","link":"https:\/\/www.cisa-arica.cl\/wp1\/category\/galeria\/"},"img":{"alt_text":"","src":"https:\/\/i0.wp.com\/www.cisa-arica.cl\/wp1\/wp-content\/uploads\/2021\/12\/DSC_2239.jpg?resize=350%2C200&ssl=1","width":350,"height":200,"srcset":"https:\/\/i0.wp.com\/www.cisa-arica.cl\/wp1\/wp-content\/uploads\/2021\/12\/DSC_2239.jpg?resize=350%2C200&ssl=1 1x, https:\/\/i0.wp.com\/www.cisa-arica.cl\/wp1\/wp-content\/uploads\/2021\/12\/DSC_2239.jpg?resize=525%2C300&ssl=1 1.5x, https:\/\/i0.wp.com\/www.cisa-arica.cl\/wp1\/wp-content\/uploads\/2021\/12\/DSC_2239.jpg?resize=700%2C400&ssl=1 2x, https:\/\/i0.wp.com\/www.cisa-arica.cl\/wp1\/wp-content\/uploads\/2021\/12\/DSC_2239.jpg?resize=1050%2C600&ssl=1 3x, https:\/\/i0.wp.com\/www.cisa-arica.cl\/wp1\/wp-content\/uploads\/2021\/12\/DSC_2239.jpg?resize=1400%2C800&ssl=1 4x"},"classes":[]},{"id":13937,"url":"https:\/\/www.cisa-arica.cl\/wp1\/2021\/11\/29\/retiro-de-confirmacion-2021\/","url_meta":{"origin":12442,"position":5},"title":"Retiro de Confirmaci\u00f3n 2021","author":"Jeannette Rivera","date":"29 de Noviembre de 2021","format":false,"excerpt":"Estimada Comunidad Educativa: Este fin de semana se vivi\u00f3 una hermosa jornada de retiro junto a nuestros j\u00f3venes de Catequesis de Confirmaci\u00f3n. En la alegr\u00eda de compartir y hacer fraternidad Dios nos moldea y acompa\u00f1a nuestra vida de fe Cristiana, abri\u00e9ndose paso la amistad y vida comunitaria. Que el Esp\u00edritu\u2026","rel":"","context":"En &quot;galeria&quot;","block_context":{"text":"galeria","link":"https:\/\/www.cisa-arica.cl\/wp1\/category\/galeria\/"},"img":{"alt_text":"","src":"https:\/\/i0.wp.com\/www.cisa-arica.cl\/wp1\/wp-content\/uploads\/2021\/11\/020.jpg?resize=350%2C200&ssl=1","width":350,"height":200,"srcset":"https:\/\/i0.wp.com\/www.cisa-arica.cl\/wp1\/wp-content\/uploads\/2021\/11\/020.jpg?resize=350%2C200&ssl=1 1x, https:\/\/i0.wp.com\/www.cisa-arica.cl\/wp1\/wp-content\/uploads\/2021\/11\/020.jpg?resize=525%2C300&ssl=1 1.5x, https:\/\/i0.wp.com\/www.cisa-arica.cl\/wp1\/wp-content\/uploads\/2021\/11\/020.jpg?resize=700%2C400&ssl=1 2x, https:\/\/i0.wp.com\/www.cisa-arica.cl\/wp1\/wp-content\/uploads\/2021\/11\/020.jpg?resize=1050%2C600&ssl=1 3x"},"classes":[]}],"_links":{"self":[{"href":"https:\/\/www.cisa-arica.cl\/wp1\/wp-json\/wp\/v2\/posts\/12442","targetHints":{"allow":["GET"]}}],"collection":[{"href":"https:\/\/www.cisa-arica.cl\/wp1\/wp-json\/wp\/v2\/posts"}],"about":[{"href":"https:\/\/www.cisa-arica.cl\/wp1\/wp-json\/wp\/v2\/types\/post"}],"author":[{"embeddable":true,"href":"https:\/\/www.cisa-arica.cl\/wp1\/wp-json\/wp\/v2\/users\/5"}],"replies":[{"embeddable":true,"href":"https:\/\/www.cisa-arica.cl\/wp1\/wp-json\/wp\/v2\/comments?post=12442"}],"version-history":[{"count":2,"href":"https:\/\/www.cisa-arica.cl\/wp1\/wp-json\/wp\/v2\/posts\/12442\/revisions"}],"predecessor-version":[{"id":12445,"href":"https:\/\/www.cisa-arica.cl\/wp1\/wp-json\/wp\/v2\/posts\/12442\/revisions\/12445"}],"wp:featuredmedia":[{"embeddable":true,"href":"https:\/\/www.cisa-arica.cl\/wp1\/wp-json\/wp\/v2\/media\/12336"}],"wp:attachment":[{"href":"https:\/\/www.cisa-arica.cl\/wp1\/wp-json\/wp\/v2\/media?parent=12442"}],"wp:term":[{"taxonomy":"category","embeddable":true,"href":"https:\/\/www.cisa-arica.cl\/wp1\/wp-json\/wp\/v2\/categories?post=12442"},{"taxonomy":"post_tag","embeddable":true,"href":"https:\/\/www.cisa-arica.cl\/wp1\/wp-json\/wp\/v2\/tags?post=12442"}],"curies":[{"name":"wp","href":"https:\/\/api.w.org\/{rel}","templated":true}]}}