{"id":12229,"date":"2021-03-02T09:08:42","date_gmt":"2021-03-02T13:08:42","guid":{"rendered":"http:\/\/www.cisa-arica.cl\/wp1\/?p=12229"},"modified":"2021-04-12T12:47:15","modified_gmt":"2021-04-12T16:47:15","slug":"reunion-online-centro-general-de-padres","status":"publish","type":"post","link":"https:\/\/www.cisa-arica.cl\/wp1\/2021\/03\/02\/reunion-online-centro-general-de-padres\/","title":{"rendered":"Reuni\u00f3n Online Centro General de Padres"},"content":{"rendered":"<p>Reuni\u00f3n Plan de Retorno Seguro 2021<\/p>\r\n<p>Im\u00e1genes:\u00a0<\/p>\r\n<p>&nbsp;<\/p>\r\n<p><img loading=\"lazy\" decoding=\"async\" data-attachment-id=\"12239\" data-permalink=\"https:\/\/www.cisa-arica.cl\/wp1\/2021\/03\/02\/reunion-online-centro-general-de-padres\/img-20210412-wa0005\/\" data-orig-file=\"https:\/\/www.cisa-arica.cl\/wp1\/wp-content\/uploads\/2021\/04\/IMG-20210412-WA0005.jpg\" data-orig-size=\"1152,452\" data-comments-opened=\"0\" data-image-meta=\"{&quot;aperture&quot;:&quot;0&quot;,&quot;credit&quot;:&quot;&quot;,&quot;camera&quot;:&quot;&quot;,&quot;caption&quot;:&quot;&quot;,&quot;created_timestamp&quot;:&quot;0&quot;,&quot;copyright&quot;:&quot;&quot;,&quot;focal_length&quot;:&quot;0&quot;,&quot;iso&quot;:&quot;0&quot;,&quot;shutter_speed&quot;:&quot;0&quot;,&quot;title&quot;:&quot;&quot;,&quot;orientation&quot;:&quot;0&quot;}\" data-image-title=\"IMG-20210412-WA0005\" data-image-description=\"\" data-image-caption=\"\" data-large-file=\"https:\/\/www.cisa-arica.cl\/wp1\/wp-content\/uploads\/2021\/04\/IMG-20210412-WA0005-600x235.jpg\" class=\"wp-image-12239 aligncenter\" src=\"http:\/\/www.cisa-arica.cl\/wp1\/wp-content\/uploads\/2021\/04\/IMG-20210412-WA0005-600x235.jpg\" alt=\"\" width=\"445\" height=\"174\" srcset=\"https:\/\/www.cisa-arica.cl\/wp1\/wp-content\/uploads\/2021\/04\/IMG-20210412-WA0005-600x235.jpg 600w, https:\/\/www.cisa-arica.cl\/wp1\/wp-content\/uploads\/2021\/04\/IMG-20210412-WA0005-300x118.jpg 300w, https:\/\/www.cisa-arica.cl\/wp1\/wp-content\/uploads\/2021\/04\/IMG-20210412-WA0005-768x301.jpg 768w, https:\/\/www.cisa-arica.cl\/wp1\/wp-content\/uploads\/2021\/04\/IMG-20210412-WA0005.jpg 1152w\" sizes=\"auto, (max-width: 445px) 100vw, 445px\" \/><\/p>\r\n<p><a href=\"http:\/\/www.cisa-arica.cl\/wp1\/wp-content\/uploads\/2021\/03\/IMG-20210412-WA0004.jpg\"><img loading=\"lazy\" decoding=\"async\" data-attachment-id=\"12241\" data-permalink=\"https:\/\/www.cisa-arica.cl\/wp1\/2021\/03\/02\/reunion-online-centro-general-de-padres\/img-20210412-wa0004\/\" data-orig-file=\"https:\/\/www.cisa-arica.cl\/wp1\/wp-content\/uploads\/2021\/03\/IMG-20210412-WA0004.jpg\" data-orig-size=\"1014,460\" data-comments-opened=\"0\" data-image-meta=\"{&quot;aperture&quot;:&quot;0&quot;,&quot;credit&quot;:&quot;&quot;,&quot;camera&quot;:&quot;&quot;,&quot;caption&quot;:&quot;&quot;,&quot;created_timestamp&quot;:&quot;0&quot;,&quot;copyright&quot;:&quot;&quot;,&quot;focal_length&quot;:&quot;0&quot;,&quot;iso&quot;:&quot;0&quot;,&quot;shutter_speed&quot;:&quot;0&quot;,&quot;title&quot;:&quot;&quot;,&quot;orientation&quot;:&quot;0&quot;}\" data-image-title=\"IMG-20210412-WA0004\" data-image-description=\"\" data-image-caption=\"\" data-large-file=\"https:\/\/www.cisa-arica.cl\/wp1\/wp-content\/uploads\/2021\/03\/IMG-20210412-WA0004-600x272.jpg\" class=\"aligncenter  wp-image-12241\" src=\"http:\/\/www.cisa-arica.cl\/wp1\/wp-content\/uploads\/2021\/03\/IMG-20210412-WA0004-300x136.jpg\" alt=\"\" width=\"440\" height=\"199\" srcset=\"https:\/\/www.cisa-arica.cl\/wp1\/wp-content\/uploads\/2021\/03\/IMG-20210412-WA0004-300x136.jpg 300w, https:\/\/www.cisa-arica.cl\/wp1\/wp-content\/uploads\/2021\/03\/IMG-20210412-WA0004-600x272.jpg 600w, https:\/\/www.cisa-arica.cl\/wp1\/wp-content\/uploads\/2021\/03\/IMG-20210412-WA0004-768x348.jpg 768w, https:\/\/www.cisa-arica.cl\/wp1\/wp-content\/uploads\/2021\/03\/IMG-20210412-WA0004.jpg 1014w\" sizes=\"auto, (max-width: 440px) 100vw, 440px\" \/><\/a><a href=\"http:\/\/www.cisa-arica.cl\/wp1\/wp-content\/uploads\/2021\/03\/Diapositiva1-scaled.jpg\"><img loading=\"lazy\" decoding=\"async\" data-attachment-id=\"12232\" data-permalink=\"https:\/\/www.cisa-arica.cl\/wp1\/2021\/03\/02\/reunion-online-centro-general-de-padres\/diapositiva1-2\/\" data-orig-file=\"https:\/\/www.cisa-arica.cl\/wp1\/wp-content\/uploads\/2021\/03\/Diapositiva1-scaled.jpg\" data-orig-size=\"2560,1440\" data-comments-opened=\"0\" data-image-meta=\"{&quot;aperture&quot;:&quot;0&quot;,&quot;credit&quot;:&quot;&quot;,&quot;camera&quot;:&quot;&quot;,&quot;caption&quot;:&quot;&quot;,&quot;created_timestamp&quot;:&quot;0&quot;,&quot;copyright&quot;:&quot;&quot;,&quot;focal_length&quot;:&quot;0&quot;,&quot;iso&quot;:&quot;0&quot;,&quot;shutter_speed&quot;:&quot;0&quot;,&quot;title&quot;:&quot;&quot;,&quot;orientation&quot;:&quot;0&quot;}\" data-image-title=\"Diapositiva1\" data-image-description=\"\" data-image-caption=\"\" data-large-file=\"https:\/\/www.cisa-arica.cl\/wp1\/wp-content\/uploads\/2021\/03\/Diapositiva1-600x338.jpg\" class=\"aligncenter  wp-image-12232\" src=\"http:\/\/www.cisa-arica.cl\/wp1\/wp-content\/uploads\/2021\/03\/Diapositiva1-300x169.jpg\" alt=\"\" width=\"436\" height=\"245\" srcset=\"https:\/\/www.cisa-arica.cl\/wp1\/wp-content\/uploads\/2021\/03\/Diapositiva1-300x169.jpg 300w, https:\/\/www.cisa-arica.cl\/wp1\/wp-content\/uploads\/2021\/03\/Diapositiva1-600x338.jpg 600w, https:\/\/www.cisa-arica.cl\/wp1\/wp-content\/uploads\/2021\/03\/Diapositiva1-768x432.jpg 768w, https:\/\/www.cisa-arica.cl\/wp1\/wp-content\/uploads\/2021\/03\/Diapositiva1-1536x864.jpg 1536w, https:\/\/www.cisa-arica.cl\/wp1\/wp-content\/uploads\/2021\/03\/Diapositiva1-2048x1152.jpg 2048w\" sizes=\"auto, (max-width: 436px) 100vw, 436px\" \/><\/a><\/p>\r\n<p><a href=\"http:\/\/www.cisa-arica.cl\/wp1\/wp-content\/uploads\/2021\/03\/Diapositiva2-scaled.jpg\"><img loading=\"lazy\" decoding=\"async\" data-attachment-id=\"12233\" data-permalink=\"https:\/\/www.cisa-arica.cl\/wp1\/2021\/03\/02\/reunion-online-centro-general-de-padres\/diapositiva2-2\/\" data-orig-file=\"https:\/\/www.cisa-arica.cl\/wp1\/wp-content\/uploads\/2021\/03\/Diapositiva2-scaled.jpg\" data-orig-size=\"2560,1440\" data-comments-opened=\"0\" data-image-meta=\"{&quot;aperture&quot;:&quot;0&quot;,&quot;credit&quot;:&quot;&quot;,&quot;camera&quot;:&quot;&quot;,&quot;caption&quot;:&quot;&quot;,&quot;created_timestamp&quot;:&quot;0&quot;,&quot;copyright&quot;:&quot;&quot;,&quot;focal_length&quot;:&quot;0&quot;,&quot;iso&quot;:&quot;0&quot;,&quot;shutter_speed&quot;:&quot;0&quot;,&quot;title&quot;:&quot;&quot;,&quot;orientation&quot;:&quot;0&quot;}\" data-image-title=\"Diapositiva2\" data-image-description=\"\" data-image-caption=\"\" data-large-file=\"https:\/\/www.cisa-arica.cl\/wp1\/wp-content\/uploads\/2021\/03\/Diapositiva2-600x338.jpg\" class=\"aligncenter  wp-image-12233\" src=\"http:\/\/www.cisa-arica.cl\/wp1\/wp-content\/uploads\/2021\/03\/Diapositiva2-300x169.jpg\" alt=\"\" width=\"439\" height=\"247\" srcset=\"https:\/\/www.cisa-arica.cl\/wp1\/wp-content\/uploads\/2021\/03\/Diapositiva2-300x169.jpg 300w, https:\/\/www.cisa-arica.cl\/wp1\/wp-content\/uploads\/2021\/03\/Diapositiva2-600x338.jpg 600w, https:\/\/www.cisa-arica.cl\/wp1\/wp-content\/uploads\/2021\/03\/Diapositiva2-768x432.jpg 768w, https:\/\/www.cisa-arica.cl\/wp1\/wp-content\/uploads\/2021\/03\/Diapositiva2-1536x864.jpg 1536w, https:\/\/www.cisa-arica.cl\/wp1\/wp-content\/uploads\/2021\/03\/Diapositiva2-2048x1152.jpg 2048w\" sizes=\"auto, (max-width: 439px) 100vw, 439px\" \/><\/a> <a href=\"http:\/\/www.cisa-arica.cl\/wp1\/wp-content\/uploads\/2021\/03\/Diapositiva3-scaled.jpg\"><img loading=\"lazy\" decoding=\"async\" data-attachment-id=\"12234\" data-permalink=\"https:\/\/www.cisa-arica.cl\/wp1\/2021\/03\/02\/reunion-online-centro-general-de-padres\/diapositiva3-2\/\" data-orig-file=\"https:\/\/www.cisa-arica.cl\/wp1\/wp-content\/uploads\/2021\/03\/Diapositiva3-scaled.jpg\" data-orig-size=\"2560,1440\" data-comments-opened=\"0\" data-image-meta=\"{&quot;aperture&quot;:&quot;0&quot;,&quot;credit&quot;:&quot;&quot;,&quot;camera&quot;:&quot;&quot;,&quot;caption&quot;:&quot;&quot;,&quot;created_timestamp&quot;:&quot;0&quot;,&quot;copyright&quot;:&quot;&quot;,&quot;focal_length&quot;:&quot;0&quot;,&quot;iso&quot;:&quot;0&quot;,&quot;shutter_speed&quot;:&quot;0&quot;,&quot;title&quot;:&quot;&quot;,&quot;orientation&quot;:&quot;0&quot;}\" data-image-title=\"Diapositiva3\" data-image-description=\"\" data-image-caption=\"\" data-large-file=\"https:\/\/www.cisa-arica.cl\/wp1\/wp-content\/uploads\/2021\/03\/Diapositiva3-600x338.jpg\" class=\"aligncenter  wp-image-12234\" src=\"http:\/\/www.cisa-arica.cl\/wp1\/wp-content\/uploads\/2021\/03\/Diapositiva3-300x169.jpg\" alt=\"\" width=\"419\" height=\"236\" srcset=\"https:\/\/www.cisa-arica.cl\/wp1\/wp-content\/uploads\/2021\/03\/Diapositiva3-300x169.jpg 300w, https:\/\/www.cisa-arica.cl\/wp1\/wp-content\/uploads\/2021\/03\/Diapositiva3-600x338.jpg 600w, https:\/\/www.cisa-arica.cl\/wp1\/wp-content\/uploads\/2021\/03\/Diapositiva3-768x432.jpg 768w, https:\/\/www.cisa-arica.cl\/wp1\/wp-content\/uploads\/2021\/03\/Diapositiva3-1536x864.jpg 1536w, https:\/\/www.cisa-arica.cl\/wp1\/wp-content\/uploads\/2021\/03\/Diapositiva3-2048x1152.jpg 2048w\" sizes=\"auto, (max-width: 419px) 100vw, 419px\" \/><\/a> <a href=\"http:\/\/www.cisa-arica.cl\/wp1\/wp-content\/uploads\/2021\/03\/Diapositiva6-scaled.jpg\"><img loading=\"lazy\" decoding=\"async\" data-attachment-id=\"12235\" data-permalink=\"https:\/\/www.cisa-arica.cl\/wp1\/2021\/03\/02\/reunion-online-centro-general-de-padres\/diapositiva6-2\/\" data-orig-file=\"https:\/\/www.cisa-arica.cl\/wp1\/wp-content\/uploads\/2021\/03\/Diapositiva6-scaled.jpg\" data-orig-size=\"2560,1440\" data-comments-opened=\"0\" data-image-meta=\"{&quot;aperture&quot;:&quot;0&quot;,&quot;credit&quot;:&quot;&quot;,&quot;camera&quot;:&quot;&quot;,&quot;caption&quot;:&quot;&quot;,&quot;created_timestamp&quot;:&quot;0&quot;,&quot;copyright&quot;:&quot;&quot;,&quot;focal_length&quot;:&quot;0&quot;,&quot;iso&quot;:&quot;0&quot;,&quot;shutter_speed&quot;:&quot;0&quot;,&quot;title&quot;:&quot;&quot;,&quot;orientation&quot;:&quot;0&quot;}\" data-image-title=\"Diapositiva6\" data-image-description=\"\" data-image-caption=\"\" data-large-file=\"https:\/\/www.cisa-arica.cl\/wp1\/wp-content\/uploads\/2021\/03\/Diapositiva6-600x338.jpg\" class=\"aligncenter  wp-image-12235\" src=\"http:\/\/www.cisa-arica.cl\/wp1\/wp-content\/uploads\/2021\/03\/Diapositiva6-300x169.jpg\" alt=\"\" width=\"430\" height=\"242\" srcset=\"https:\/\/www.cisa-arica.cl\/wp1\/wp-content\/uploads\/2021\/03\/Diapositiva6-300x169.jpg 300w, https:\/\/www.cisa-arica.cl\/wp1\/wp-content\/uploads\/2021\/03\/Diapositiva6-600x338.jpg 600w, https:\/\/www.cisa-arica.cl\/wp1\/wp-content\/uploads\/2021\/03\/Diapositiva6-768x432.jpg 768w, https:\/\/www.cisa-arica.cl\/wp1\/wp-content\/uploads\/2021\/03\/Diapositiva6-1536x864.jpg 1536w, https:\/\/www.cisa-arica.cl\/wp1\/wp-content\/uploads\/2021\/03\/Diapositiva6-2048x1152.jpg 2048w\" sizes=\"auto, (max-width: 430px) 100vw, 430px\" \/><\/a> <a href=\"http:\/\/www.cisa-arica.cl\/wp1\/wp-content\/uploads\/2021\/03\/Diapositiva8-scaled.jpg\"><img loading=\"lazy\" decoding=\"async\" data-attachment-id=\"12236\" data-permalink=\"https:\/\/www.cisa-arica.cl\/wp1\/2021\/03\/02\/reunion-online-centro-general-de-padres\/diapositiva8\/\" data-orig-file=\"https:\/\/www.cisa-arica.cl\/wp1\/wp-content\/uploads\/2021\/03\/Diapositiva8-scaled.jpg\" data-orig-size=\"2560,1440\" data-comments-opened=\"0\" data-image-meta=\"{&quot;aperture&quot;:&quot;0&quot;,&quot;credit&quot;:&quot;&quot;,&quot;camera&quot;:&quot;&quot;,&quot;caption&quot;:&quot;&quot;,&quot;created_timestamp&quot;:&quot;0&quot;,&quot;copyright&quot;:&quot;&quot;,&quot;focal_length&quot;:&quot;0&quot;,&quot;iso&quot;:&quot;0&quot;,&quot;shutter_speed&quot;:&quot;0&quot;,&quot;title&quot;:&quot;&quot;,&quot;orientation&quot;:&quot;0&quot;}\" data-image-title=\"Diapositiva8\" data-image-description=\"\" data-image-caption=\"\" data-large-file=\"https:\/\/www.cisa-arica.cl\/wp1\/wp-content\/uploads\/2021\/03\/Diapositiva8-600x338.jpg\" class=\"aligncenter  wp-image-12236\" src=\"http:\/\/www.cisa-arica.cl\/wp1\/wp-content\/uploads\/2021\/03\/Diapositiva8-300x169.jpg\" alt=\"\" width=\"419\" height=\"236\" srcset=\"https:\/\/www.cisa-arica.cl\/wp1\/wp-content\/uploads\/2021\/03\/Diapositiva8-300x169.jpg 300w, https:\/\/www.cisa-arica.cl\/wp1\/wp-content\/uploads\/2021\/03\/Diapositiva8-600x338.jpg 600w, https:\/\/www.cisa-arica.cl\/wp1\/wp-content\/uploads\/2021\/03\/Diapositiva8-768x432.jpg 768w, https:\/\/www.cisa-arica.cl\/wp1\/wp-content\/uploads\/2021\/03\/Diapositiva8-1536x864.jpg 1536w, https:\/\/www.cisa-arica.cl\/wp1\/wp-content\/uploads\/2021\/03\/Diapositiva8-2048x1152.jpg 2048w\" sizes=\"auto, (max-width: 419px) 100vw, 419px\" \/><\/a><\/p>\r\n","protected":false},"excerpt":{"rendered":"<p>Reuni\u00f3n Plan de Retorno Seguro 2021 Im\u00e1genes:\u00a0 &nbsp;<\/p>\n","protected":false},"author":1,"featured_media":0,"comment_status":"closed","ping_status":"open","sticky":false,"template":"","format":"standard","meta":{"_jetpack_memberships_contains_paid_content":false,"footnotes":"","jetpack_publicize_message":"","jetpack_publicize_feature_enabled":true,"jetpack_social_post_already_shared":true,"jetpack_social_options":{"image_generator_settings":{"template":"highway","default_image_id":0,"font":"","enabled":false},"version":2}},"categories":[5],"tags":[],"class_list":["post-12229","post","type-post","status-publish","format-standard","hentry","category-uncategorized"],"jetpack_publicize_connections":[],"jetpack_featured_media_url":"","jetpack_sharing_enabled":true,"jetpack_shortlink":"https:\/\/wp.me\/p84wcz-3bf","jetpack-related-posts":[{"id":12249,"url":"https:\/\/www.cisa-arica.cl\/wp1\/2021\/04\/12\/reunion-con-centro-general-de-padres-y-apoderados\/","url_meta":{"origin":12229,"position":0},"title":"Reuni\u00f3n con Centro General de Padres y Apoderados","author":"CISA","date":"12 de Abril de 2021","format":false,"excerpt":"Estimados Apoderados. Junto con saludar y desear que se encuentren bien junto a los suyos, les comunicamos que el d\u00eda jueves 15 de abril a las 17:00 hrs. realizaremos un consejo ampliado con todos los delegados o representantes de curso, desde Educaci\u00f3n Parvularia hasta 4to a\u00f1o de ense\u00f1anza media. Dicha\u2026","rel":"","context":"Entrada similar ","block_context":{"text":"Entrada similar ","link":""},"img":{"alt_text":"","src":"https:\/\/i0.wp.com\/www.cisa-arica.cl\/wp1\/wp-content\/uploads\/2021\/04\/img_7612.jpg?resize=350%2C200&ssl=1","width":350,"height":200,"srcset":"https:\/\/i0.wp.com\/www.cisa-arica.cl\/wp1\/wp-content\/uploads\/2021\/04\/img_7612.jpg?resize=350%2C200&ssl=1 1x, https:\/\/i0.wp.com\/www.cisa-arica.cl\/wp1\/wp-content\/uploads\/2021\/04\/img_7612.jpg?resize=525%2C300&ssl=1 1.5x"},"classes":[]},{"id":28462,"url":"https:\/\/www.cisa-arica.cl\/wp1\/2025\/05\/28\/reunion-de-centro-general-de-padres-y-apoderados\/","url_meta":{"origin":12229,"position":1},"title":"Reuni\u00f3n de Centro General de Padres y Apoderados","author":"Jeannette Rivera","date":"28 de Mayo de 2025","format":false,"excerpt":"Ma\u00f1ana jueves 29 de mayo est\u00e1n convocados los apoderados que salieron elegidos como presidentes de su respectivos cursos, a la primera Reuni\u00f3n del Centro General de Padres y Apoderados, cuya profesora a cargo es la se\u00f1ora Marisol Morales. la reuni\u00f3n est\u00e1 programada para este jueves a las 19 horas.","rel":"","context":"Entrada similar ","block_context":{"text":"Entrada similar ","link":""},"img":{"alt_text":"","src":"https:\/\/i0.wp.com\/www.cisa-arica.cl\/wp1\/wp-content\/uploads\/2025\/05\/Beige-and-Orange-Autumn-Wreath-Thanksgiving-Invitation-1.png?resize=350%2C200&ssl=1","width":350,"height":200,"srcset":"https:\/\/i0.wp.com\/www.cisa-arica.cl\/wp1\/wp-content\/uploads\/2025\/05\/Beige-and-Orange-Autumn-Wreath-Thanksgiving-Invitation-1.png?resize=350%2C200&ssl=1 1x, https:\/\/i0.wp.com\/www.cisa-arica.cl\/wp1\/wp-content\/uploads\/2025\/05\/Beige-and-Orange-Autumn-Wreath-Thanksgiving-Invitation-1.png?resize=525%2C300&ssl=1 1.5x, https:\/\/i0.wp.com\/www.cisa-arica.cl\/wp1\/wp-content\/uploads\/2025\/05\/Beige-and-Orange-Autumn-Wreath-Thanksgiving-Invitation-1.png?resize=700%2C400&ssl=1 2x, https:\/\/i0.wp.com\/www.cisa-arica.cl\/wp1\/wp-content\/uploads\/2025\/05\/Beige-and-Orange-Autumn-Wreath-Thanksgiving-Invitation-1.png?resize=1050%2C600&ssl=1 3x, https:\/\/i0.wp.com\/www.cisa-arica.cl\/wp1\/wp-content\/uploads\/2025\/05\/Beige-and-Orange-Autumn-Wreath-Thanksgiving-Invitation-1.png?resize=1400%2C800&ssl=1 4x"},"classes":[]},{"id":12276,"url":"https:\/\/www.cisa-arica.cl\/wp1\/2021\/04\/20\/reunion-delegados-de-curso-padres-y-o-apoderados\/","url_meta":{"origin":12229,"position":2},"title":"Reuni\u00f3n Delegados de Curso (Padres y\/o Apoderados)","author":"Jeannette Rivera","date":"20 de Abril de 2021","format":false,"excerpt":"Estimada Familia Santa Ana: Junto con saludarlos, queremos dar a conocer que el d\u00eda Jueves 15 de Abril a las 17 hrs. se realiz\u00f3 una reuni\u00f3n con los delegados de cada curso, para recordar y socializar lo siguiente: Plan de retorno a clases: Protocolos de medidas sanitarias. Protocolo de limpieza\u2026","rel":"","context":"Entrada similar ","block_context":{"text":"Entrada similar ","link":""},"img":{"alt_text":"","src":"https:\/\/i0.wp.com\/www.cisa-arica.cl\/wp1\/wp-content\/uploads\/2021\/04\/WhatsApp-Image-2021-04-20-at-12.53.36-150x150.jpeg?resize=350%2C200&ssl=1","width":350,"height":200,"srcset":"https:\/\/i0.wp.com\/www.cisa-arica.cl\/wp1\/wp-content\/uploads\/2021\/04\/WhatsApp-Image-2021-04-20-at-12.53.36-150x150.jpeg?resize=350%2C200&ssl=1 1x, https:\/\/i0.wp.com\/www.cisa-arica.cl\/wp1\/wp-content\/uploads\/2021\/04\/WhatsApp-Image-2021-04-20-at-12.53.36-150x150.jpeg?resize=525%2C300&ssl=1 1.5x, https:\/\/i0.wp.com\/www.cisa-arica.cl\/wp1\/wp-content\/uploads\/2021\/04\/WhatsApp-Image-2021-04-20-at-12.53.36-150x150.jpeg?resize=700%2C400&ssl=1 2x, https:\/\/i0.wp.com\/www.cisa-arica.cl\/wp1\/wp-content\/uploads\/2021\/04\/WhatsApp-Image-2021-04-20-at-12.53.36-150x150.jpeg?resize=1050%2C600&ssl=1 3x"},"classes":[]},{"id":12749,"url":"https:\/\/www.cisa-arica.cl\/wp1\/2021\/07\/28\/reunion-de-apoderados-retorno-seguro-gradual-y-flexible\/","url_meta":{"origin":12229,"position":3},"title":"Reuni\u00f3n de Apoderados \u201cRetorno Seguro, gradual y flexible.","author":"CISA","date":"28 de Julio de 2021","format":false,"excerpt":"Estimada Familia Santa Ana. Esperando que se encuentre bien, env\u00edo la presente citaci\u00f3n a Reuni\u00f3n de Apoderados extraordinaria para todos los cursos, desde Educaci\u00f3n Parvularia hasta 4to. medio, a realizarse este JUEVES 29 DE JULIO a las 18.00 hrs.a trav\u00e9s de meet.El enlace se enviar\u00e1 al correo institucional de la\u2026","rel":"","context":"Entrada similar ","block_context":{"text":"Entrada similar ","link":""},"img":{"alt_text":"","src":"https:\/\/i0.wp.com\/www.cisa-arica.cl\/wp1\/wp-content\/uploads\/2021\/07\/ed5292f2-ce75-48ad-b157-6d956da3dce3.png?resize=350%2C200&ssl=1","width":350,"height":200,"srcset":"https:\/\/i0.wp.com\/www.cisa-arica.cl\/wp1\/wp-content\/uploads\/2021\/07\/ed5292f2-ce75-48ad-b157-6d956da3dce3.png?resize=350%2C200&ssl=1 1x, https:\/\/i0.wp.com\/www.cisa-arica.cl\/wp1\/wp-content\/uploads\/2021\/07\/ed5292f2-ce75-48ad-b157-6d956da3dce3.png?resize=525%2C300&ssl=1 1.5x, https:\/\/i0.wp.com\/www.cisa-arica.cl\/wp1\/wp-content\/uploads\/2021\/07\/ed5292f2-ce75-48ad-b157-6d956da3dce3.png?resize=700%2C400&ssl=1 2x, https:\/\/i0.wp.com\/www.cisa-arica.cl\/wp1\/wp-content\/uploads\/2021\/07\/ed5292f2-ce75-48ad-b157-6d956da3dce3.png?resize=1050%2C600&ssl=1 3x, https:\/\/i0.wp.com\/www.cisa-arica.cl\/wp1\/wp-content\/uploads\/2021\/07\/ed5292f2-ce75-48ad-b157-6d956da3dce3.png?resize=1400%2C800&ssl=1 4x"},"classes":[]},{"id":8342,"url":"https:\/\/www.cisa-arica.cl\/wp1\/2019\/08\/06\/informativo-de-reunion-centro-de-padres\/","url_meta":{"origin":12229,"position":4},"title":"Informativo de reuni\u00f3n Centro de Padres","author":"Jeannette Rivera","date":"6 de Agosto de 2019","format":false,"excerpt":"Estimados padres y apoderados: Este lunes 5 de agosto se realiz\u00f3 la 3\u00aa reuni\u00f3n de la directiva del Centro de Padres del Colegio, cuyo tema principal fue la organizaci\u00f3n de la Kermesse de Fiestas Patrias a realizarse el pr\u00f3ximo s\u00e1bado 14 de septiembre. Lo que se acord\u00f3 en dicha reuni\u00f3n\u2026","rel":"","context":"Entrada similar ","block_context":{"text":"Entrada similar ","link":""},"img":{"alt_text":"","src":"https:\/\/i0.wp.com\/www.cisa-arica.cl\/wp1\/wp-content\/uploads\/2019\/08\/Screenshot_3-1.jpg?resize=350%2C200&ssl=1","width":350,"height":200,"srcset":"https:\/\/i0.wp.com\/www.cisa-arica.cl\/wp1\/wp-content\/uploads\/2019\/08\/Screenshot_3-1.jpg?resize=350%2C200&ssl=1 1x, https:\/\/i0.wp.com\/www.cisa-arica.cl\/wp1\/wp-content\/uploads\/2019\/08\/Screenshot_3-1.jpg?resize=525%2C300&ssl=1 1.5x"},"classes":[]},{"id":10294,"url":"https:\/\/www.cisa-arica.cl\/wp1\/2020\/03\/11\/primera-reunion-centro-de-padres\/","url_meta":{"origin":12229,"position":5},"title":"Primera reuni\u00f3n Centro de Padres","author":"Jeannette Rivera","date":"11 de Marzo de 2020","format":false,"excerpt":"Ayer martes 10 de marzo se llev\u00f3 a cabo la primera reuni\u00f3n del Centro de Padres del establecimiento, en la cual un apoderado representante por cada curso se reuni\u00f3 con la Hermanda directora Adela Espinoza y la Coordinadora del Centro de Padres profesora Marisol Morales para recibir informaciones generales sobre\u2026","rel":"","context":"Entrada similar ","block_context":{"text":"Entrada similar ","link":""},"img":{"alt_text":"","src":"https:\/\/i0.wp.com\/www.cisa-arica.cl\/wp1\/wp-content\/uploads\/2020\/03\/aad.jpeg?resize=350%2C200&ssl=1","width":350,"height":200,"srcset":"https:\/\/i0.wp.com\/www.cisa-arica.cl\/wp1\/wp-content\/uploads\/2020\/03\/aad.jpeg?resize=350%2C200&ssl=1 1x, https:\/\/i0.wp.com\/www.cisa-arica.cl\/wp1\/wp-content\/uploads\/2020\/03\/aad.jpeg?resize=525%2C300&ssl=1 1.5x, https:\/\/i0.wp.com\/www.cisa-arica.cl\/wp1\/wp-content\/uploads\/2020\/03\/aad.jpeg?resize=700%2C400&ssl=1 2x, https:\/\/i0.wp.com\/www.cisa-arica.cl\/wp1\/wp-content\/uploads\/2020\/03\/aad.jpeg?resize=1050%2C600&ssl=1 3x"},"classes":[]}],"_links":{"self":[{"href":"https:\/\/www.cisa-arica.cl\/wp1\/wp-json\/wp\/v2\/posts\/12229","targetHints":{"allow":["GET"]}}],"collection":[{"href":"https:\/\/www.cisa-arica.cl\/wp1\/wp-json\/wp\/v2\/posts"}],"about":[{"href":"https:\/\/www.cisa-arica.cl\/wp1\/wp-json\/wp\/v2\/types\/post"}],"author":[{"embeddable":true,"href":"https:\/\/www.cisa-arica.cl\/wp1\/wp-json\/wp\/v2\/users\/1"}],"replies":[{"embeddable":true,"href":"https:\/\/www.cisa-arica.cl\/wp1\/wp-json\/wp\/v2\/comments?post=12229"}],"version-history":[{"count":9,"href":"https:\/\/www.cisa-arica.cl\/wp1\/wp-json\/wp\/v2\/posts\/12229\/revisions"}],"predecessor-version":[{"id":12247,"href":"https:\/\/www.cisa-arica.cl\/wp1\/wp-json\/wp\/v2\/posts\/12229\/revisions\/12247"}],"wp:attachment":[{"href":"https:\/\/www.cisa-arica.cl\/wp1\/wp-json\/wp\/v2\/media?parent=12229"}],"wp:term":[{"taxonomy":"category","embeddable":true,"href":"https:\/\/www.cisa-arica.cl\/wp1\/wp-json\/wp\/v2\/categories?post=12229"},{"taxonomy":"post_tag","embeddable":true,"href":"https:\/\/www.cisa-arica.cl\/wp1\/wp-json\/wp\/v2\/tags?post=12229"}],"curies":[{"name":"wp","href":"https:\/\/api.w.org\/{rel}","templated":true}]}}