{"id":12018,"date":"2021-03-02T18:46:41","date_gmt":"2021-03-02T22:46:41","guid":{"rendered":"http:\/\/www.cisa-arica.cl\/wp1\/?p=12018"},"modified":"2021-03-02T18:46:41","modified_gmt":"2021-03-02T22:46:41","slug":"informativo","status":"publish","type":"post","link":"https:\/\/www.cisa-arica.cl\/wp1\/2021\/03\/02\/informativo\/","title":{"rendered":"Informativo"},"content":{"rendered":"<p>Estimada Comunidad Educativa:<\/p>\n<p>Dando inicio al a\u00f1o escolar les recordamos que las clases virtuales comienzan el d\u00eda <strong>jueves 4 de Marzo<\/strong> a trav\u00e9s de la aplicaci\u00f3n <strong>meet<\/strong>, donde a cada estudiante le llegar\u00e1 una invitaci\u00f3n a su correo institucional para conectarse a la clase.<\/p>\n<p>Para abrir el correo institucional debe ingresar a www.gmail.com<\/p>\n<p>&#8211; <strong>nombre del usuario:<\/strong> correo de la alumna ( ejemplo:\u00a0 nombre.apellido@cisa-arica.cl)<br \/>\n&#8211; <strong>contrase\u00f1a:<\/strong> fecha de nacimiento de la alumna (ejemplo 04\/08\/2004)<\/p>\n<p>Cualquier duda o problema para ingresar al correo institucional, escribir a soporte@cisa-arica.cl<\/p>\n<p>El horario de clases para los d\u00edas jueves 4 y viernes 5 de Marzo ser\u00e1 de 8:30 a 11:00 hrs con dos recreos de 15 minutos. Las actividades de estos d\u00edas estar\u00e1n dirigidas por cada profesor jefe.<br \/>\nLos horarios definitivos de clases ser\u00e1n publicados de manera oficial el viernes 5 de Marzo, el cual comenzar\u00e1 a regir a partir del lunes 8 de Marzo.<\/p>\n<p>Se les recuerda que la presentaci\u00f3n personal, actitud y vocabulario de la estudiante debe ser siempre el adecuado.<\/p>\n<p>Atentamente<br \/>\nEquipo Directivo<\/p>\n","protected":false},"excerpt":{"rendered":"<p>Estimada Comunidad Educativa: Dando inicio al a\u00f1o escolar les recordamos que las clases virtuales comienzan el d\u00eda jueves 4 de Marzo a trav\u00e9s de la aplicaci\u00f3n meet, donde a cada estudiante le llegar\u00e1 una invitaci\u00f3n a su correo institucional para conectarse a la clase. Para abrir el correo institucional debe ingresar a www.gmail.com &#8211; nombre <a class=\"read-more\" href=\"https:\/\/www.cisa-arica.cl\/wp1\/2021\/03\/02\/informativo\/\">Continuar leyendo<\/a><\/p>\n","protected":false},"author":1,"featured_media":12019,"comment_status":"closed","ping_status":"open","sticky":false,"template":"","format":"standard","meta":{"_jetpack_memberships_contains_paid_content":false,"footnotes":"","jetpack_publicize_message":"","jetpack_publicize_feature_enabled":true,"jetpack_social_post_already_shared":true,"jetpack_social_options":{"image_generator_settings":{"template":"highway","default_image_id":0,"font":"","enabled":false},"version":2}},"categories":[5],"tags":[],"class_list":["post-12018","post","type-post","status-publish","format-standard","has-post-thumbnail","hentry","category-uncategorized"],"jetpack_publicize_connections":[],"jetpack_featured_media_url":"https:\/\/www.cisa-arica.cl\/wp1\/wp-content\/uploads\/2021\/03\/Informativo.jpg","jetpack_sharing_enabled":true,"jetpack_shortlink":"https:\/\/wp.me\/p84wcz-37Q","jetpack-related-posts":[{"id":11958,"url":"https:\/\/www.cisa-arica.cl\/wp1\/2021\/02\/23\/11958\/","url_meta":{"origin":12018,"position":0},"title":"Informativo a\u00f1o escolar 2021","author":"CISA","date":"23 de Febrero de 2021","format":false,"excerpt":"Estimada Comunidad Educativa. Junto con saludar y desear que se encuentren bien a pocos d\u00edas del inicio del a\u00f1o escolar, queremos recordar que, seg\u00fan lo declarado por el MINEDUC, este a\u00f1o 2021 ser\u00e1 Flexible, Gradual y Convenido, por lo queinformamos lo siguiente: Las clases inician el d\u00eda Jueves 4 de\u2026","rel":"","context":"Entrada similar ","block_context":{"text":"Entrada similar ","link":""},"img":{"alt_text":"","src":"https:\/\/i0.wp.com\/www.cisa-arica.cl\/wp1\/wp-content\/uploads\/2021\/02\/bd5e0105-660a-4ad2-88c0-e81817f44a1b.png?resize=350%2C200&ssl=1","width":350,"height":200},"classes":[]},{"id":10240,"url":"https:\/\/www.cisa-arica.cl\/wp1\/2020\/03\/02\/informativo-5\/","url_meta":{"origin":12018,"position":1},"title":"Informativo","author":"CISA","date":"2 de Marzo de 2020","format":false,"excerpt":"Estimados Padres y\/o Apoderados: Junto con saludarlos informamos a Ustedes que el ingreso a clases de las estudiantes es este Jueves 05 de Marzo. El horario de clases para este Jueves 05 y Viernes 06 de Marzo es de 07:45 a 13:00 horas. Ambos d\u00edas las alumnas deben presentarse con\u2026","rel":"","context":"Entrada similar ","block_context":{"text":"Entrada similar ","link":""},"img":{"alt_text":"","src":"","width":0,"height":0},"classes":[]},{"id":12127,"url":"https:\/\/www.cisa-arica.cl\/wp1\/2021\/03\/19\/protocolo-para-estudiantes-y-apoderados-en-clases-virtuales\/","url_meta":{"origin":12018,"position":2},"title":"Protocolo para Estudiantes y Apoderados en Clases virtuales","author":"CISA","date":"19 de Marzo de 2021","format":false,"excerpt":"PROTOCOLO PARA ESTUDIANTES Y APODERADOS CLASES VIRTUALES Cada bloque de clases on line, tendr\u00e1 una duraci\u00f3n de 60 minutos y un periodo de recreo de 20 minutos.Para esto se utilizar\u00e1 la aplicaci\u00f3n meet, donde cada estudiante ingresar\u00e1 s\u00f3lo con su correo institucional creado por el Establecimiento. Esta aplicaci\u00f3n permite la\u2026","rel":"","context":"Entrada similar ","block_context":{"text":"Entrada similar ","link":""},"img":{"alt_text":"","src":"","width":0,"height":0},"classes":[]},{"id":11144,"url":"https:\/\/www.cisa-arica.cl\/wp1\/2020\/07\/30\/protocolo-de-convivencia-escolar-para-clases-virtuales\/","url_meta":{"origin":12018,"position":3},"title":"Protocolo de convivencia escolar para clases virtuales.","author":"CISA","date":"30 de Julio de 2020","format":false,"excerpt":"PROTOCOLO PARA ESTUDIANTES Y APODERADOS Desde el\u00a0Lunes\u00a003 de Agosto\u00a0nuestro Establecimiento dar\u00e1 inicio a las clases virtuales, en las asignaturas de:\u2022\u00a02do a 4to b\u00e1sico: Lenguaje y Matem\u00e1tica.\u2022\u00a05to a\u00a02do\u00a0medio: Lenguaje, Matem\u00e1tica,\u00a0Historia \u00a0yCiencias.\u2022\u00a03ero y 4to medio:\u00a0Lenguaje, Matem\u00e1tica, Historia,\u00a0Ciencias\u00a0y plan diferencial.\u2022\u00a0Educaci\u00f3n\u00a0Parvularia\u00a0y\u00a01ero\u00a0b\u00e1sico: Clases de acercamiento cada 15 d\u00edas. De 2do b\u00e1sico a 4to medio se\u2026","rel":"","context":"Entrada similar ","block_context":{"text":"Entrada similar ","link":""},"img":{"alt_text":"","src":"https:\/\/i0.wp.com\/www.cisa-arica.cl\/wp1\/wp-content\/uploads\/2020\/07\/fc138539-3a6c-4108-9c26-2d7f3ff61cf6.png?resize=350%2C200&ssl=1","width":350,"height":200,"srcset":"https:\/\/i0.wp.com\/www.cisa-arica.cl\/wp1\/wp-content\/uploads\/2020\/07\/fc138539-3a6c-4108-9c26-2d7f3ff61cf6.png?resize=350%2C200&ssl=1 1x, https:\/\/i0.wp.com\/www.cisa-arica.cl\/wp1\/wp-content\/uploads\/2020\/07\/fc138539-3a6c-4108-9c26-2d7f3ff61cf6.png?resize=525%2C300&ssl=1 1.5x, https:\/\/i0.wp.com\/www.cisa-arica.cl\/wp1\/wp-content\/uploads\/2020\/07\/fc138539-3a6c-4108-9c26-2d7f3ff61cf6.png?resize=700%2C400&ssl=1 2x"},"classes":[]},{"id":27986,"url":"https:\/\/www.cisa-arica.cl\/wp1\/2025\/02\/26\/27986\/","url_meta":{"origin":12018,"position":4},"title":"Informativo A\u00f1o Escolar 2025","author":"Jeannette Rivera","date":"26 de Febrero de 2025","format":false,"excerpt":"Estimadas madres, padres y apoderados: Reciban todos un cordial saludo de bienvenida a este nuevo a\u00f1o escolar 2025, en donde deseamos que Dios y Santa Ana nos acompa\u00f1e en este nuevo caminar junto a nuestras queridas estudiantes. A trav\u00e9s de este informativo se comunica el siguiente horario para dar inicio\u2026","rel":"","context":"Entrada similar ","block_context":{"text":"Entrada similar ","link":""},"img":{"alt_text":"","src":"https:\/\/i0.wp.com\/www.cisa-arica.cl\/wp1\/wp-content\/uploads\/2025\/02\/IMG_3601-1.jpeg?resize=350%2C200&ssl=1","width":350,"height":200,"srcset":"https:\/\/i0.wp.com\/www.cisa-arica.cl\/wp1\/wp-content\/uploads\/2025\/02\/IMG_3601-1.jpeg?resize=350%2C200&ssl=1 1x, https:\/\/i0.wp.com\/www.cisa-arica.cl\/wp1\/wp-content\/uploads\/2025\/02\/IMG_3601-1.jpeg?resize=525%2C300&ssl=1 1.5x, https:\/\/i0.wp.com\/www.cisa-arica.cl\/wp1\/wp-content\/uploads\/2025\/02\/IMG_3601-1.jpeg?resize=700%2C400&ssl=1 2x"},"classes":[]},{"id":11189,"url":"https:\/\/www.cisa-arica.cl\/wp1\/2020\/08\/10\/cuentas-de-correo-institucional\/","url_meta":{"origin":12018,"position":5},"title":"Cuentas de Correo Institucional de alumnas","author":"CISA","date":"10 de Agosto de 2020","format":false,"excerpt":"Estimada Familia Santa Ana. Junto con saludar y desear que se encuentren bien junto a sus seres queridos, queremos reforzar lo estipulado en el protocolo de convivencia escolar para el ingreso a clases virtuales.Por motivos de seguridad y tranquilidad de todos los integrantes de la comunidad educativa, s\u00f3lo podr\u00e1n ingresar\u2026","rel":"","context":"Entrada similar ","block_context":{"text":"Entrada similar ","link":""},"img":{"alt_text":"","src":"https:\/\/i0.wp.com\/www.cisa-arica.cl\/wp1\/wp-content\/uploads\/2020\/08\/ff028c7f-e1e4-4bbd-9f2b-872f27523e3e.png?resize=350%2C200&ssl=1","width":350,"height":200,"srcset":"https:\/\/i0.wp.com\/www.cisa-arica.cl\/wp1\/wp-content\/uploads\/2020\/08\/ff028c7f-e1e4-4bbd-9f2b-872f27523e3e.png?resize=350%2C200&ssl=1 1x, https:\/\/i0.wp.com\/www.cisa-arica.cl\/wp1\/wp-content\/uploads\/2020\/08\/ff028c7f-e1e4-4bbd-9f2b-872f27523e3e.png?resize=525%2C300&ssl=1 1.5x, https:\/\/i0.wp.com\/www.cisa-arica.cl\/wp1\/wp-content\/uploads\/2020\/08\/ff028c7f-e1e4-4bbd-9f2b-872f27523e3e.png?resize=700%2C400&ssl=1 2x, https:\/\/i0.wp.com\/www.cisa-arica.cl\/wp1\/wp-content\/uploads\/2020\/08\/ff028c7f-e1e4-4bbd-9f2b-872f27523e3e.png?resize=1050%2C600&ssl=1 3x, https:\/\/i0.wp.com\/www.cisa-arica.cl\/wp1\/wp-content\/uploads\/2020\/08\/ff028c7f-e1e4-4bbd-9f2b-872f27523e3e.png?resize=1400%2C800&ssl=1 4x"},"classes":[]}],"_links":{"self":[{"href":"https:\/\/www.cisa-arica.cl\/wp1\/wp-json\/wp\/v2\/posts\/12018","targetHints":{"allow":["GET"]}}],"collection":[{"href":"https:\/\/www.cisa-arica.cl\/wp1\/wp-json\/wp\/v2\/posts"}],"about":[{"href":"https:\/\/www.cisa-arica.cl\/wp1\/wp-json\/wp\/v2\/types\/post"}],"author":[{"embeddable":true,"href":"https:\/\/www.cisa-arica.cl\/wp1\/wp-json\/wp\/v2\/users\/1"}],"replies":[{"embeddable":true,"href":"https:\/\/www.cisa-arica.cl\/wp1\/wp-json\/wp\/v2\/comments?post=12018"}],"version-history":[{"count":1,"href":"https:\/\/www.cisa-arica.cl\/wp1\/wp-json\/wp\/v2\/posts\/12018\/revisions"}],"predecessor-version":[{"id":12020,"href":"https:\/\/www.cisa-arica.cl\/wp1\/wp-json\/wp\/v2\/posts\/12018\/revisions\/12020"}],"wp:featuredmedia":[{"embeddable":true,"href":"https:\/\/www.cisa-arica.cl\/wp1\/wp-json\/wp\/v2\/media\/12019"}],"wp:attachment":[{"href":"https:\/\/www.cisa-arica.cl\/wp1\/wp-json\/wp\/v2\/media?parent=12018"}],"wp:term":[{"taxonomy":"category","embeddable":true,"href":"https:\/\/www.cisa-arica.cl\/wp1\/wp-json\/wp\/v2\/categories?post=12018"},{"taxonomy":"post_tag","embeddable":true,"href":"https:\/\/www.cisa-arica.cl\/wp1\/wp-json\/wp\/v2\/tags?post=12018"}],"curies":[{"name":"wp","href":"https:\/\/api.w.org\/{rel}","templated":true}]}}