{"id":12004,"date":"2021-02-26T23:12:42","date_gmt":"2021-02-27T03:12:42","guid":{"rendered":"http:\/\/www.cisa-arica.cl\/wp1\/?p=12004"},"modified":"2021-02-26T23:13:14","modified_gmt":"2021-02-27T03:13:14","slug":"profesores-jefes-por-cursos","status":"publish","type":"post","link":"https:\/\/www.cisa-arica.cl\/wp1\/2021\/02\/26\/profesores-jefes-por-cursos\/","title":{"rendered":"Profesores Jefes 2021"},"content":{"rendered":"<p><a href=\"http:\/\/www.cisa-arica.cl\/wp1\/wp-content\/uploads\/2021\/02\/JEFATURAS.jpg\"><img loading=\"lazy\" decoding=\"async\" data-attachment-id=\"12006\" data-permalink=\"https:\/\/www.cisa-arica.cl\/wp1\/2021\/02\/26\/profesores-jefes-por-cursos\/jefaturas\/\" data-orig-file=\"https:\/\/www.cisa-arica.cl\/wp1\/wp-content\/uploads\/2021\/02\/JEFATURAS.jpg\" data-orig-size=\"760,1280\" data-comments-opened=\"0\" data-image-meta=\"{&quot;aperture&quot;:&quot;0&quot;,&quot;credit&quot;:&quot;&quot;,&quot;camera&quot;:&quot;&quot;,&quot;caption&quot;:&quot;&quot;,&quot;created_timestamp&quot;:&quot;0&quot;,&quot;copyright&quot;:&quot;&quot;,&quot;focal_length&quot;:&quot;0&quot;,&quot;iso&quot;:&quot;0&quot;,&quot;shutter_speed&quot;:&quot;0&quot;,&quot;title&quot;:&quot;&quot;,&quot;orientation&quot;:&quot;0&quot;}\" data-image-title=\"JEFATURAS\" data-image-description=\"\" data-image-caption=\"\" data-large-file=\"https:\/\/www.cisa-arica.cl\/wp1\/wp-content\/uploads\/2021\/02\/JEFATURAS-356x600.jpg\" class=\"aligncenter size-full wp-image-12006\" src=\"http:\/\/www.cisa-arica.cl\/wp1\/wp-content\/uploads\/2021\/02\/JEFATURAS.jpg\" alt=\"\" width=\"760\" height=\"1280\" srcset=\"https:\/\/www.cisa-arica.cl\/wp1\/wp-content\/uploads\/2021\/02\/JEFATURAS.jpg 760w, https:\/\/www.cisa-arica.cl\/wp1\/wp-content\/uploads\/2021\/02\/JEFATURAS-178x300.jpg 178w, https:\/\/www.cisa-arica.cl\/wp1\/wp-content\/uploads\/2021\/02\/JEFATURAS-356x600.jpg 356w\" sizes=\"auto, (max-width: 760px) 100vw, 760px\" \/><\/a><\/p>\n","protected":false},"excerpt":{"rendered":"","protected":false},"author":1,"featured_media":12005,"comment_status":"closed","ping_status":"open","sticky":false,"template":"","format":"standard","meta":{"_jetpack_memberships_contains_paid_content":false,"footnotes":"","jetpack_publicize_message":"","jetpack_publicize_feature_enabled":true,"jetpack_social_post_already_shared":true,"jetpack_social_options":{"image_generator_settings":{"template":"highway","default_image_id":0,"font":"","enabled":false},"version":2}},"categories":[5],"tags":[],"class_list":["post-12004","post","type-post","status-publish","format-standard","has-post-thumbnail","hentry","category-uncategorized"],"jetpack_publicize_connections":[],"jetpack_featured_media_url":"https:\/\/www.cisa-arica.cl\/wp1\/wp-content\/uploads\/2021\/02\/WhatsApp-Image-2021-02-26-at-10.41.25.jpeg","jetpack_sharing_enabled":true,"jetpack_shortlink":"https:\/\/wp.me\/p84wcz-37C","jetpack-related-posts":[{"id":26488,"url":"https:\/\/www.cisa-arica.cl\/wp1\/2024\/09\/06\/misa-de-los-terceros-basicos\/","url_meta":{"origin":12004,"position":0},"title":"Misa de los Terceros B\u00e1sicos","author":"Jeannette Rivera","date":"6 de Septiembre de 2024","format":false,"excerpt":"El jueves 05 de septiembre fue el turno de los terceros a\u00f1os b\u00e1sicos para ofrecer a Dios la misa por sus familias. En la oportunidad las estudiantes estuvieron acompa\u00f1adas de sus profesores jefes , t\u00e9cnicos y apoderados invitados.","rel":"","context":"Entrada similar ","block_context":{"text":"Entrada similar ","link":""},"img":{"alt_text":"","src":"https:\/\/i0.wp.com\/www.cisa-arica.cl\/wp1\/wp-content\/uploads\/2024\/09\/WhatsApp-Image-2024-09-05-at-10.27.00-AM.jpeg?resize=350%2C200&ssl=1","width":350,"height":200,"srcset":"https:\/\/i0.wp.com\/www.cisa-arica.cl\/wp1\/wp-content\/uploads\/2024\/09\/WhatsApp-Image-2024-09-05-at-10.27.00-AM.jpeg?resize=350%2C200&ssl=1 1x, https:\/\/i0.wp.com\/www.cisa-arica.cl\/wp1\/wp-content\/uploads\/2024\/09\/WhatsApp-Image-2024-09-05-at-10.27.00-AM.jpeg?resize=525%2C300&ssl=1 1.5x, https:\/\/i0.wp.com\/www.cisa-arica.cl\/wp1\/wp-content\/uploads\/2024\/09\/WhatsApp-Image-2024-09-05-at-10.27.00-AM.jpeg?resize=700%2C400&ssl=1 2x, https:\/\/i0.wp.com\/www.cisa-arica.cl\/wp1\/wp-content\/uploads\/2024\/09\/WhatsApp-Image-2024-09-05-at-10.27.00-AM.jpeg?resize=1050%2C600&ssl=1 3x"},"classes":[]},{"id":17875,"url":"https:\/\/www.cisa-arica.cl\/wp1\/2022\/10\/28\/despedida-4tos-medios\/","url_meta":{"origin":12004,"position":1},"title":"Despedida 4tos medios","author":"CISA","date":"28 de Octubre de 2022","format":false,"excerpt":"En una jornada de alegr\u00eda y mucha diversi\u00f3n, las estudiantes de Tercero Medio, despidieron a sus compa\u00f1eras de los Cuartos Medios A y B, dese\u00e1ndoles los mejores \u00e9xitos para lo que les depara el futuro. En la actividad tambi\u00e9n participaron los profesores jefes de los cuatro cursos.","rel":"","context":"Entrada similar ","block_context":{"text":"Entrada similar ","link":""},"img":{"alt_text":"","src":"https:\/\/i0.wp.com\/www.cisa-arica.cl\/wp1\/wp-content\/uploads\/2022\/10\/DSC_3567.jpg?resize=350%2C200&ssl=1","width":350,"height":200,"srcset":"https:\/\/i0.wp.com\/www.cisa-arica.cl\/wp1\/wp-content\/uploads\/2022\/10\/DSC_3567.jpg?resize=350%2C200&ssl=1 1x, https:\/\/i0.wp.com\/www.cisa-arica.cl\/wp1\/wp-content\/uploads\/2022\/10\/DSC_3567.jpg?resize=525%2C300&ssl=1 1.5x, https:\/\/i0.wp.com\/www.cisa-arica.cl\/wp1\/wp-content\/uploads\/2022\/10\/DSC_3567.jpg?resize=700%2C400&ssl=1 2x, https:\/\/i0.wp.com\/www.cisa-arica.cl\/wp1\/wp-content\/uploads\/2022\/10\/DSC_3567.jpg?resize=1050%2C600&ssl=1 3x"},"classes":[]},{"id":24800,"url":"https:\/\/www.cisa-arica.cl\/wp1\/2024\/03\/30\/obra-jesucristo-superestrella-2024\/","url_meta":{"origin":12004,"position":2},"title":"Obra Jesucristo Superestrella 2024","author":"Jeannette Rivera","date":"30 de Marzo de 2024","format":false,"excerpt":"El jueves 28 de marzo se present\u00f3 las obra musical Jesucristo Superestrella, la cual estuvo organizada por las estudiantes de los Cuartos medios A y B, junto a sus profesoras jefes, profesoras de religi\u00f3n y los profesores de m\u00fasica. La puesta en escena fue disfrutada por la comunidad escolar y\u2026","rel":"","context":"Entrada similar ","block_context":{"text":"Entrada similar ","link":""},"img":{"alt_text":"","src":"https:\/\/i0.wp.com\/www.cisa-arica.cl\/wp1\/wp-content\/uploads\/2024\/04\/IMG_8776-scaled.jpg?resize=350%2C200&ssl=1","width":350,"height":200,"srcset":"https:\/\/i0.wp.com\/www.cisa-arica.cl\/wp1\/wp-content\/uploads\/2024\/04\/IMG_8776-scaled.jpg?resize=350%2C200&ssl=1 1x, https:\/\/i0.wp.com\/www.cisa-arica.cl\/wp1\/wp-content\/uploads\/2024\/04\/IMG_8776-scaled.jpg?resize=525%2C300&ssl=1 1.5x, https:\/\/i0.wp.com\/www.cisa-arica.cl\/wp1\/wp-content\/uploads\/2024\/04\/IMG_8776-scaled.jpg?resize=700%2C400&ssl=1 2x, https:\/\/i0.wp.com\/www.cisa-arica.cl\/wp1\/wp-content\/uploads\/2024\/04\/IMG_8776-scaled.jpg?resize=1050%2C600&ssl=1 3x, https:\/\/i0.wp.com\/www.cisa-arica.cl\/wp1\/wp-content\/uploads\/2024\/04\/IMG_8776-scaled.jpg?resize=1400%2C800&ssl=1 4x"},"classes":[]},{"id":6046,"url":"https:\/\/www.cisa-arica.cl\/wp1\/2019\/03\/22\/reunion-de-apoderados-alumnas-nuevas\/","url_meta":{"origin":12004,"position":3},"title":"Reuni\u00f3n de apoderados alumnas nuevas","author":"Jeannette Rivera","date":"22 de Marzo de 2019","format":false,"excerpt":"Con una gran asistencia se llev\u00f3 a cabo el d\u00eda de ayer la reuni\u00f3n especialmente dirigida a los apoderados de alumnas nuevas 2019, en la cual el equipo directivo hizo una presentaci\u00f3n detallada del colegio, incluyendo a profesores jefes y de asignatura quienes dieron la bienvenida a todos los nuevos\u2026","rel":"","context":"Entrada similar ","block_context":{"text":"Entrada similar ","link":""},"img":{"alt_text":"","src":"https:\/\/i0.wp.com\/www.cisa-arica.cl\/wp1\/wp-content\/uploads\/2019\/03\/000-6.jpeg?resize=350%2C200&ssl=1","width":350,"height":200,"srcset":"https:\/\/i0.wp.com\/www.cisa-arica.cl\/wp1\/wp-content\/uploads\/2019\/03\/000-6.jpeg?resize=350%2C200&ssl=1 1x, https:\/\/i0.wp.com\/www.cisa-arica.cl\/wp1\/wp-content\/uploads\/2019\/03\/000-6.jpeg?resize=525%2C300&ssl=1 1.5x, https:\/\/i0.wp.com\/www.cisa-arica.cl\/wp1\/wp-content\/uploads\/2019\/03\/000-6.jpeg?resize=700%2C400&ssl=1 2x, https:\/\/i0.wp.com\/www.cisa-arica.cl\/wp1\/wp-content\/uploads\/2019\/03\/000-6.jpeg?resize=1050%2C600&ssl=1 3x"},"classes":[]},{"id":10132,"url":"https:\/\/www.cisa-arica.cl\/wp1\/2019\/12\/10\/comunicado-padres-y-apoderados-cuartos-medios-2019\/","url_meta":{"origin":12004,"position":4},"title":"Comunicado padres y apoderados Cuartos Medios 2019","author":"Jeannette Rivera","date":"10 de Diciembre de 2019","format":false,"excerpt":"Comunicamos a los padres y apoderados de las alumnas de 4\u00ba medio Generaci\u00f3n 2019 que sus documentos podr\u00e1n retirarse durante los d\u00edas de hoy martes 10 y ma\u00f1ana mi\u00e9rcoles 11 de diciembre entre las 09:00 y 13:00 hrs. con sus respectivos profesores jefes. Atentamente Direcci\u00f3n","rel":"","context":"Entrada similar ","block_context":{"text":"Entrada similar ","link":""},"img":{"alt_text":"","src":"https:\/\/i0.wp.com\/www.cisa-arica.cl\/wp1\/wp-content\/uploads\/2019\/04\/cropped-LOGO_CISA_chico-2-e1557940881746.png?resize=350%2C200&ssl=1","width":350,"height":200},"classes":[]},{"id":25807,"url":"https:\/\/www.cisa-arica.cl\/wp1\/2024\/06\/10\/conmemoracion-7-de-junio-y-aniversario-de-la-provincia-sor-ana-del-salvatore-orsi\/","url_meta":{"origin":12004,"position":5},"title":"Conmemoraci\u00f3n 7 de Junio y Aniversario de la Provincia Sor Ana del Salvatore Orsi","author":"Jeannette Rivera","date":"10 de Junio de 2024","format":false,"excerpt":"Los Octavos a\u00f1os b\u00e1sicos junto a sus respectivos profesores jefes Samuel Parra y Michael V\u00e9liz, fueron los organizadores de este acto tan significativo para nuestra ciudad como es la Conmemoraci\u00f3n del 7 de Junio y la celebraci\u00f3n de un nuevo aniversario de la Provincia Chile -Per\u00fa de Sor Ana de\u2026","rel":"","context":"Entrada similar ","block_context":{"text":"Entrada similar ","link":""},"img":{"alt_text":"","src":"https:\/\/i0.wp.com\/www.cisa-arica.cl\/wp1\/wp-content\/uploads\/2024\/06\/IMG_3300-e1719352740982.jpg?resize=350%2C200&ssl=1","width":350,"height":200,"srcset":"https:\/\/i0.wp.com\/www.cisa-arica.cl\/wp1\/wp-content\/uploads\/2024\/06\/IMG_3300-e1719352740982.jpg?resize=350%2C200&ssl=1 1x, https:\/\/i0.wp.com\/www.cisa-arica.cl\/wp1\/wp-content\/uploads\/2024\/06\/IMG_3300-e1719352740982.jpg?resize=525%2C300&ssl=1 1.5x"},"classes":[]}],"_links":{"self":[{"href":"https:\/\/www.cisa-arica.cl\/wp1\/wp-json\/wp\/v2\/posts\/12004","targetHints":{"allow":["GET"]}}],"collection":[{"href":"https:\/\/www.cisa-arica.cl\/wp1\/wp-json\/wp\/v2\/posts"}],"about":[{"href":"https:\/\/www.cisa-arica.cl\/wp1\/wp-json\/wp\/v2\/types\/post"}],"author":[{"embeddable":true,"href":"https:\/\/www.cisa-arica.cl\/wp1\/wp-json\/wp\/v2\/users\/1"}],"replies":[{"embeddable":true,"href":"https:\/\/www.cisa-arica.cl\/wp1\/wp-json\/wp\/v2\/comments?post=12004"}],"version-history":[{"count":2,"href":"https:\/\/www.cisa-arica.cl\/wp1\/wp-json\/wp\/v2\/posts\/12004\/revisions"}],"predecessor-version":[{"id":12008,"href":"https:\/\/www.cisa-arica.cl\/wp1\/wp-json\/wp\/v2\/posts\/12004\/revisions\/12008"}],"wp:featuredmedia":[{"embeddable":true,"href":"https:\/\/www.cisa-arica.cl\/wp1\/wp-json\/wp\/v2\/media\/12005"}],"wp:attachment":[{"href":"https:\/\/www.cisa-arica.cl\/wp1\/wp-json\/wp\/v2\/media?parent=12004"}],"wp:term":[{"taxonomy":"category","embeddable":true,"href":"https:\/\/www.cisa-arica.cl\/wp1\/wp-json\/wp\/v2\/categories?post=12004"},{"taxonomy":"post_tag","embeddable":true,"href":"https:\/\/www.cisa-arica.cl\/wp1\/wp-json\/wp\/v2\/tags?post=12004"}],"curies":[{"name":"wp","href":"https:\/\/api.w.org\/{rel}","templated":true}]}}