{"id":11971,"date":"2021-02-26T23:06:35","date_gmt":"2021-02-27T03:06:35","guid":{"rendered":"http:\/\/www.cisa-arica.cl\/wp1\/?p=11971"},"modified":"2021-02-26T23:06:37","modified_gmt":"2021-02-27T03:06:37","slug":"lista-de-estudiantes-por-curso","status":"publish","type":"post","link":"https:\/\/www.cisa-arica.cl\/wp1\/2021\/02\/26\/lista-de-estudiantes-por-curso\/","title":{"rendered":"Lista de Estudiantes por Curso"},"content":{"rendered":"<h1><span style=\"color: #3366ff;\">Cursos:<\/span><\/h1>\n\n\n<div class=\"wp-block-file\"><a href=\"http:\/\/www.cisa-arica.cl\/wp1\/wp-content\/uploads\/2021\/02\/PREKINDER-A.pdf\">PREKINDER A<\/a><a href=\"http:\/\/www.cisa-arica.cl\/wp1\/wp-content\/uploads\/2021\/02\/PREKINDER-A.pdf\" class=\"wp-block-file__button\" download>Descargar<\/a><\/div>\n\n\n\n<div class=\"wp-block-file\"><a href=\"http:\/\/www.cisa-arica.cl\/wp1\/wp-content\/uploads\/2021\/02\/KINDER-A.pdf\">KINDER-A<\/a><a href=\"http:\/\/www.cisa-arica.cl\/wp1\/wp-content\/uploads\/2021\/02\/KINDER-A.pdf\" class=\"wp-block-file__button\" download>Descargar<\/a><\/div>\n\n\n\n<div class=\"wp-block-file\"><a href=\"http:\/\/www.cisa-arica.cl\/wp1\/wp-content\/uploads\/2021\/02\/KINDER-B.pdf\">KINDER-B<\/a><a href=\"http:\/\/www.cisa-arica.cl\/wp1\/wp-content\/uploads\/2021\/02\/KINDER-B.pdf\" class=\"wp-block-file__button\" download>Descargar<\/a><\/div>\n\n\n\n<div class=\"wp-block-file\"><a href=\"http:\/\/www.cisa-arica.cl\/wp1\/wp-content\/uploads\/2021\/02\/PRIMERO-BASICO-A.pdf\">PRIMERO-BASICO-A<\/a><a href=\"http:\/\/www.cisa-arica.cl\/wp1\/wp-content\/uploads\/2021\/02\/PRIMERO-BASICO-A.pdf\" class=\"wp-block-file__button\" download>Descargar<\/a><\/div>\n\n\n\n<div class=\"wp-block-file\"><a href=\"http:\/\/www.cisa-arica.cl\/wp1\/wp-content\/uploads\/2021\/02\/PRIMERO-BASICO-B.pdf\">PRIMERO-BASICO-B<\/a><a href=\"http:\/\/www.cisa-arica.cl\/wp1\/wp-content\/uploads\/2021\/02\/PRIMERO-BASICO-B.pdf\" class=\"wp-block-file__button\" download>Descargar<\/a><\/div>\n\n\n\n<div class=\"wp-block-file\"><a href=\"http:\/\/www.cisa-arica.cl\/wp1\/wp-content\/uploads\/2021\/02\/SEGUNDO-BASICO-A.pdf\">SEGUNDO-BASICO-A<\/a><a href=\"http:\/\/www.cisa-arica.cl\/wp1\/wp-content\/uploads\/2021\/02\/SEGUNDO-BASICO-A.pdf\" class=\"wp-block-file__button\" download>Descargar<\/a><\/div>\n\n\n\n<div class=\"wp-block-file\"><a href=\"http:\/\/www.cisa-arica.cl\/wp1\/wp-content\/uploads\/2021\/02\/SEGUNDO-BASICO-B.pdf\">SEGUNDO-BASICO-B<\/a><a href=\"http:\/\/www.cisa-arica.cl\/wp1\/wp-content\/uploads\/2021\/02\/SEGUNDO-BASICO-B.pdf\" class=\"wp-block-file__button\" download>Descargar<\/a><\/div>\n\n\n\n<div class=\"wp-block-file\"><a href=\"http:\/\/www.cisa-arica.cl\/wp1\/wp-content\/uploads\/2021\/02\/TERCERO-BASICO-A.pdf\">TERCERO-BASICO-A<\/a><a href=\"http:\/\/www.cisa-arica.cl\/wp1\/wp-content\/uploads\/2021\/02\/TERCERO-BASICO-A.pdf\" class=\"wp-block-file__button\" download>Descargar<\/a><\/div>\n\n\n\n<div class=\"wp-block-file\"><a href=\"http:\/\/www.cisa-arica.cl\/wp1\/wp-content\/uploads\/2021\/02\/TERCERO-BASICO-B.pdf\">TERCERO-BASICO-B<\/a><a href=\"http:\/\/www.cisa-arica.cl\/wp1\/wp-content\/uploads\/2021\/02\/TERCERO-BASICO-B.pdf\" class=\"wp-block-file__button\" download>Descargar<\/a><\/div>\n\n\n\n<div class=\"wp-block-file\"><a href=\"http:\/\/www.cisa-arica.cl\/wp1\/wp-content\/uploads\/2021\/02\/CUARTO-BASICO-A.pdf\">CUARTO-BASICO-A<\/a><a href=\"http:\/\/www.cisa-arica.cl\/wp1\/wp-content\/uploads\/2021\/02\/CUARTO-BASICO-A.pdf\" class=\"wp-block-file__button\" download>Descargar<\/a><\/div>\n\n\n\n<div class=\"wp-block-file\"><a href=\"http:\/\/www.cisa-arica.cl\/wp1\/wp-content\/uploads\/2021\/02\/CUARTO-BASICO-B.pdf\">CUARTO-BASICO-B<\/a><a href=\"http:\/\/www.cisa-arica.cl\/wp1\/wp-content\/uploads\/2021\/02\/CUARTO-BASICO-B.pdf\" class=\"wp-block-file__button\" download>Descargar<\/a><\/div>\n\n\n\n<div class=\"wp-block-file\"><a href=\"http:\/\/www.cisa-arica.cl\/wp1\/wp-content\/uploads\/2021\/02\/QUINTO-BASICO-A.pdf\">QUINTO-BASICO-A<\/a><a href=\"http:\/\/www.cisa-arica.cl\/wp1\/wp-content\/uploads\/2021\/02\/QUINTO-BASICO-A.pdf\" class=\"wp-block-file__button\" download>Descargar<\/a><\/div>\n\n\n\n<div class=\"wp-block-file\"><a href=\"http:\/\/www.cisa-arica.cl\/wp1\/wp-content\/uploads\/2021\/02\/QUINTO-BASICO-B.pdf\">QUINTO-BASICO-B<\/a><a href=\"http:\/\/www.cisa-arica.cl\/wp1\/wp-content\/uploads\/2021\/02\/QUINTO-BASICO-B.pdf\" class=\"wp-block-file__button\" download>Descargar<\/a><\/div>\n\n\n\n<div class=\"wp-block-file\"><a href=\"http:\/\/www.cisa-arica.cl\/wp1\/wp-content\/uploads\/2021\/02\/SEXTO-A.pdf\">SEXTO-BASICO-A<\/a><a href=\"http:\/\/www.cisa-arica.cl\/wp1\/wp-content\/uploads\/2021\/02\/SEXTO-A.pdf\" class=\"wp-block-file__button\" download>Descargar<\/a><\/div>\n\n\n\n<div class=\"wp-block-file\"><a href=\"http:\/\/www.cisa-arica.cl\/wp1\/wp-content\/uploads\/2021\/02\/SEXTO-B.pdf\">SEXTO-BASICO-B<\/a><a href=\"http:\/\/www.cisa-arica.cl\/wp1\/wp-content\/uploads\/2021\/02\/SEXTO-B.pdf\" class=\"wp-block-file__button\" download>Descargar<\/a><\/div>\n\n\n\n<div class=\"wp-block-file\"><a href=\"http:\/\/www.cisa-arica.cl\/wp1\/wp-content\/uploads\/2021\/02\/SEPTIMO-BASICO-A.pdf\">SEPTIMO-BASICO-A<\/a><a href=\"http:\/\/www.cisa-arica.cl\/wp1\/wp-content\/uploads\/2021\/02\/SEPTIMO-BASICO-A.pdf\" class=\"wp-block-file__button\" download>Descargar<\/a><\/div>\n\n\n\n<div class=\"wp-block-file\"><a href=\"http:\/\/www.cisa-arica.cl\/wp1\/wp-content\/uploads\/2021\/02\/SEPTIMO-BASICO-B.pdf\">SEPTIMO-BASICO-B<\/a><a href=\"http:\/\/www.cisa-arica.cl\/wp1\/wp-content\/uploads\/2021\/02\/SEPTIMO-BASICO-B.pdf\" class=\"wp-block-file__button\" download>Descargar<\/a><\/div>\n\n\n\n<div class=\"wp-block-file\"><a href=\"http:\/\/www.cisa-arica.cl\/wp1\/wp-content\/uploads\/2021\/02\/OCTAVO-A.pdf\">OCTAVO-BASICO-A<\/a><a href=\"http:\/\/www.cisa-arica.cl\/wp1\/wp-content\/uploads\/2021\/02\/OCTAVO-A.pdf\" class=\"wp-block-file__button\" download>Descargar<\/a><\/div>\n\n\n\n<div class=\"wp-block-file\"><a href=\"http:\/\/www.cisa-arica.cl\/wp1\/wp-content\/uploads\/2021\/02\/OCTAVO-B.pdf\">OCTAVO-BASICO-B<\/a><a href=\"http:\/\/www.cisa-arica.cl\/wp1\/wp-content\/uploads\/2021\/02\/OCTAVO-B.pdf\" class=\"wp-block-file__button\" download>Descargar<\/a><\/div>\n\n\n\n<div class=\"wp-block-file\"><a href=\"http:\/\/www.cisa-arica.cl\/wp1\/wp-content\/uploads\/2021\/02\/PRIMERO-MEDIO-A.pdf\">PRIMERO-MEDIO-A<\/a><a href=\"http:\/\/www.cisa-arica.cl\/wp1\/wp-content\/uploads\/2021\/02\/PRIMERO-MEDIO-A.pdf\" class=\"wp-block-file__button\" download>Descargar<\/a><\/div>\n\n\n\n<div class=\"wp-block-file\"><a href=\"http:\/\/www.cisa-arica.cl\/wp1\/wp-content\/uploads\/2021\/02\/PRIMERO-MEDIO-B.pdf\">PRIMERO-MEDIO-B<\/a><a href=\"http:\/\/www.cisa-arica.cl\/wp1\/wp-content\/uploads\/2021\/02\/PRIMERO-MEDIO-B.pdf\" class=\"wp-block-file__button\" download>Descargar<\/a><\/div>\n\n\n\n<div class=\"wp-block-file\"><a href=\"http:\/\/www.cisa-arica.cl\/wp1\/wp-content\/uploads\/2021\/02\/SEGUNDO-MEDIO-A.pdf\">SEGUNDO-MEDIO-A<\/a><a href=\"http:\/\/www.cisa-arica.cl\/wp1\/wp-content\/uploads\/2021\/02\/SEGUNDO-MEDIO-A.pdf\" class=\"wp-block-file__button\" download>Descargar<\/a><\/div>\n\n\n\n<div class=\"wp-block-file\"><a href=\"http:\/\/www.cisa-arica.cl\/wp1\/wp-content\/uploads\/2021\/02\/SEGUNDO-MEDIO-B.pdf\">SEGUNDO-MEDIO-B<\/a><a href=\"http:\/\/www.cisa-arica.cl\/wp1\/wp-content\/uploads\/2021\/02\/SEGUNDO-MEDIO-B.pdf\" class=\"wp-block-file__button\" download>Descargar<\/a><\/div>\n\n\n\n<div class=\"wp-block-file\"><a href=\"http:\/\/www.cisa-arica.cl\/wp1\/wp-content\/uploads\/2021\/02\/TERCERO-MEDIO-A.pdf\">TERCERO-MEDIO-A<\/a><a href=\"http:\/\/www.cisa-arica.cl\/wp1\/wp-content\/uploads\/2021\/02\/TERCERO-MEDIO-A.pdf\" class=\"wp-block-file__button\" download>Descargar<\/a><\/div>\n\n\n\n<div class=\"wp-block-file\"><a href=\"http:\/\/www.cisa-arica.cl\/wp1\/wp-content\/uploads\/2021\/02\/TERCERO-MEDIO-B.pdf\">TERCERO-MEDIO-B<\/a><a href=\"http:\/\/www.cisa-arica.cl\/wp1\/wp-content\/uploads\/2021\/02\/TERCERO-MEDIO-B.pdf\" class=\"wp-block-file__button\" download>Descargar<\/a><\/div>\n\n\n\n<div class=\"wp-block-file\"><a href=\"http:\/\/www.cisa-arica.cl\/wp1\/wp-content\/uploads\/2021\/02\/CUARTO-MEDIO-A.pdf\">CUARTO-MEDIO-A<\/a><a href=\"http:\/\/www.cisa-arica.cl\/wp1\/wp-content\/uploads\/2021\/02\/CUARTO-MEDIO-A.pdf\" class=\"wp-block-file__button\" download>Descargar<\/a><\/div>\n\n\n\n<div class=\"wp-block-file\"><a href=\"http:\/\/www.cisa-arica.cl\/wp1\/wp-content\/uploads\/2021\/02\/CUARTO-MEDIO-B.pdf\">CUARTO-MEDIO-B<\/a><a href=\"http:\/\/www.cisa-arica.cl\/wp1\/wp-content\/uploads\/2021\/02\/CUARTO-MEDIO-B.pdf\" class=\"wp-block-file__button\" download>Descargar<\/a><\/div>\n","protected":false},"excerpt":{"rendered":"<p>Cursos:<\/p>\n","protected":false},"author":1,"featured_media":11972,"comment_status":"closed","ping_status":"open","sticky":false,"template":"","format":"standard","meta":{"_jetpack_memberships_contains_paid_content":false,"footnotes":"","jetpack_publicize_message":"","jetpack_publicize_feature_enabled":true,"jetpack_social_post_already_shared":true,"jetpack_social_options":{"image_generator_settings":{"template":"highway","default_image_id":0,"font":"","enabled":false},"version":2}},"categories":[5],"tags":[],"class_list":["post-11971","post","type-post","status-publish","format-standard","has-post-thumbnail","hentry","category-uncategorized"],"jetpack_publicize_connections":[],"jetpack_featured_media_url":"https:\/\/www.cisa-arica.cl\/wp1\/wp-content\/uploads\/2021\/02\/WhatsApp-Image-2021-02-26-at-10.41.08.jpeg","jetpack_sharing_enabled":true,"jetpack_shortlink":"https:\/\/wp.me\/p84wcz-375","jetpack-related-posts":[{"id":26215,"url":"https:\/\/www.cisa-arica.cl\/wp1\/2024\/08\/13\/inicio-de-misas-por-cursos\/","url_meta":{"origin":11971,"position":0},"title":"Inicio de Misas por cursos","author":"Jeannette Rivera","date":"13 de Agosto de 2024","format":false,"excerpt":"El jueves 08 de agosto se dio inicio a las misas por curso. En esta oportunidad fueron Prekinder y Kinder para recibir el mensaje y la bendici\u00f3n de Dios \"Sembrando en el campo del Se\u00f1or\".","rel":"","context":"Entrada similar ","block_context":{"text":"Entrada similar ","link":""},"img":{"alt_text":"","src":"https:\/\/i0.wp.com\/www.cisa-arica.cl\/wp1\/wp-content\/uploads\/2024\/08\/WhatsApp-Image-2024-08-09-at-5.08.54-PM.jpeg?resize=350%2C200&ssl=1","width":350,"height":200,"srcset":"https:\/\/i0.wp.com\/www.cisa-arica.cl\/wp1\/wp-content\/uploads\/2024\/08\/WhatsApp-Image-2024-08-09-at-5.08.54-PM.jpeg?resize=350%2C200&ssl=1 1x, https:\/\/i0.wp.com\/www.cisa-arica.cl\/wp1\/wp-content\/uploads\/2024\/08\/WhatsApp-Image-2024-08-09-at-5.08.54-PM.jpeg?resize=525%2C300&ssl=1 1.5x, https:\/\/i0.wp.com\/www.cisa-arica.cl\/wp1\/wp-content\/uploads\/2024\/08\/WhatsApp-Image-2024-08-09-at-5.08.54-PM.jpeg?resize=700%2C400&ssl=1 2x, https:\/\/i0.wp.com\/www.cisa-arica.cl\/wp1\/wp-content\/uploads\/2024\/08\/WhatsApp-Image-2024-08-09-at-5.08.54-PM.jpeg?resize=1050%2C600&ssl=1 3x"},"classes":[]},{"id":17013,"url":"https:\/\/www.cisa-arica.cl\/wp1\/2022\/08\/19\/pesquisas-oftalmologica-y-auditiva\/","url_meta":{"origin":11971,"position":1},"title":"Pesquisas Oftalmol\u00f3gica y Auditiva","author":"Jeannette Rivera","date":"19 de Agosto de 2022","format":false,"excerpt":"Se informa que se realizar\u00e1n pesquisas Oftalmol\u00f3gica y Auditiva en el colegio. Evaluaci\u00f3n Oftalmol\u00f3gica: Martes 23 y Mi\u00e9rcoles 24 de Agosto para los siguientes cursos focalizados: PREKINDER, KINDER, PRIMEROS B\u00c1SICOS Y SEXTOS B\u00c1SICOS. Evaluaci\u00f3n Auditiva: Viernes 02 de Septiembre para los siguientes cursos focalizados: PREKINDER, KINDER. Aquellas estudiantes de Primero\u2026","rel":"","context":"Entrada similar ","block_context":{"text":"Entrada similar ","link":""},"img":{"alt_text":"","src":"https:\/\/i0.wp.com\/www.cisa-arica.cl\/wp1\/wp-content\/uploads\/2022\/08\/Afiche-Ev.-Oftalmologica.jpg?resize=350%2C200&ssl=1","width":350,"height":200,"srcset":"https:\/\/i0.wp.com\/www.cisa-arica.cl\/wp1\/wp-content\/uploads\/2022\/08\/Afiche-Ev.-Oftalmologica.jpg?resize=350%2C200&ssl=1 1x, https:\/\/i0.wp.com\/www.cisa-arica.cl\/wp1\/wp-content\/uploads\/2022\/08\/Afiche-Ev.-Oftalmologica.jpg?resize=525%2C300&ssl=1 1.5x, https:\/\/i0.wp.com\/www.cisa-arica.cl\/wp1\/wp-content\/uploads\/2022\/08\/Afiche-Ev.-Oftalmologica.jpg?resize=700%2C400&ssl=1 2x, https:\/\/i0.wp.com\/www.cisa-arica.cl\/wp1\/wp-content\/uploads\/2022\/08\/Afiche-Ev.-Oftalmologica.jpg?resize=1050%2C600&ssl=1 3x"},"classes":[]},{"id":21276,"url":"https:\/\/www.cisa-arica.cl\/wp1\/2023\/08\/09\/misa-por-curso\/","url_meta":{"origin":11971,"position":2},"title":"Misa Prekinder y Kinder","author":"CISA","date":"9 de Agosto de 2023","format":false,"excerpt":"En este mes de agosto se dio inicio a las misas por cursos, las cuales ser\u00e1n al interior de nuestra capilla. En esta oportunidad son las m\u00e1s peque\u00f1itas del colegio quienes recibieron la palabra de Dios y su bendici\u00f3n.","rel":"","context":"Entrada similar ","block_context":{"text":"Entrada similar ","link":""},"img":{"alt_text":"","src":"https:\/\/i0.wp.com\/www.cisa-arica.cl\/wp1\/wp-content\/uploads\/2023\/08\/DSC_9880.jpg?resize=350%2C200&ssl=1","width":350,"height":200,"srcset":"https:\/\/i0.wp.com\/www.cisa-arica.cl\/wp1\/wp-content\/uploads\/2023\/08\/DSC_9880.jpg?resize=350%2C200&ssl=1 1x, https:\/\/i0.wp.com\/www.cisa-arica.cl\/wp1\/wp-content\/uploads\/2023\/08\/DSC_9880.jpg?resize=525%2C300&ssl=1 1.5x, https:\/\/i0.wp.com\/www.cisa-arica.cl\/wp1\/wp-content\/uploads\/2023\/08\/DSC_9880.jpg?resize=700%2C400&ssl=1 2x, https:\/\/i0.wp.com\/www.cisa-arica.cl\/wp1\/wp-content\/uploads\/2023\/08\/DSC_9880.jpg?resize=1050%2C600&ssl=1 3x"},"classes":[]},{"id":12623,"url":"https:\/\/www.cisa-arica.cl\/wp1\/2021\/06\/08\/programa-de-salud-de-la-estudiante-junaeb\/","url_meta":{"origin":11971,"position":3},"title":"Programa de Salud Estudiante JUNAEB","author":"CISA","date":"8 de Junio de 2021","format":false,"excerpt":"Estimada comunidad educativa: Esperando se encuentren todos muy bien, queremos comunicarles que durante el mi\u00e9rcoles 09 y jueves 10 de junio se llevar\u00e1 a cabo la evaluaci\u00f3n m\u00e9dica del Programa de Salud del Estudiante de JUNAEB. Desde las 15:00 hasta las 17:00 horas (ambos d\u00edas) el ingreso al establecimiento ser\u00e1\u2026","rel":"","context":"Entrada similar ","block_context":{"text":"Entrada similar ","link":""},"img":{"alt_text":"","src":"https:\/\/i0.wp.com\/www.cisa-arica.cl\/wp1\/wp-content\/uploads\/2021\/06\/img_8476.jpg?resize=350%2C200&ssl=1","width":350,"height":200,"srcset":"https:\/\/i0.wp.com\/www.cisa-arica.cl\/wp1\/wp-content\/uploads\/2021\/06\/img_8476.jpg?resize=350%2C200&ssl=1 1x, https:\/\/i0.wp.com\/www.cisa-arica.cl\/wp1\/wp-content\/uploads\/2021\/06\/img_8476.jpg?resize=525%2C300&ssl=1 1.5x, https:\/\/i0.wp.com\/www.cisa-arica.cl\/wp1\/wp-content\/uploads\/2021\/06\/img_8476.jpg?resize=700%2C400&ssl=1 2x"},"classes":[]},{"id":12153,"url":"https:\/\/www.cisa-arica.cl\/wp1\/2021\/03\/29\/pesquisa-programa-salud-estudiante-junaeb\/","url_meta":{"origin":11971,"position":4},"title":"Pesquisa Programa Salud Estudiante JUNAEB","author":"cisa","date":"29 de Marzo de 2021","format":false,"excerpt":"Estimados padres, madres y apoderados, esperando se\u00a0encuentren todos muy bien, les comunicamos que debido a las condiciones sanitarias en las que nos encontramos, no podremos llevar a cabo las pesquisas del programa de salud del estudiante que entrega JUNAEB dentro del establecimiento educacional, programa que entrega cobertura en \u00e1reas de\u2026","rel":"","context":"Entrada similar ","block_context":{"text":"Entrada similar ","link":""},"img":{"alt_text":"","src":"https:\/\/i0.wp.com\/www.cisa-arica.cl\/wp1\/wp-content\/uploads\/2021\/03\/Encuesta-Programa-de-Salud.png?resize=350%2C200&ssl=1","width":350,"height":200,"srcset":"https:\/\/i0.wp.com\/www.cisa-arica.cl\/wp1\/wp-content\/uploads\/2021\/03\/Encuesta-Programa-de-Salud.png?resize=350%2C200&ssl=1 1x, https:\/\/i0.wp.com\/www.cisa-arica.cl\/wp1\/wp-content\/uploads\/2021\/03\/Encuesta-Programa-de-Salud.png?resize=525%2C300&ssl=1 1.5x, https:\/\/i0.wp.com\/www.cisa-arica.cl\/wp1\/wp-content\/uploads\/2021\/03\/Encuesta-Programa-de-Salud.png?resize=700%2C400&ssl=1 2x, https:\/\/i0.wp.com\/www.cisa-arica.cl\/wp1\/wp-content\/uploads\/2021\/03\/Encuesta-Programa-de-Salud.png?resize=1050%2C600&ssl=1 3x, https:\/\/i0.wp.com\/www.cisa-arica.cl\/wp1\/wp-content\/uploads\/2021\/03\/Encuesta-Programa-de-Salud.png?resize=1400%2C800&ssl=1 4x"},"classes":[]},{"id":16864,"url":"https:\/\/www.cisa-arica.cl\/wp1\/2022\/08\/04\/nuevo-horario-jornada-completa\/","url_meta":{"origin":11971,"position":5},"title":"Horarios por curso 2do Semestre (para descargar)","author":"CISA","date":"4 de Agosto de 2022","format":false,"excerpt":"A partir del pr\u00f3ximo Lunes 08 de Agosto, nuestro colegio regresa a la Jornada Escolar Completa, por los que los horarios de salida de los distintos cursos tienen modificaciones. Esta informaci\u00f3n tambi\u00e9n fue enviada a los correos institucionales, junto a los cambios en los Reforzamientos y Academias. Se sugiere tomar\u2026","rel":"","context":"Entrada similar ","block_context":{"text":"Entrada similar ","link":""},"img":{"alt_text":"","src":"https:\/\/i0.wp.com\/www.cisa-arica.cl\/wp1\/wp-content\/uploads\/2022\/08\/WhatsApp-Image-2022-08-04-at-3.59.23-PM.jpeg?resize=350%2C200&ssl=1","width":350,"height":200,"srcset":"https:\/\/i0.wp.com\/www.cisa-arica.cl\/wp1\/wp-content\/uploads\/2022\/08\/WhatsApp-Image-2022-08-04-at-3.59.23-PM.jpeg?resize=350%2C200&ssl=1 1x, https:\/\/i0.wp.com\/www.cisa-arica.cl\/wp1\/wp-content\/uploads\/2022\/08\/WhatsApp-Image-2022-08-04-at-3.59.23-PM.jpeg?resize=525%2C300&ssl=1 1.5x, https:\/\/i0.wp.com\/www.cisa-arica.cl\/wp1\/wp-content\/uploads\/2022\/08\/WhatsApp-Image-2022-08-04-at-3.59.23-PM.jpeg?resize=700%2C400&ssl=1 2x, https:\/\/i0.wp.com\/www.cisa-arica.cl\/wp1\/wp-content\/uploads\/2022\/08\/WhatsApp-Image-2022-08-04-at-3.59.23-PM.jpeg?resize=1050%2C600&ssl=1 3x"},"classes":[]}],"_links":{"self":[{"href":"https:\/\/www.cisa-arica.cl\/wp1\/wp-json\/wp\/v2\/posts\/11971","targetHints":{"allow":["GET"]}}],"collection":[{"href":"https:\/\/www.cisa-arica.cl\/wp1\/wp-json\/wp\/v2\/posts"}],"about":[{"href":"https:\/\/www.cisa-arica.cl\/wp1\/wp-json\/wp\/v2\/types\/post"}],"author":[{"embeddable":true,"href":"https:\/\/www.cisa-arica.cl\/wp1\/wp-json\/wp\/v2\/users\/1"}],"replies":[{"embeddable":true,"href":"https:\/\/www.cisa-arica.cl\/wp1\/wp-json\/wp\/v2\/comments?post=11971"}],"version-history":[{"count":3,"href":"https:\/\/www.cisa-arica.cl\/wp1\/wp-json\/wp\/v2\/posts\/11971\/revisions"}],"predecessor-version":[{"id":12002,"href":"https:\/\/www.cisa-arica.cl\/wp1\/wp-json\/wp\/v2\/posts\/11971\/revisions\/12002"}],"wp:featuredmedia":[{"embeddable":true,"href":"https:\/\/www.cisa-arica.cl\/wp1\/wp-json\/wp\/v2\/media\/11972"}],"wp:attachment":[{"href":"https:\/\/www.cisa-arica.cl\/wp1\/wp-json\/wp\/v2\/media?parent=11971"}],"wp:term":[{"taxonomy":"category","embeddable":true,"href":"https:\/\/www.cisa-arica.cl\/wp1\/wp-json\/wp\/v2\/categories?post=11971"},{"taxonomy":"post_tag","embeddable":true,"href":"https:\/\/www.cisa-arica.cl\/wp1\/wp-json\/wp\/v2\/tags?post=11971"}],"curies":[{"name":"wp","href":"https:\/\/api.w.org\/{rel}","templated":true}]}}