{"id":11632,"date":"2020-10-16T16:42:35","date_gmt":"2020-10-16T20:42:35","guid":{"rendered":"http:\/\/www.cisa-arica.cl\/wp1\/?p=11632"},"modified":"2020-10-16T17:07:24","modified_gmt":"2020-10-16T21:07:24","slug":"dia-del-profesor-2020-cisa","status":"publish","type":"post","link":"https:\/\/www.cisa-arica.cl\/wp1\/2020\/10\/16\/dia-del-profesor-2020-cisa\/","title":{"rendered":"Nuestras Estudiantes saludan a sus Profesores"},"content":{"rendered":"<figure class=\"wp-block-embed wp-block-embed-youtube is-type-video is-provider-youtube epyt-figure\"><div class=\"wp-block-embed__wrapper\"><iframe loading=\"lazy\"  id=\"_ytid_83434\"  width=\"800\" height=\"450\"  data-origwidth=\"800\" data-origheight=\"450\" src=\"https:\/\/www.youtube.com\/embed\/Sw2ujgr0avs?enablejsapi=1&autoplay=0&cc_load_policy=0&cc_lang_pref=&iv_load_policy=1&loop=0&rel=1&fs=1&playsinline=0&autohide=2&theme=dark&color=red&controls=1&disablekb=0&\" class=\"__youtube_prefs__  no-lazyload\" title=\"YouTube player\"  allow=\"fullscreen; accelerometer; autoplay; clipboard-write; encrypted-media; gyroscope; picture-in-picture; web-share\" referrerpolicy=\"strict-origin-when-cross-origin\" allowfullscreen data-no-lazy=\"1\" data-skipgform_ajax_framebjll=\"\"><\/iframe><\/div><\/figure>\n","protected":false},"excerpt":{"rendered":"","protected":false},"author":1,"featured_media":11637,"comment_status":"closed","ping_status":"open","sticky":false,"template":"template-gutenberg.php","format":"video","meta":{"_jetpack_memberships_contains_paid_content":false,"footnotes":"","jetpack_publicize_message":"","jetpack_publicize_feature_enabled":true,"jetpack_social_post_already_shared":true,"jetpack_social_options":{"image_generator_settings":{"template":"highway","default_image_id":0,"font":"","enabled":false},"version":2}},"categories":[5],"tags":[],"class_list":["post-11632","post","type-post","status-publish","format-video","has-post-thumbnail","hentry","category-uncategorized","post_format-post-format-video"],"jetpack_publicize_connections":[],"jetpack_featured_media_url":"https:\/\/www.cisa-arica.cl\/wp1\/wp-content\/uploads\/2020\/10\/img_5364.jpg","jetpack_sharing_enabled":true,"jetpack_shortlink":"https:\/\/wp.me\/p84wcz-31C","jetpack-related-posts":[{"id":17684,"url":"https:\/\/www.cisa-arica.cl\/wp1\/2022\/10\/21\/feria-cientifica-3\/","url_meta":{"origin":11632,"position":0},"title":"Feria Cient\u00edfica","author":"CISA","date":"21 de Octubre de 2022","format":false,"excerpt":"Una gran jornada cient\u00edfica-matem\u00e1tica vivieron nuestras estudiantes en la Feria de Ciencias y Matem\u00e1tica que se realiz\u00f3 el pasado viernes 21. En la oportunidad profesores de las asignaturas junto a sus estudiantes prepararon varios stand con diversas actividades l\u00fadicas para que todos los cursos tuviesen la oportunidad de participar de\u2026","rel":"","context":"Entrada similar ","block_context":{"text":"Entrada similar ","link":""},"img":{"alt_text":"","src":"https:\/\/i0.wp.com\/www.cisa-arica.cl\/wp1\/wp-content\/uploads\/2022\/10\/DSC_2840.jpg?resize=350%2C200&ssl=1","width":350,"height":200,"srcset":"https:\/\/i0.wp.com\/www.cisa-arica.cl\/wp1\/wp-content\/uploads\/2022\/10\/DSC_2840.jpg?resize=350%2C200&ssl=1 1x, https:\/\/i0.wp.com\/www.cisa-arica.cl\/wp1\/wp-content\/uploads\/2022\/10\/DSC_2840.jpg?resize=525%2C300&ssl=1 1.5x, https:\/\/i0.wp.com\/www.cisa-arica.cl\/wp1\/wp-content\/uploads\/2022\/10\/DSC_2840.jpg?resize=700%2C400&ssl=1 2x, https:\/\/i0.wp.com\/www.cisa-arica.cl\/wp1\/wp-content\/uploads\/2022\/10\/DSC_2840.jpg?resize=1050%2C600&ssl=1 3x"},"classes":[]},{"id":17490,"url":"https:\/\/www.cisa-arica.cl\/wp1\/2022\/10\/14\/celebramos-el-dia-del-profesor\/","url_meta":{"origin":11632,"position":1},"title":"Celebramos el D\u00eda del Profesor","author":"CISA","date":"14 de Octubre de 2022","format":false,"excerpt":"Con un significativo acto el Centro de Estudiantes festej\u00f3 el D\u00eda del Profesor, de la Educadora y del Asistente de la Educaci\u00f3n. En la oportunidad nuestras estudiantes con mucha alegr\u00eda prepararon diversos n\u00fameros art\u00edsticos para reconocer la importante labor que cumplen los profesores, educadoras y asistentes. Adem\u00e1s, este a\u00f1o destac\u00f3\u2026","rel":"","context":"Entrada similar ","block_context":{"text":"Entrada similar ","link":""},"img":{"alt_text":"","src":"https:\/\/i0.wp.com\/www.cisa-arica.cl\/wp1\/wp-content\/uploads\/2022\/10\/DSC_2470.jpg?resize=350%2C200&ssl=1","width":350,"height":200,"srcset":"https:\/\/i0.wp.com\/www.cisa-arica.cl\/wp1\/wp-content\/uploads\/2022\/10\/DSC_2470.jpg?resize=350%2C200&ssl=1 1x, https:\/\/i0.wp.com\/www.cisa-arica.cl\/wp1\/wp-content\/uploads\/2022\/10\/DSC_2470.jpg?resize=525%2C300&ssl=1 1.5x, https:\/\/i0.wp.com\/www.cisa-arica.cl\/wp1\/wp-content\/uploads\/2022\/10\/DSC_2470.jpg?resize=700%2C400&ssl=1 2x, https:\/\/i0.wp.com\/www.cisa-arica.cl\/wp1\/wp-content\/uploads\/2022\/10\/DSC_2470.jpg?resize=1050%2C600&ssl=1 3x, https:\/\/i0.wp.com\/www.cisa-arica.cl\/wp1\/wp-content\/uploads\/2022\/10\/DSC_2470.jpg?resize=1400%2C800&ssl=1 4x"},"classes":[]},{"id":18669,"url":"https:\/\/www.cisa-arica.cl\/wp1\/2022\/12\/06\/misa-cuartos-medios-2022\/","url_meta":{"origin":11632,"position":2},"title":"Misa Cuartos Medios 2022","author":"CISA","date":"6 de Diciembre de 2022","format":false,"excerpt":"Con una hermosa misa precedida por Monse\u00f1or Mois\u00e9s Atisha, nuestro colegio despidi\u00f3 a las estudiantes de los cuartos medios. En la oportunidad participaron Hermanas de la Congregaci\u00f3n Hijas de Santa Ana, estudiantes, profesores y familiares invitados. Fue una misa para agradecer por el camino recorrido y pedir la bendici\u00f3n para\u2026","rel":"","context":"Entrada similar ","block_context":{"text":"Entrada similar ","link":""},"img":{"alt_text":"","src":"https:\/\/i0.wp.com\/www.cisa-arica.cl\/wp1\/wp-content\/uploads\/2022\/12\/DSC_5132.jpg?resize=350%2C200&ssl=1","width":350,"height":200,"srcset":"https:\/\/i0.wp.com\/www.cisa-arica.cl\/wp1\/wp-content\/uploads\/2022\/12\/DSC_5132.jpg?resize=350%2C200&ssl=1 1x, https:\/\/i0.wp.com\/www.cisa-arica.cl\/wp1\/wp-content\/uploads\/2022\/12\/DSC_5132.jpg?resize=525%2C300&ssl=1 1.5x, https:\/\/i0.wp.com\/www.cisa-arica.cl\/wp1\/wp-content\/uploads\/2022\/12\/DSC_5132.jpg?resize=700%2C400&ssl=1 2x, https:\/\/i0.wp.com\/www.cisa-arica.cl\/wp1\/wp-content\/uploads\/2022\/12\/DSC_5132.jpg?resize=1050%2C600&ssl=1 3x"},"classes":[]},{"id":14540,"url":"https:\/\/www.cisa-arica.cl\/wp1\/2021\/12\/22\/graduacion-8-basico-b\/","url_meta":{"origin":11632,"position":3},"title":"Graduaci\u00f3n 8vo B\u00e1sico B","author":"CISA","date":"22 de Diciembre de 2021","format":false,"excerpt":"Estimada Comunidad Educativa: Felicitamos a nuestras estudiantes del Octavo B\u00e1sico B, quienes el d\u00eda de ayer Martes 21 de diciembre tuvieron su ceremonia de graduaci\u00f3n, en la cual junto a sus familias y profesores celebraron el importante paso a la Educaci\u00f3n media. \u00a1Felicitaciones! Colegio Italiano Santa Ana","rel":"","context":"Entrada similar ","block_context":{"text":"Entrada similar ","link":""},"img":{"alt_text":"","src":"https:\/\/i0.wp.com\/www.cisa-arica.cl\/wp1\/wp-content\/uploads\/2021\/12\/DSC_3630.jpg?resize=350%2C200&ssl=1","width":350,"height":200,"srcset":"https:\/\/i0.wp.com\/www.cisa-arica.cl\/wp1\/wp-content\/uploads\/2021\/12\/DSC_3630.jpg?resize=350%2C200&ssl=1 1x, https:\/\/i0.wp.com\/www.cisa-arica.cl\/wp1\/wp-content\/uploads\/2021\/12\/DSC_3630.jpg?resize=525%2C300&ssl=1 1.5x, https:\/\/i0.wp.com\/www.cisa-arica.cl\/wp1\/wp-content\/uploads\/2021\/12\/DSC_3630.jpg?resize=700%2C400&ssl=1 2x, https:\/\/i0.wp.com\/www.cisa-arica.cl\/wp1\/wp-content\/uploads\/2021\/12\/DSC_3630.jpg?resize=1050%2C600&ssl=1 3x, https:\/\/i0.wp.com\/www.cisa-arica.cl\/wp1\/wp-content\/uploads\/2021\/12\/DSC_3630.jpg?resize=1400%2C800&ssl=1 4x"},"classes":[]},{"id":12136,"url":"https:\/\/www.cisa-arica.cl\/wp1\/2021\/03\/25\/informativo-psicopedagogico-n1-la-concentracion\/","url_meta":{"origin":11632,"position":4},"title":"Informativo Psicopedag\u00f3gico N\u00b01: La Concentraci\u00f3n","author":"Jeannette Rivera","date":"25 de Marzo de 2021","format":false,"excerpt":"Estimada Familia Santa Ana: El equipo psicopedag\u00f3gico de nuestro establecimiento conformado por las psicopedagogas: Katherine Gonz\u00e1lez, Paulina Guti\u00e9rrez y Marilyn Mercado, han realizado este primer informativo sobre la concentraci\u00f3n en las m\u00e1s peque\u00f1as de nuestro hogar. La idea es acompa\u00f1arlos entregando informaci\u00f3n, tips y recomendaciones sobre temas que a veces\u2026","rel":"","context":"Entrada similar ","block_context":{"text":"Entrada similar ","link":""},"img":{"alt_text":"","src":"https:\/\/i0.wp.com\/www.cisa-arica.cl\/wp1\/wp-content\/uploads\/2021\/03\/Screenshot_9.png?resize=350%2C200&ssl=1","width":350,"height":200},"classes":[]},{"id":24573,"url":"https:\/\/www.cisa-arica.cl\/wp1\/2024\/03\/12\/resultados-simce-2023\/","url_meta":{"origin":11632,"position":5},"title":"Resultados Simce 2023","author":"Jeannette Rivera","date":"12 de Marzo de 2024","format":false,"excerpt":"Con mucho orgullo felicitamos a las estudiantes de los Cuartos B\u00e1sicos A y B \u00a0y a las estudiantes de los Segundos Medios A y B del a\u00f1o 2023, \u00a0quienes obtuvieron una destacada participaci\u00f3n en l prueba Simce \u00a0de ese a\u00f1o,,obteniendo altos resultados que las hicieron destacar \u00a0en la regi\u00f3n. Como\u2026","rel":"","context":"Entrada similar ","block_context":{"text":"Entrada similar ","link":""},"img":{"alt_text":"","src":"","width":0,"height":0},"classes":[]}],"_links":{"self":[{"href":"https:\/\/www.cisa-arica.cl\/wp1\/wp-json\/wp\/v2\/posts\/11632","targetHints":{"allow":["GET"]}}],"collection":[{"href":"https:\/\/www.cisa-arica.cl\/wp1\/wp-json\/wp\/v2\/posts"}],"about":[{"href":"https:\/\/www.cisa-arica.cl\/wp1\/wp-json\/wp\/v2\/types\/post"}],"author":[{"embeddable":true,"href":"https:\/\/www.cisa-arica.cl\/wp1\/wp-json\/wp\/v2\/users\/1"}],"replies":[{"embeddable":true,"href":"https:\/\/www.cisa-arica.cl\/wp1\/wp-json\/wp\/v2\/comments?post=11632"}],"version-history":[{"count":3,"href":"https:\/\/www.cisa-arica.cl\/wp1\/wp-json\/wp\/v2\/posts\/11632\/revisions"}],"predecessor-version":[{"id":11638,"href":"https:\/\/www.cisa-arica.cl\/wp1\/wp-json\/wp\/v2\/posts\/11632\/revisions\/11638"}],"wp:featuredmedia":[{"embeddable":true,"href":"https:\/\/www.cisa-arica.cl\/wp1\/wp-json\/wp\/v2\/media\/11637"}],"wp:attachment":[{"href":"https:\/\/www.cisa-arica.cl\/wp1\/wp-json\/wp\/v2\/media?parent=11632"}],"wp:term":[{"taxonomy":"category","embeddable":true,"href":"https:\/\/www.cisa-arica.cl\/wp1\/wp-json\/wp\/v2\/categories?post=11632"},{"taxonomy":"post_tag","embeddable":true,"href":"https:\/\/www.cisa-arica.cl\/wp1\/wp-json\/wp\/v2\/tags?post=11632"}],"curies":[{"name":"wp","href":"https:\/\/api.w.org\/{rel}","templated":true}]}}