{"id":11628,"date":"2020-10-15T21:17:22","date_gmt":"2020-10-16T01:17:22","guid":{"rendered":"http:\/\/www.cisa-arica.cl\/wp1\/?p=11628"},"modified":"2020-10-16T18:10:32","modified_gmt":"2020-10-16T22:10:32","slug":"saludos-de-nuestra-director-en-el-dia-del-profesor-y-profesora","status":"publish","type":"post","link":"https:\/\/www.cisa-arica.cl\/wp1\/2020\/10\/15\/saludos-de-nuestra-director-en-el-dia-del-profesor-y-profesora\/","title":{"rendered":"Saludos de nuestra Directora en el D\u00eda del Profesor y Profesora"},"content":{"rendered":"<p>Familia santa Ana. Los invitamos ver el saludo de nuestra Directora Hermana Adela Espinoza Zapatel.<\/p>\n<figure class=\"wp-block-embed wp-block-embed-youtube is-type-video is-provider-youtube epyt-figure\"><div class=\"wp-block-embed__wrapper\"><iframe loading=\"lazy\"  id=\"_ytid_42243\"  width=\"800\" height=\"450\"  data-origwidth=\"800\" data-origheight=\"450\" src=\"https:\/\/www.youtube.com\/embed\/Ccv38j0z78w?enablejsapi=1&autoplay=0&cc_load_policy=0&cc_lang_pref=&iv_load_policy=1&loop=0&rel=1&fs=1&playsinline=0&autohide=2&theme=dark&color=red&controls=1&disablekb=0&\" class=\"__youtube_prefs__  no-lazyload\" title=\"YouTube player\"  allow=\"fullscreen; accelerometer; autoplay; clipboard-write; encrypted-media; gyroscope; picture-in-picture; web-share\" referrerpolicy=\"strict-origin-when-cross-origin\" allowfullscreen data-no-lazy=\"1\" data-skipgform_ajax_framebjll=\"\"><\/iframe><\/div><\/figure>\n","protected":false},"excerpt":{"rendered":"<p>Familia santa Ana. Los invitamos ver el saludo de nuestra Directora Hermana Adela Espinoza Zapatel.<\/p>\n","protected":false},"author":1,"featured_media":11630,"comment_status":"closed","ping_status":"open","sticky":false,"template":"template-gutenberg.php","format":"video","meta":{"_jetpack_memberships_contains_paid_content":false,"footnotes":"","jetpack_publicize_message":"","jetpack_publicize_feature_enabled":true,"jetpack_social_post_already_shared":true,"jetpack_social_options":{"image_generator_settings":{"template":"highway","default_image_id":0,"font":"","enabled":false},"version":2}},"categories":[5],"tags":[],"class_list":["post-11628","post","type-post","status-publish","format-video","has-post-thumbnail","hentry","category-uncategorized","post_format-post-format-video"],"jetpack_publicize_connections":[],"jetpack_featured_media_url":"https:\/\/www.cisa-arica.cl\/wp1\/wp-content\/uploads\/2020\/10\/WhatsApp-Image-2020-10-15-at-21.24.35.jpeg","jetpack_sharing_enabled":true,"jetpack_shortlink":"https:\/\/wp.me\/p84wcz-31y","jetpack-related-posts":[{"id":12044,"url":"https:\/\/www.cisa-arica.cl\/wp1\/2021\/03\/04\/saludo-bienvenida-de-nuestra-directora\/","url_meta":{"origin":11628,"position":0},"title":"Saludo bienvenida de nuestra Directora","author":"CISA","date":"4 de Marzo de 2021","format":false,"excerpt":"Saludo de nuestra Directora \u00a0","rel":"","context":"Entrada similar ","block_context":{"text":"Entrada similar ","link":""},"img":{"alt_text":"","src":"","width":0,"height":0},"classes":[]},{"id":12408,"url":"https:\/\/www.cisa-arica.cl\/wp1\/2021\/05\/01\/saludo-de-hermana-directora-en-el-dia-del-trabajador\/","url_meta":{"origin":11628,"position":1},"title":"Saludo de Hermana Directora en el D\u00eda del Trabajador","author":"Jeannette Rivera","date":"1 de Mayo de 2021","format":false,"excerpt":"Estimada Comunidad Educativa: En este D\u00eda de los Trabajadores, nuestra directora Hna. Adela Espinoza Zapatel comparte el siguiente mensaje:","rel":"","context":"Entrada similar ","block_context":{"text":"Entrada similar ","link":""},"img":{"alt_text":"","src":"https:\/\/i0.wp.com\/www.cisa-arica.cl\/wp1\/wp-content\/uploads\/2021\/04\/DDT.png?resize=350%2C200&ssl=1","width":350,"height":200},"classes":[]},{"id":11176,"url":"https:\/\/www.cisa-arica.cl\/wp1\/2020\/08\/05\/inicio-de-clases-virtuales\/","url_meta":{"origin":11628,"position":2},"title":"Inicio de clases virtuales","author":"Jeannette Rivera","date":"5 de Agosto de 2020","format":false,"excerpt":"Saludos de nuestra Directora Hermana Adela Espinoza Zapatel a la comunidad educativa, quienes comienzan sus clases virtuales durante esta semana.","rel":"","context":"Entrada similar ","block_context":{"text":"Entrada similar ","link":""},"img":{"alt_text":"","src":"https:\/\/i0.wp.com\/www.cisa-arica.cl\/wp1\/wp-content\/uploads\/2020\/08\/nnnnnnnn.jpg?resize=350%2C200&ssl=1","width":350,"height":200,"srcset":"https:\/\/i0.wp.com\/www.cisa-arica.cl\/wp1\/wp-content\/uploads\/2020\/08\/nnnnnnnn.jpg?resize=350%2C200&ssl=1 1x, https:\/\/i0.wp.com\/www.cisa-arica.cl\/wp1\/wp-content\/uploads\/2020\/08\/nnnnnnnn.jpg?resize=525%2C300&ssl=1 1.5x"},"classes":[]},{"id":5909,"url":"https:\/\/www.cisa-arica.cl\/wp1\/2019\/03\/09\/bienvenida-a-hermana-lilian-cofre-2\/","url_meta":{"origin":11628,"position":3},"title":"Bienvenida a Hermana Lilian Cofr\u00e9.","author":"CISA","date":"9 de Marzo de 2019","format":false,"excerpt":"Esta semana el Equipo Directivo del colegio encabezado por nuestra directora Hermana Adela Espinoza, le dio la bienvenida a la Hermana Lilian Cofr\u00e9, nueva Superiora de la Comunidad Religiosa del Colegio Italiano Santa Ana.","rel":"","context":"Entrada similar ","block_context":{"text":"Entrada similar ","link":""},"img":{"alt_text":"","src":"https:\/\/i0.wp.com\/www.cisa-arica.cl\/wp1\/wp-content\/uploads\/2019\/03\/WhatsApp-Image-2019-03-10-at-11.07.18-1.jpeg?resize=350%2C200&ssl=1","width":350,"height":200,"srcset":"https:\/\/i0.wp.com\/www.cisa-arica.cl\/wp1\/wp-content\/uploads\/2019\/03\/WhatsApp-Image-2019-03-10-at-11.07.18-1.jpeg?resize=350%2C200&ssl=1 1x, https:\/\/i0.wp.com\/www.cisa-arica.cl\/wp1\/wp-content\/uploads\/2019\/03\/WhatsApp-Image-2019-03-10-at-11.07.18-1.jpeg?resize=525%2C300&ssl=1 1.5x, https:\/\/i0.wp.com\/www.cisa-arica.cl\/wp1\/wp-content\/uploads\/2019\/03\/WhatsApp-Image-2019-03-10-at-11.07.18-1.jpeg?resize=700%2C400&ssl=1 2x, https:\/\/i0.wp.com\/www.cisa-arica.cl\/wp1\/wp-content\/uploads\/2019\/03\/WhatsApp-Image-2019-03-10-at-11.07.18-1.jpeg?resize=1050%2C600&ssl=1 3x"},"classes":[]},{"id":10304,"url":"https:\/\/www.cisa-arica.cl\/wp1\/2020\/03\/12\/suspension-de-reuniones\/","url_meta":{"origin":11628,"position":4},"title":"SUSPENSI\u00d3N DE REUNIONES","author":"Jeannette Rivera","date":"12 de Marzo de 2020","format":false,"excerpt":"Estimado padre y apoderado: Junto con saludarle muy cordialmente informo a usted que, considerando el ambiente de inseguridad que se vive en nuestra ciudad, hemos visto conveniente suspender la reuni\u00f3n para apoderados nuevos como tambi\u00e9n la reuni\u00f3n para ense\u00f1anza media programadas para hoy jueves 12 y ma\u00f1ana viernes 13 respectivamente.\u2026","rel":"","context":"Entrada similar ","block_context":{"text":"Entrada similar ","link":""},"img":{"alt_text":"","src":"https:\/\/i0.wp.com\/www.cisa-arica.cl\/wp1\/wp-content\/uploads\/2019\/04\/cropped-LOGO_CISA_chico-2-e1557940881746.png?resize=350%2C200&ssl=1","width":350,"height":200},"classes":[]},{"id":10310,"url":"https:\/\/www.cisa-arica.cl\/wp1\/2020\/03\/13\/horario-de-salida-semana-del-16-al-20-de-marzo\/","url_meta":{"origin":11628,"position":5},"title":"Horario de salida semana 16 al 20 de marzo","author":"Jeannette Rivera","date":"13 de Marzo de 2020","format":false,"excerpt":"Estimado Padre y Apoderado: Comunico a usted el horario de salida para la semana del 16 al 20 de marzo: Desde pre kinder a 6to. B\u00e1sico: 13.00 hrs.7\u00ba b\u00e1sico a 4\u00ba medio: 13.45 hrs. Se agradece puntualidad en el retiro de las alumnas. Se insiste en que la pr\u00f3ximas informaciones\u2026","rel":"","context":"Entrada similar ","block_context":{"text":"Entrada similar ","link":""},"img":{"alt_text":"","src":"https:\/\/i0.wp.com\/www.cisa-arica.cl\/wp1\/wp-content\/uploads\/2019\/04\/cropped-LOGO_CISA_chico-2-e1557940881746.png?resize=350%2C200&ssl=1","width":350,"height":200},"classes":[]}],"_links":{"self":[{"href":"https:\/\/www.cisa-arica.cl\/wp1\/wp-json\/wp\/v2\/posts\/11628","targetHints":{"allow":["GET"]}}],"collection":[{"href":"https:\/\/www.cisa-arica.cl\/wp1\/wp-json\/wp\/v2\/posts"}],"about":[{"href":"https:\/\/www.cisa-arica.cl\/wp1\/wp-json\/wp\/v2\/types\/post"}],"author":[{"embeddable":true,"href":"https:\/\/www.cisa-arica.cl\/wp1\/wp-json\/wp\/v2\/users\/1"}],"replies":[{"embeddable":true,"href":"https:\/\/www.cisa-arica.cl\/wp1\/wp-json\/wp\/v2\/comments?post=11628"}],"version-history":[{"count":5,"href":"https:\/\/www.cisa-arica.cl\/wp1\/wp-json\/wp\/v2\/posts\/11628\/revisions"}],"predecessor-version":[{"id":11640,"href":"https:\/\/www.cisa-arica.cl\/wp1\/wp-json\/wp\/v2\/posts\/11628\/revisions\/11640"}],"wp:featuredmedia":[{"embeddable":true,"href":"https:\/\/www.cisa-arica.cl\/wp1\/wp-json\/wp\/v2\/media\/11630"}],"wp:attachment":[{"href":"https:\/\/www.cisa-arica.cl\/wp1\/wp-json\/wp\/v2\/media?parent=11628"}],"wp:term":[{"taxonomy":"category","embeddable":true,"href":"https:\/\/www.cisa-arica.cl\/wp1\/wp-json\/wp\/v2\/categories?post=11628"},{"taxonomy":"post_tag","embeddable":true,"href":"https:\/\/www.cisa-arica.cl\/wp1\/wp-json\/wp\/v2\/tags?post=11628"}],"curies":[{"name":"wp","href":"https:\/\/api.w.org\/{rel}","templated":true}]}}