{"id":11290,"date":"2020-08-17T22:27:12","date_gmt":"2020-08-18T02:27:12","guid":{"rendered":"http:\/\/www.cisa-arica.cl\/wp1\/?p=11290"},"modified":"2020-08-17T22:48:53","modified_gmt":"2020-08-18T02:48:53","slug":"condolencias-6","status":"publish","type":"post","link":"https:\/\/www.cisa-arica.cl\/wp1\/2020\/08\/17\/condolencias-6\/","title":{"rendered":"Condolencias"},"content":{"rendered":"\n<p>Querida Familia Santa Ana.<\/p>\n\n\n\n<p>Nos unimos con cari\u00f1o como comunidad educativa en oraci\u00f3n por la partida al Reino de Dios de:<\/p>\n\n\n\n<ul class=\"wp-block-list\"><li>Sra. Elena Becerra Rodr\u00edguez (Q.E.P.D)<\/li><\/ul>\n\n\n\n<p>Quien fuera madre de nuestra querida Inspectora Sra. Mireya Torres Becerra. Abuela de nuestra asistente de la educaci\u00f3n Johana Olivares Torres y de nuestra estudiante Nashmia Astudillo Urzua del Sexto B\u00e1sico B.<\/p>\n\n\n\n<p>Sabemos que la partida de una madre y abuela deja gran tristeza en el coraz\u00f3n, pero tambi\u00e9n sabemos que el amor de Dios es infinito y es consuelo para el alma en los momentos de dolor.<\/p>\n\n\n\n<p>Confiados en la promesa de la resurrecci\u00f3n, le pedimos al Se\u00f1or por el descanso eterno de Elena, para que brille en ella la luz perpetua de su rostro.<\/p>\n\n\n\n<p>&#8220;Miren el crucifijo, \u00e9l ser\u00e1 su fuerza, su gu\u00eda, su todo&#8221;<\/p>\n\n\n\n<p>Comunidad del Colegio Italiano Santa Ana.<\/p>\n","protected":false},"excerpt":{"rendered":"<p>Querida Familia Santa Ana. Nos unimos con cari\u00f1o como comunidad educativa en oraci\u00f3n por la partida al Reino de Dios de: Sra. Elena Becerra Rodr\u00edguez (Q.E.P.D) Quien fuera madre de nuestra querida Inspectora Sra. Mireya Torres Becerra. Abuela de nuestra asistente de la educaci\u00f3n Johana Olivares Torres y de nuestra estudiante Nashmia Astudillo Urzua del <a class=\"read-more\" href=\"https:\/\/www.cisa-arica.cl\/wp1\/2020\/08\/17\/condolencias-6\/\">Continuar leyendo<\/a><\/p>\n","protected":false},"author":4,"featured_media":11289,"comment_status":"closed","ping_status":"open","sticky":false,"template":"","format":"standard","meta":{"_jetpack_memberships_contains_paid_content":false,"footnotes":"","jetpack_publicize_message":"","jetpack_publicize_feature_enabled":true,"jetpack_social_post_already_shared":true,"jetpack_social_options":{"image_generator_settings":{"template":"highway","default_image_id":0,"font":"","enabled":false},"version":2}},"categories":[5],"tags":[],"class_list":["post-11290","post","type-post","status-publish","format-standard","has-post-thumbnail","hentry","category-uncategorized"],"jetpack_publicize_connections":[],"jetpack_featured_media_url":"https:\/\/www.cisa-arica.cl\/wp1\/wp-content\/uploads\/2020\/08\/17469e02-aad9-4ac9-b771-9d8684b7d0cc-1.png","jetpack_sharing_enabled":true,"jetpack_shortlink":"https:\/\/wp.me\/p84wcz-2W6","jetpack-related-posts":[{"id":10488,"url":"https:\/\/www.cisa-arica.cl\/wp1\/2020\/05\/09\/condolencias\/","url_meta":{"origin":11290,"position":0},"title":"Condolencias","author":"CISA","date":"9 de Mayo de 2020","format":false,"excerpt":"Lamentamos informar el sensible fallecimiento de Amandita, hermana de Abigail, alumna de 2do b\u00e1sico A e hija de nuestra querida ex alumna y apoderada Romina Aguirre Lazo, sabemos que no hay consuelo para tan dolorosa p\u00e9rdida, pero confiamos en Dios y nuestras madres Mar\u00eda, Santa Ana y Madre Rosa que\u2026","rel":"","context":"Entrada similar ","block_context":{"text":"Entrada similar ","link":""},"img":{"alt_text":"","src":"","width":0,"height":0},"classes":[]},{"id":11925,"url":"https:\/\/www.cisa-arica.cl\/wp1\/2021\/01\/31\/condolencias-9\/","url_meta":{"origin":11290,"position":1},"title":"Condolencias","author":"CISA","date":"31 de Enero de 2021","format":false,"excerpt":"Nos unimos como comunidad educativa \"Colegio Italiano Santa Ana\" en oraci\u00f3n por el sensible fallecimiento de: Enriqueta del Carmen Bustos Molsalves. Madre de nuestra querida Hermana Mar\u00eda Mu\u00f1oz Bustos, religiosa de la congregaci\u00f3n \"Hijas de Santa Ana\". Pedimos a Dios Padre que con profunda misericordia reciba en su morada a\u2026","rel":"","context":"Entrada similar ","block_context":{"text":"Entrada similar ","link":""},"img":{"alt_text":"","src":"https:\/\/i0.wp.com\/www.cisa-arica.cl\/wp1\/wp-content\/uploads\/2020\/09\/921db7a1-93ff-4063-8b68-3e5990dd3cd6.png?resize=350%2C200&ssl=1","width":350,"height":200,"srcset":"https:\/\/i0.wp.com\/www.cisa-arica.cl\/wp1\/wp-content\/uploads\/2020\/09\/921db7a1-93ff-4063-8b68-3e5990dd3cd6.png?resize=350%2C200&ssl=1 1x, https:\/\/i0.wp.com\/www.cisa-arica.cl\/wp1\/wp-content\/uploads\/2020\/09\/921db7a1-93ff-4063-8b68-3e5990dd3cd6.png?resize=525%2C300&ssl=1 1.5x, https:\/\/i0.wp.com\/www.cisa-arica.cl\/wp1\/wp-content\/uploads\/2020\/09\/921db7a1-93ff-4063-8b68-3e5990dd3cd6.png?resize=700%2C400&ssl=1 2x, https:\/\/i0.wp.com\/www.cisa-arica.cl\/wp1\/wp-content\/uploads\/2020\/09\/921db7a1-93ff-4063-8b68-3e5990dd3cd6.png?resize=1050%2C600&ssl=1 3x"},"classes":[]},{"id":13118,"url":"https:\/\/www.cisa-arica.cl\/wp1\/2021\/09\/10\/condolencias-11\/","url_meta":{"origin":11290,"position":2},"title":"Condolencias","author":"Jeannette Rivera","date":"10 de Septiembre de 2021","format":false,"excerpt":"La comunidad Educativa del Colegio Italiano Santa Ana acompa\u00f1a con mucho cari\u00f1o a nuestra querida Elinor R\u00edos L\u00f3pez, tras el sensible fallecimiento de su hermano: + Oscar R\u00edos L\u00f3pez Q.E.P.D. Acompa\u00f1ando el dolor que deja su partida, les acompa\u00f1amos en oraci\u00f3n. Con nuestra fe puesta en la resurrecci\u00f3n y con\u2026","rel":"","context":"Entrada similar ","block_context":{"text":"Entrada similar ","link":""},"img":{"alt_text":"","src":"https:\/\/i0.wp.com\/www.cisa-arica.cl\/wp1\/wp-content\/uploads\/2020\/09\/condolencias.png?resize=350%2C200&ssl=1","width":350,"height":200,"srcset":"https:\/\/i0.wp.com\/www.cisa-arica.cl\/wp1\/wp-content\/uploads\/2020\/09\/condolencias.png?resize=350%2C200&ssl=1 1x, https:\/\/i0.wp.com\/www.cisa-arica.cl\/wp1\/wp-content\/uploads\/2020\/09\/condolencias.png?resize=525%2C300&ssl=1 1.5x"},"classes":[]},{"id":13093,"url":"https:\/\/www.cisa-arica.cl\/wp1\/2021\/09\/07\/condolencias-10\/","url_meta":{"origin":11290,"position":3},"title":"Condolencias","author":"Jeannette Rivera","date":"7 de Septiembre de 2021","format":false,"excerpt":"La comunidad Educativa del Colegio Italiano Santa Ana acompa\u00f1a con mucho cari\u00f1o a nuestra querida profesora Fanny Cort\u00e9s Gatica, tras el sensible fallecimiento de su padre: + Luis Cort\u00e9s Ogalde\u00a0 Q.E.P.D. Sabemos que en estos momentos el dolor es inminente y que su partida deja un gran vac\u00edo en sus\u2026","rel":"","context":"Entrada similar ","block_context":{"text":"Entrada similar ","link":""},"img":{"alt_text":"","src":"https:\/\/i0.wp.com\/www.cisa-arica.cl\/wp1\/wp-content\/uploads\/2020\/09\/condolencias.png?resize=350%2C200&ssl=1","width":350,"height":200,"srcset":"https:\/\/i0.wp.com\/www.cisa-arica.cl\/wp1\/wp-content\/uploads\/2020\/09\/condolencias.png?resize=350%2C200&ssl=1 1x, https:\/\/i0.wp.com\/www.cisa-arica.cl\/wp1\/wp-content\/uploads\/2020\/09\/condolencias.png?resize=525%2C300&ssl=1 1.5x"},"classes":[]},{"id":17321,"url":"https:\/\/www.cisa-arica.cl\/wp1\/2022\/09\/28\/condolencias-15\/","url_meta":{"origin":11290,"position":4},"title":"Condolencias","author":"Jeannette Rivera","date":"28 de Septiembre de 2022","format":false,"excerpt":"Con profundo pesar comunicamos el sensible fallecimiento de don Pascual Torres quien en vida fue el pap\u00e1 de nuestra querida profesora Maritza Torres. Acompa\u00f1amos a la familia con nuestras oraciones y estamos seguros que Dios les entregar\u00e1 fortaleza y resignaci\u00f3n para estos dif\u00edciles momentos.","rel":"","context":"Entrada similar ","block_context":{"text":"Entrada similar ","link":""},"img":{"alt_text":"","src":"https:\/\/i0.wp.com\/www.cisa-arica.cl\/wp1\/wp-content\/uploads\/2022\/09\/158B49F3-4A12-42DF-9FA6-16C0B9F3F467.png?resize=350%2C200&ssl=1","width":350,"height":200,"srcset":"https:\/\/i0.wp.com\/www.cisa-arica.cl\/wp1\/wp-content\/uploads\/2022\/09\/158B49F3-4A12-42DF-9FA6-16C0B9F3F467.png?resize=350%2C200&ssl=1 1x, https:\/\/i0.wp.com\/www.cisa-arica.cl\/wp1\/wp-content\/uploads\/2022\/09\/158B49F3-4A12-42DF-9FA6-16C0B9F3F467.png?resize=525%2C300&ssl=1 1.5x"},"classes":[]},{"id":11513,"url":"https:\/\/www.cisa-arica.cl\/wp1\/2020\/09\/23\/condolencias-7\/","url_meta":{"origin":11290,"position":5},"title":"Condolencias","author":"Jeannette Rivera","date":"23 de Septiembre de 2020","format":false,"excerpt":"Estimada Familia Santa Ana: Nuestra Comunidad Educativa \"Colegio Italiano Santa Ana\" se une en oraci\u00f3n por el descanso eterno de: Gabriela Nazaret Rivera Olivares (Q.E.P.D.) ex alumna de nuestro colegio y hermana de nuestra estudiante de 2 Medio A, Martina Pimentel. Confiados en las promesas de Dios, y como una\u2026","rel":"","context":"Entrada similar ","block_context":{"text":"Entrada similar ","link":""},"img":{"alt_text":"","src":"https:\/\/i0.wp.com\/www.cisa-arica.cl\/wp1\/wp-content\/uploads\/2020\/09\/b9d1a79f-aa6b-477c-8f02-76087a1a5120-1.png?resize=350%2C200&ssl=1","width":350,"height":200},"classes":[]}],"_links":{"self":[{"href":"https:\/\/www.cisa-arica.cl\/wp1\/wp-json\/wp\/v2\/posts\/11290","targetHints":{"allow":["GET"]}}],"collection":[{"href":"https:\/\/www.cisa-arica.cl\/wp1\/wp-json\/wp\/v2\/posts"}],"about":[{"href":"https:\/\/www.cisa-arica.cl\/wp1\/wp-json\/wp\/v2\/types\/post"}],"author":[{"embeddable":true,"href":"https:\/\/www.cisa-arica.cl\/wp1\/wp-json\/wp\/v2\/users\/4"}],"replies":[{"embeddable":true,"href":"https:\/\/www.cisa-arica.cl\/wp1\/wp-json\/wp\/v2\/comments?post=11290"}],"version-history":[{"count":3,"href":"https:\/\/www.cisa-arica.cl\/wp1\/wp-json\/wp\/v2\/posts\/11290\/revisions"}],"predecessor-version":[{"id":11293,"href":"https:\/\/www.cisa-arica.cl\/wp1\/wp-json\/wp\/v2\/posts\/11290\/revisions\/11293"}],"wp:featuredmedia":[{"embeddable":true,"href":"https:\/\/www.cisa-arica.cl\/wp1\/wp-json\/wp\/v2\/media\/11289"}],"wp:attachment":[{"href":"https:\/\/www.cisa-arica.cl\/wp1\/wp-json\/wp\/v2\/media?parent=11290"}],"wp:term":[{"taxonomy":"category","embeddable":true,"href":"https:\/\/www.cisa-arica.cl\/wp1\/wp-json\/wp\/v2\/categories?post=11290"},{"taxonomy":"post_tag","embeddable":true,"href":"https:\/\/www.cisa-arica.cl\/wp1\/wp-json\/wp\/v2\/tags?post=11290"}],"curies":[{"name":"wp","href":"https:\/\/api.w.org\/{rel}","templated":true}]}}