{"id":11281,"date":"2020-08-15T12:09:43","date_gmt":"2020-08-15T16:09:43","guid":{"rendered":"http:\/\/www.cisa-arica.cl\/wp1\/?p=11281"},"modified":"2020-08-15T12:11:58","modified_gmt":"2020-08-15T16:11:58","slug":"solemnidad-de-la-asuncion-de-la-virgen-mariamodelo-y-defensora-de-los-cristianos","status":"publish","type":"post","link":"https:\/\/www.cisa-arica.cl\/wp1\/2020\/08\/15\/solemnidad-de-la-asuncion-de-la-virgen-mariamodelo-y-defensora-de-los-cristianos\/","title":{"rendered":"Solemnidad de la Asunci\u00f3n de la Virgen Mar\u00eda.<br>&#8220;Modelo y defensora de los Cristianos&#8221;"},"content":{"rendered":"\n<p>Querida Familia Santa Ana.<\/p>\n\n\n\n<p>Celebramos con alegr\u00eda la Fiesta de la Virgen Asunta Mar\u00eda por su condici\u00f3n de Madre de Jes\u00fas es llevada al cielo por los \u00e1ngeles. Ah\u00ed recibe la plenitud de santidad.<\/p>\n\n\n\n<p><br \/>&#8220;Seas bendita Santa Madre&#8221;<\/p>\n\n\n\n<p>Asunci\u00f3n de la Virgen Mar\u00eda, 15 Agosto.<\/p>\n","protected":false},"excerpt":{"rendered":"<p>Querida Familia Santa Ana. Celebramos con alegr\u00eda la Fiesta de la Virgen Asunta Mar\u00eda por su condici\u00f3n de Madre de Jes\u00fas es llevada al cielo por los \u00e1ngeles. Ah\u00ed recibe la plenitud de santidad. &#8220;Seas bendita Santa Madre&#8221; Asunci\u00f3n de la Virgen Mar\u00eda, 15 Agosto.<\/p>\n","protected":false},"author":4,"featured_media":11280,"comment_status":"closed","ping_status":"open","sticky":false,"template":"","format":"standard","meta":{"_jetpack_memberships_contains_paid_content":false,"footnotes":"","jetpack_publicize_message":"","jetpack_publicize_feature_enabled":true,"jetpack_social_post_already_shared":true,"jetpack_social_options":{"image_generator_settings":{"template":"highway","default_image_id":0,"font":"","enabled":false},"version":2}},"categories":[5],"tags":[],"class_list":["post-11281","post","type-post","status-publish","format-standard","has-post-thumbnail","hentry","category-uncategorized"],"jetpack_publicize_connections":[],"jetpack_featured_media_url":"https:\/\/www.cisa-arica.cl\/wp1\/wp-content\/uploads\/2020\/08\/b762613a-4487-4575-8945-3b6031054ce2.png","jetpack_sharing_enabled":true,"jetpack_shortlink":"https:\/\/wp.me\/p84wcz-2VX","jetpack-related-posts":[{"id":11455,"url":"https:\/\/www.cisa-arica.cl\/wp1\/2020\/09\/08\/fiesta-de-la-natividad-de-la-virgen-maria-8-de-septiembre\/","url_meta":{"origin":11281,"position":0},"title":"Fiesta de la Natividad de la Virgen Mar\u00eda.  8 de septiembre","author":"CISA","date":"8 de Septiembre de 2020","format":false,"excerpt":"Familia Santa Ana. Hoy recordamos con alegr\u00eda y devoci\u00f3n el nacimiento de la Virgen Mar\u00eda, descendiente de David, hija amada de Santa Ana y San Joaqu\u00edn. Celebremos con mucho gozo a la mujer que fue elegida para ser la madre de Jes\u00fas y nuestra madre. \"Feliz cumplea\u00f1os Virgen Mar\u00eda\" Equipo\u2026","rel":"","context":"Entrada similar ","block_context":{"text":"Entrada similar ","link":""},"img":{"alt_text":"","src":"https:\/\/i0.wp.com\/www.cisa-arica.cl\/wp1\/wp-content\/uploads\/2020\/09\/img_3055.jpg?resize=350%2C200&ssl=1","width":350,"height":200,"srcset":"https:\/\/i0.wp.com\/www.cisa-arica.cl\/wp1\/wp-content\/uploads\/2020\/09\/img_3055.jpg?resize=350%2C200&ssl=1 1x, https:\/\/i0.wp.com\/www.cisa-arica.cl\/wp1\/wp-content\/uploads\/2020\/09\/img_3055.jpg?resize=525%2C300&ssl=1 1.5x"},"classes":[]},{"id":13635,"url":"https:\/\/www.cisa-arica.cl\/wp1\/2021\/11\/15\/mes-de-maria-semana-09-a-12-de-noviembre\/","url_meta":{"origin":11281,"position":1},"title":"Mes de Mar\u00eda &#8211; Semana 09 a 12 de Noviembre","author":"Jeannette Rivera","date":"15 de Noviembre de 2021","format":false,"excerpt":"La semana pasada nuestros cursos continuaron recibiendo a la Virgen Peregrina en sus salas de clases, el Martes 09 de noviembre las estudiantes de Educaci\u00f3n Parvularia se dirigen al Tercero Medio B, cantando con alegr\u00eda y pidiendo a la Virgen por sus seres queridos: \"Regalamos Madre un Coraz\u00f3n abierto y\u2026","rel":"","context":"En &quot;galeria&quot;","block_context":{"text":"galeria","link":"https:\/\/www.cisa-arica.cl\/wp1\/category\/galeria\/"},"img":{"alt_text":"","src":"https:\/\/i0.wp.com\/www.cisa-arica.cl\/wp1\/wp-content\/uploads\/2021\/11\/004-4.jpg?resize=350%2C200&ssl=1","width":350,"height":200,"srcset":"https:\/\/i0.wp.com\/www.cisa-arica.cl\/wp1\/wp-content\/uploads\/2021\/11\/004-4.jpg?resize=350%2C200&ssl=1 1x, https:\/\/i0.wp.com\/www.cisa-arica.cl\/wp1\/wp-content\/uploads\/2021\/11\/004-4.jpg?resize=525%2C300&ssl=1 1.5x, https:\/\/i0.wp.com\/www.cisa-arica.cl\/wp1\/wp-content\/uploads\/2021\/11\/004-4.jpg?resize=700%2C400&ssl=1 2x, https:\/\/i0.wp.com\/www.cisa-arica.cl\/wp1\/wp-content\/uploads\/2021\/11\/004-4.jpg?resize=1050%2C600&ssl=1 3x"},"classes":[]},{"id":10909,"url":"https:\/\/www.cisa-arica.cl\/wp1\/2020\/07\/16\/colegio-santa-ana-saluda-a-la-virgen-del-carmen\/","url_meta":{"origin":11281,"position":2},"title":"Colegio Santa Ana saluda a la Virgen del Carmen","author":"Jeannette Rivera","date":"16 de Julio de 2020","format":false,"excerpt":"El santuario est\u00e1 cerrado\u2026Pero no el coraz\u00f3n de la Madre. Ella nos acompa\u00f1a en el caminar de nuestra vida. Hoy est\u00e1 en nuestro hogar. Que el amor de nuestra Madre Sant\u00edsima del Carmelo llegue hasta sus hogares, les bendiga y regale todo sus dones y gracia. Que les acompa\u00f1e en\u2026","rel":"","context":"Entrada similar ","block_context":{"text":"Entrada similar ","link":""},"img":{"alt_text":"","src":"","width":0,"height":0},"classes":[]},{"id":13574,"url":"https:\/\/www.cisa-arica.cl\/wp1\/2021\/11\/08\/inicio-mes-de-maria-2021\/","url_meta":{"origin":11281,"position":3},"title":"Inicio Mes de Mar\u00eda 2021","author":"Jeannette Rivera","date":"8 de Noviembre de 2021","format":false,"excerpt":"Estimada Comunidad Educativa: Bajo el lema: \"Mar\u00eda, nuestra esperanza est\u00e1 en ti\" hemos dado inicio hoy Lunes 8 de noviembre al mes dedicado a la Madre de Jes\u00fas. De forma muy emotiva han sido nuestras estudiantes de Cuartos Medios quienes han dado inicio a la peregrinaci\u00f3n de la Virgen; la\u2026","rel":"","context":"En &quot;galeria&quot;","block_context":{"text":"galeria","link":"https:\/\/www.cisa-arica.cl\/wp1\/category\/galeria\/"},"img":{"alt_text":"","src":"https:\/\/i0.wp.com\/www.cisa-arica.cl\/wp1\/wp-content\/uploads\/2021\/11\/010-1.jpg?resize=350%2C200&ssl=1","width":350,"height":200,"srcset":"https:\/\/i0.wp.com\/www.cisa-arica.cl\/wp1\/wp-content\/uploads\/2021\/11\/010-1.jpg?resize=350%2C200&ssl=1 1x, https:\/\/i0.wp.com\/www.cisa-arica.cl\/wp1\/wp-content\/uploads\/2021\/11\/010-1.jpg?resize=525%2C300&ssl=1 1.5x, https:\/\/i0.wp.com\/www.cisa-arica.cl\/wp1\/wp-content\/uploads\/2021\/11\/010-1.jpg?resize=700%2C400&ssl=1 2x, https:\/\/i0.wp.com\/www.cisa-arica.cl\/wp1\/wp-content\/uploads\/2021\/11\/010-1.jpg?resize=1050%2C600&ssl=1 3x"},"classes":[]},{"id":14236,"url":"https:\/\/www.cisa-arica.cl\/wp1\/2021\/12\/07\/finalizacion-mes-de-maria\/","url_meta":{"origin":11281,"position":4},"title":"Finalizaci\u00f3n Mes de Mar\u00eda","author":"CISA","date":"7 de Diciembre de 2021","format":false,"excerpt":"Estimada Comunidad Educativa: Las estudiantes de 5to B\u00e1sico B entre cantos y danzas a la Virgencita. Llevan la Virgen Peregrina hasta la casa de Dios, en donde la esperan las compa\u00f1eras de los Sextos B\u00e1sicos para celebrar junto a ella un liturgia de acci\u00f3n de gracias. Poniendo sus intenciones a\u2026","rel":"","context":"En &quot;galeria&quot;","block_context":{"text":"galeria","link":"https:\/\/www.cisa-arica.cl\/wp1\/category\/galeria\/"},"img":{"alt_text":"","src":"https:\/\/i0.wp.com\/www.cisa-arica.cl\/wp1\/wp-content\/uploads\/2021\/12\/DSC_2365.jpg?resize=350%2C200&ssl=1","width":350,"height":200,"srcset":"https:\/\/i0.wp.com\/www.cisa-arica.cl\/wp1\/wp-content\/uploads\/2021\/12\/DSC_2365.jpg?resize=350%2C200&ssl=1 1x, https:\/\/i0.wp.com\/www.cisa-arica.cl\/wp1\/wp-content\/uploads\/2021\/12\/DSC_2365.jpg?resize=525%2C300&ssl=1 1.5x, https:\/\/i0.wp.com\/www.cisa-arica.cl\/wp1\/wp-content\/uploads\/2021\/12\/DSC_2365.jpg?resize=700%2C400&ssl=1 2x, https:\/\/i0.wp.com\/www.cisa-arica.cl\/wp1\/wp-content\/uploads\/2021\/12\/DSC_2365.jpg?resize=1050%2C600&ssl=1 3x, https:\/\/i0.wp.com\/www.cisa-arica.cl\/wp1\/wp-content\/uploads\/2021\/12\/DSC_2365.jpg?resize=1400%2C800&ssl=1 4x"},"classes":[]},{"id":11821,"url":"https:\/\/www.cisa-arica.cl\/wp1\/2020\/12\/07\/coro-santa-ana-le-canta-a-maria\/","url_meta":{"origin":11281,"position":5},"title":"Coro Santa Ana le canta a Mar\u00eda","author":"Jeannette Rivera","date":"7 de Diciembre de 2020","format":false,"excerpt":"Estimada Comunidad Educativa: Esperando que se encuentren muy bien junto a los suyos, la familia de los colegios Italiano Santa Ana de Arica y Polit\u00e9cnico Santa Ana de Santiago se unen para cantarle a Mar\u00eda y dar el cierre a este significativo Mes de Mar\u00eda 2020. \"Contigo, Virgen del Carmen,\u2026","rel":"","context":"En &quot;CISA&quot;","block_context":{"text":"CISA","link":"https:\/\/www.cisa-arica.cl\/wp1\/category\/cisa\/"},"img":{"alt_text":"","src":"https:\/\/i0.wp.com\/www.cisa-arica.cl\/wp1\/wp-content\/uploads\/2020\/11\/Foto-entrada.jpg?resize=350%2C200&ssl=1","width":350,"height":200,"srcset":"https:\/\/i0.wp.com\/www.cisa-arica.cl\/wp1\/wp-content\/uploads\/2020\/11\/Foto-entrada.jpg?resize=350%2C200&ssl=1 1x, https:\/\/i0.wp.com\/www.cisa-arica.cl\/wp1\/wp-content\/uploads\/2020\/11\/Foto-entrada.jpg?resize=525%2C300&ssl=1 1.5x"},"classes":[]}],"_links":{"self":[{"href":"https:\/\/www.cisa-arica.cl\/wp1\/wp-json\/wp\/v2\/posts\/11281","targetHints":{"allow":["GET"]}}],"collection":[{"href":"https:\/\/www.cisa-arica.cl\/wp1\/wp-json\/wp\/v2\/posts"}],"about":[{"href":"https:\/\/www.cisa-arica.cl\/wp1\/wp-json\/wp\/v2\/types\/post"}],"author":[{"embeddable":true,"href":"https:\/\/www.cisa-arica.cl\/wp1\/wp-json\/wp\/v2\/users\/4"}],"replies":[{"embeddable":true,"href":"https:\/\/www.cisa-arica.cl\/wp1\/wp-json\/wp\/v2\/comments?post=11281"}],"version-history":[{"count":2,"href":"https:\/\/www.cisa-arica.cl\/wp1\/wp-json\/wp\/v2\/posts\/11281\/revisions"}],"predecessor-version":[{"id":11283,"href":"https:\/\/www.cisa-arica.cl\/wp1\/wp-json\/wp\/v2\/posts\/11281\/revisions\/11283"}],"wp:featuredmedia":[{"embeddable":true,"href":"https:\/\/www.cisa-arica.cl\/wp1\/wp-json\/wp\/v2\/media\/11280"}],"wp:attachment":[{"href":"https:\/\/www.cisa-arica.cl\/wp1\/wp-json\/wp\/v2\/media?parent=11281"}],"wp:term":[{"taxonomy":"category","embeddable":true,"href":"https:\/\/www.cisa-arica.cl\/wp1\/wp-json\/wp\/v2\/categories?post=11281"},{"taxonomy":"post_tag","embeddable":true,"href":"https:\/\/www.cisa-arica.cl\/wp1\/wp-json\/wp\/v2\/tags?post=11281"}],"curies":[{"name":"wp","href":"https:\/\/api.w.org\/{rel}","templated":true}]}}