{"id":11274,"date":"2020-08-12T18:07:17","date_gmt":"2020-08-12T22:07:17","guid":{"rendered":"http:\/\/www.cisa-arica.cl\/wp1\/?p=11274"},"modified":"2020-08-13T19:49:52","modified_gmt":"2020-08-13T23:49:52","slug":"condolencias-5","status":"publish","type":"post","link":"https:\/\/www.cisa-arica.cl\/wp1\/2020\/08\/12\/condolencias-5\/","title":{"rendered":"Condolencias"},"content":{"rendered":"\n<p>La Comunidad Educativa &#8220;Colegio Italiano Santa Ana&#8221; quiere hacer llegar sus m\u00e1s sentidas condolencias a la familia de nuestra estudiante, de Cuarto A\u00f1o Medio A, Rafaela Choque Orme\u00f1o. Tras en el sensible fallecimiento de su abuelita:<\/p>\n\n\n\n<ul class=\"wp-block-list\"><li>Olivia del Carmen Orme\u00f1o Pasten.<\/li><\/ul>\n\n\n\n<p>Sabemos que el amor de Dios transciende la muerte y nos regala la vida eterna. Es por eso que rezamos con fe por su descanso eterno y como una sola familia le pedimos a Santa Ana y a la Virgen Mar\u00eda les sostenga en estos momentos de dolor, regal\u00e1ndoles el consuelo que necesitan a sus corazones.<\/p>\n\n\n\n<p>Acompa\u00f1amos el sentir de la familia de nuestra estudiante Milena L\u00f3pez, del Octavo B\u00e1sico A. Quienes han experimentado la pascua de:<\/p>\n\n\n\n<ul class=\"wp-block-list\"><li>\u00c1NGELO RAMIRO PINAYA RODR\u00cdGUEZ (Q.E.P.D), un familiar muy cercano y querido.<br \/>Nuestra Comunidad Educativa se une con fe en la oraci\u00f3n para que Dios y nuestra Madre, les abrace con su paz, les cubra con su amor y puedan sentir su presencia en estos momentos dif\u00edciles.<\/li><\/ul>\n\n\n\n<p>&#8220;Miren el Crucifijo, \u00c9l ser\u00e1 su fuerza, su gu\u00eda, su todo&#8221;<\/p>\n","protected":false},"excerpt":{"rendered":"<p>La Comunidad Educativa &#8220;Colegio Italiano Santa Ana&#8221; quiere hacer llegar sus m\u00e1s sentidas condolencias a la familia de nuestra estudiante, de Cuarto A\u00f1o Medio A, Rafaela Choque Orme\u00f1o. Tras en el sensible fallecimiento de su abuelita: Olivia del Carmen Orme\u00f1o Pasten. Sabemos que el amor de Dios transciende la muerte y nos regala la vida <a class=\"read-more\" href=\"https:\/\/www.cisa-arica.cl\/wp1\/2020\/08\/12\/condolencias-5\/\">Continuar leyendo<\/a><\/p>\n","protected":false},"author":4,"featured_media":11273,"comment_status":"closed","ping_status":"open","sticky":false,"template":"","format":"standard","meta":{"_jetpack_memberships_contains_paid_content":false,"footnotes":"","jetpack_publicize_message":"","jetpack_publicize_feature_enabled":true,"jetpack_social_post_already_shared":true,"jetpack_social_options":{"image_generator_settings":{"template":"highway","default_image_id":0,"font":"","enabled":false},"version":2}},"categories":[5],"tags":[],"class_list":["post-11274","post","type-post","status-publish","format-standard","has-post-thumbnail","hentry","category-uncategorized"],"jetpack_publicize_connections":[],"jetpack_featured_media_url":"https:\/\/www.cisa-arica.cl\/wp1\/wp-content\/uploads\/2020\/08\/17469e02-aad9-4ac9-b771-9d8684b7d0cc.png","jetpack_sharing_enabled":true,"jetpack_shortlink":"https:\/\/wp.me\/p84wcz-2VQ","jetpack-related-posts":[{"id":10613,"url":"https:\/\/www.cisa-arica.cl\/wp1\/2020\/06\/09\/condolencias-3\/","url_meta":{"origin":11274,"position":0},"title":"Condolencias","author":"CISA","date":"9 de Junio de 2020","format":false,"excerpt":"Estimada Comunidad Educativa: En el infinito amor de Dios, quien nos cuida y no nos abandona a pesar del dolor y de las dificultades. Les saludamos fraternalmente para comunicar con profundo pesar la pascua de dos miembros de nuestra Comunidad Educativa:\u00a0 - Karina Troncoso Ramirez (Q.E.P.D)\u00a0\u00a0Madre de\u00a0 Daphney Vicencio estudiante\u2026","rel":"","context":"Entrada similar ","block_context":{"text":"Entrada similar ","link":""},"img":{"alt_text":"","src":"https:\/\/i0.wp.com\/www.cisa-arica.cl\/wp1\/wp-content\/uploads\/2020\/05\/SANTA-ANA-CONGREGACION.png?resize=350%2C200&ssl=1","width":350,"height":200},"classes":[]},{"id":11513,"url":"https:\/\/www.cisa-arica.cl\/wp1\/2020\/09\/23\/condolencias-7\/","url_meta":{"origin":11274,"position":1},"title":"Condolencias","author":"Jeannette Rivera","date":"23 de Septiembre de 2020","format":false,"excerpt":"Estimada Familia Santa Ana: Nuestra Comunidad Educativa \"Colegio Italiano Santa Ana\" se une en oraci\u00f3n por el descanso eterno de: Gabriela Nazaret Rivera Olivares (Q.E.P.D.) ex alumna de nuestro colegio y hermana de nuestra estudiante de 2 Medio A, Martina Pimentel. Confiados en las promesas de Dios, y como una\u2026","rel":"","context":"Entrada similar ","block_context":{"text":"Entrada similar ","link":""},"img":{"alt_text":"","src":"https:\/\/i0.wp.com\/www.cisa-arica.cl\/wp1\/wp-content\/uploads\/2020\/09\/b9d1a79f-aa6b-477c-8f02-76087a1a5120-1.png?resize=350%2C200&ssl=1","width":350,"height":200},"classes":[]},{"id":11290,"url":"https:\/\/www.cisa-arica.cl\/wp1\/2020\/08\/17\/condolencias-6\/","url_meta":{"origin":11274,"position":2},"title":"Condolencias","author":"CISA","date":"17 de Agosto de 2020","format":false,"excerpt":"Querida Familia Santa Ana. Nos unimos con cari\u00f1o como comunidad educativa en oraci\u00f3n por la partida al Reino de Dios de: Sra. Elena Becerra Rodr\u00edguez (Q.E.P.D) Quien fuera madre de nuestra querida Inspectora Sra. Mireya Torres Becerra. Abuela de nuestra asistente de la educaci\u00f3n Johana Olivares Torres y de nuestra\u2026","rel":"","context":"Entrada similar ","block_context":{"text":"Entrada similar ","link":""},"img":{"alt_text":"","src":"https:\/\/i0.wp.com\/www.cisa-arica.cl\/wp1\/wp-content\/uploads\/2020\/08\/17469e02-aad9-4ac9-b771-9d8684b7d0cc-1.png?resize=350%2C200&ssl=1","width":350,"height":200,"srcset":"https:\/\/i0.wp.com\/www.cisa-arica.cl\/wp1\/wp-content\/uploads\/2020\/08\/17469e02-aad9-4ac9-b771-9d8684b7d0cc-1.png?resize=350%2C200&ssl=1 1x, https:\/\/i0.wp.com\/www.cisa-arica.cl\/wp1\/wp-content\/uploads\/2020\/08\/17469e02-aad9-4ac9-b771-9d8684b7d0cc-1.png?resize=525%2C300&ssl=1 1.5x, https:\/\/i0.wp.com\/www.cisa-arica.cl\/wp1\/wp-content\/uploads\/2020\/08\/17469e02-aad9-4ac9-b771-9d8684b7d0cc-1.png?resize=700%2C400&ssl=1 2x, https:\/\/i0.wp.com\/www.cisa-arica.cl\/wp1\/wp-content\/uploads\/2020\/08\/17469e02-aad9-4ac9-b771-9d8684b7d0cc-1.png?resize=1050%2C600&ssl=1 3x"},"classes":[]},{"id":13093,"url":"https:\/\/www.cisa-arica.cl\/wp1\/2021\/09\/07\/condolencias-10\/","url_meta":{"origin":11274,"position":3},"title":"Condolencias","author":"Jeannette Rivera","date":"7 de Septiembre de 2021","format":false,"excerpt":"La comunidad Educativa del Colegio Italiano Santa Ana acompa\u00f1a con mucho cari\u00f1o a nuestra querida profesora Fanny Cort\u00e9s Gatica, tras el sensible fallecimiento de su padre: + Luis Cort\u00e9s Ogalde\u00a0 Q.E.P.D. Sabemos que en estos momentos el dolor es inminente y que su partida deja un gran vac\u00edo en sus\u2026","rel":"","context":"Entrada similar ","block_context":{"text":"Entrada similar ","link":""},"img":{"alt_text":"","src":"https:\/\/i0.wp.com\/www.cisa-arica.cl\/wp1\/wp-content\/uploads\/2020\/09\/condolencias.png?resize=350%2C200&ssl=1","width":350,"height":200,"srcset":"https:\/\/i0.wp.com\/www.cisa-arica.cl\/wp1\/wp-content\/uploads\/2020\/09\/condolencias.png?resize=350%2C200&ssl=1 1x, https:\/\/i0.wp.com\/www.cisa-arica.cl\/wp1\/wp-content\/uploads\/2020\/09\/condolencias.png?resize=525%2C300&ssl=1 1.5x"},"classes":[]},{"id":11173,"url":"https:\/\/www.cisa-arica.cl\/wp1\/2020\/07\/30\/condolencias-4\/","url_meta":{"origin":11274,"position":4},"title":"Condolencias","author":"CISA","date":"30 de Julio de 2020","format":false,"excerpt":"La Comunidad Educativa del nuestro Colegio Italiano Santa Ana se suma en oraci\u00f3n por el eterno descanso de PAUL RAM\u00cdREZ CHANG.Hermano de nuestra querida profesora Elizabeth Ram\u00edrez, a qui\u00e9n acompa\u00f1amos con especial cari\u00f1o. Que Dios de misericordia y amor acoja en sus manos amorosas a quien ha llamado de esta\u2026","rel":"","context":"Entrada similar ","block_context":{"text":"Entrada similar ","link":""},"img":{"alt_text":"","src":"https:\/\/i0.wp.com\/www.cisa-arica.cl\/wp1\/wp-content\/uploads\/2020\/07\/4b5de357-5dc5-487c-b492-eb115ba7decc.png?resize=350%2C200&ssl=1","width":350,"height":200,"srcset":"https:\/\/i0.wp.com\/www.cisa-arica.cl\/wp1\/wp-content\/uploads\/2020\/07\/4b5de357-5dc5-487c-b492-eb115ba7decc.png?resize=350%2C200&ssl=1 1x, https:\/\/i0.wp.com\/www.cisa-arica.cl\/wp1\/wp-content\/uploads\/2020\/07\/4b5de357-5dc5-487c-b492-eb115ba7decc.png?resize=525%2C300&ssl=1 1.5x, https:\/\/i0.wp.com\/www.cisa-arica.cl\/wp1\/wp-content\/uploads\/2020\/07\/4b5de357-5dc5-487c-b492-eb115ba7decc.png?resize=700%2C400&ssl=1 2x, https:\/\/i0.wp.com\/www.cisa-arica.cl\/wp1\/wp-content\/uploads\/2020\/07\/4b5de357-5dc5-487c-b492-eb115ba7decc.png?resize=1050%2C600&ssl=1 3x"},"classes":[]},{"id":15484,"url":"https:\/\/www.cisa-arica.cl\/wp1\/2022\/04\/29\/condolencias-12\/","url_meta":{"origin":11274,"position":5},"title":"Condolencias","author":"Jeannette Rivera","date":"29 de Abril de 2022","format":false,"excerpt":"La comunidad Educativa del Colegio Italiano Santa Ana con profundo sentimiento de dolor, acompa\u00f1a con mucho cari\u00f1o a nuestra querida profesora Marisol Morales Catacora, ante el sensible fallecimiento de su esposo, Don William Rafael Bijman L\u00f3pez Q.E.P.D. Que la misericordia de Dios llegue al coraz\u00f3n de Marisol, sus dos hijas\u2026","rel":"","context":"Entrada similar ","block_context":{"text":"Entrada similar ","link":""},"img":{"alt_text":"","src":"https:\/\/i0.wp.com\/www.cisa-arica.cl\/wp1\/wp-content\/uploads\/2020\/09\/condolencias.png?resize=350%2C200&ssl=1","width":350,"height":200,"srcset":"https:\/\/i0.wp.com\/www.cisa-arica.cl\/wp1\/wp-content\/uploads\/2020\/09\/condolencias.png?resize=350%2C200&ssl=1 1x, https:\/\/i0.wp.com\/www.cisa-arica.cl\/wp1\/wp-content\/uploads\/2020\/09\/condolencias.png?resize=525%2C300&ssl=1 1.5x"},"classes":[]}],"_links":{"self":[{"href":"https:\/\/www.cisa-arica.cl\/wp1\/wp-json\/wp\/v2\/posts\/11274","targetHints":{"allow":["GET"]}}],"collection":[{"href":"https:\/\/www.cisa-arica.cl\/wp1\/wp-json\/wp\/v2\/posts"}],"about":[{"href":"https:\/\/www.cisa-arica.cl\/wp1\/wp-json\/wp\/v2\/types\/post"}],"author":[{"embeddable":true,"href":"https:\/\/www.cisa-arica.cl\/wp1\/wp-json\/wp\/v2\/users\/4"}],"replies":[{"embeddable":true,"href":"https:\/\/www.cisa-arica.cl\/wp1\/wp-json\/wp\/v2\/comments?post=11274"}],"version-history":[{"count":3,"href":"https:\/\/www.cisa-arica.cl\/wp1\/wp-json\/wp\/v2\/posts\/11274\/revisions"}],"predecessor-version":[{"id":11278,"href":"https:\/\/www.cisa-arica.cl\/wp1\/wp-json\/wp\/v2\/posts\/11274\/revisions\/11278"}],"wp:featuredmedia":[{"embeddable":true,"href":"https:\/\/www.cisa-arica.cl\/wp1\/wp-json\/wp\/v2\/media\/11273"}],"wp:attachment":[{"href":"https:\/\/www.cisa-arica.cl\/wp1\/wp-json\/wp\/v2\/media?parent=11274"}],"wp:term":[{"taxonomy":"category","embeddable":true,"href":"https:\/\/www.cisa-arica.cl\/wp1\/wp-json\/wp\/v2\/categories?post=11274"},{"taxonomy":"post_tag","embeddable":true,"href":"https:\/\/www.cisa-arica.cl\/wp1\/wp-json\/wp\/v2\/tags?post=11274"}],"curies":[{"name":"wp","href":"https:\/\/api.w.org\/{rel}","templated":true}]}}