{"id":11270,"date":"2020-08-12T17:07:01","date_gmt":"2020-08-12T21:07:01","guid":{"rendered":"http:\/\/www.cisa-arica.cl\/wp1\/?p=11270"},"modified":"2020-08-12T17:07:01","modified_gmt":"2020-08-12T21:07:01","slug":"informativo-educacion-parvularia","status":"publish","type":"post","link":"https:\/\/www.cisa-arica.cl\/wp1\/2020\/08\/12\/informativo-educacion-parvularia\/","title":{"rendered":"INFORMATIVO EDUCACI\u00d3N PARVULARIA"},"content":{"rendered":"<div class=\"gmail_attr\" dir=\"ltr\">A los apoderados de Educaci\u00f3n Parvularia se les informa lo siguiente:<\/div>\n<div class=\"gmail_attr\" dir=\"ltr\"><\/div>\n<div dir=\"ltr\">\n<div>1. La evaluaci\u00f3n del nivel es por conceptos cualitativos:<\/div>\n<div>\u00a0 \u00a0L = Logrado<\/div>\n<div>V\/L = V\u00edas de Logro<\/div>\n<div>N\/L = No Logrado<\/div>\n<div><\/div>\n<div>2. No hay repitencia en el nivel.<\/div>\n<div><\/div>\n<div>3. A las personas que reciben material los d\u00edas mi\u00e9rcoles se les ampl\u00eda el plazo de entrega para los d\u00edas lunes.<\/div>\n<div><\/div>\n<div>4. Las educadoras llevar\u00e1n un registro de los avances de cada estudiantes, con el fin de visualizar los avances de las estudiantes.<\/div>\n<div><\/div>\n<div>5. Al t\u00e9rmino del a\u00f1o escolar, se elaborar\u00e1n los informes de acuerdo al registro individual de cada ni\u00f1a.<\/div>\n<div><\/div>\n<div>\n<div dir=\"ltr\" data-smartmail=\"gmail_signature\">\n<div dir=\"ltr\">\n<div>\n<div>\u00a0 \u00a0 \u00a0Atentamente<\/div>\n<\/div>\n<div>Equipo Directivo<\/div>\n<\/div>\n<\/div>\n<\/div>\n<\/div>\n","protected":false},"excerpt":{"rendered":"<p>A los apoderados de Educaci\u00f3n Parvularia se les informa lo siguiente: 1. La evaluaci\u00f3n del nivel es por conceptos cualitativos: \u00a0 \u00a0L = Logrado V\/L = V\u00edas de Logro N\/L = No Logrado 2. No hay repitencia en el nivel. 3. A las personas que reciben material los d\u00edas mi\u00e9rcoles se les ampl\u00eda el plazo <a class=\"read-more\" href=\"https:\/\/www.cisa-arica.cl\/wp1\/2020\/08\/12\/informativo-educacion-parvularia\/\">Continuar leyendo<\/a><\/p>\n","protected":false},"author":1,"featured_media":11271,"comment_status":"closed","ping_status":"open","sticky":false,"template":"","format":"standard","meta":{"_jetpack_memberships_contains_paid_content":false,"footnotes":"","jetpack_publicize_message":"","jetpack_publicize_feature_enabled":true,"jetpack_social_post_already_shared":true,"jetpack_social_options":{"image_generator_settings":{"template":"highway","default_image_id":0,"font":"","enabled":false},"version":2}},"categories":[5],"tags":[],"class_list":["post-11270","post","type-post","status-publish","format-standard","has-post-thumbnail","hentry","category-uncategorized"],"jetpack_publicize_connections":[],"jetpack_featured_media_url":"https:\/\/www.cisa-arica.cl\/wp1\/wp-content\/uploads\/2020\/08\/wasap.jpeg","jetpack_sharing_enabled":true,"jetpack_shortlink":"https:\/\/wp.me\/p84wcz-2VM","jetpack-related-posts":[{"id":25309,"url":"https:\/\/www.cisa-arica.cl\/wp1\/2024\/05\/14\/profesiones-y-oficio-educacion-parvularia\/","url_meta":{"origin":11270,"position":0},"title":"Profesiones y Oficio Educaci\u00f3n Parvularia","author":"Jeannette Rivera","date":"14 de Mayo de 2024","format":false,"excerpt":"Con un desfile, las estudiantes de Educaci\u00f3n Parvularia, finalizaron este viernes 10 de mayo la unidad de profesiones y oficios. Las ni\u00f1as con mucho desplante presentaron a sus compa\u00f1eras, educadoras, unidad t\u00e9cnica y asistentes su vestimenta y la funci\u00f3n que cumplen. Durante la unidad, los apoderados del nivel de educaci\u00f3n\u2026","rel":"","context":"Entrada similar ","block_context":{"text":"Entrada similar ","link":""},"img":{"alt_text":"","src":"https:\/\/i0.wp.com\/www.cisa-arica.cl\/wp1\/wp-content\/uploads\/2024\/05\/DSC_1902.jpg?resize=350%2C200&ssl=1","width":350,"height":200,"srcset":"https:\/\/i0.wp.com\/www.cisa-arica.cl\/wp1\/wp-content\/uploads\/2024\/05\/DSC_1902.jpg?resize=350%2C200&ssl=1 1x, https:\/\/i0.wp.com\/www.cisa-arica.cl\/wp1\/wp-content\/uploads\/2024\/05\/DSC_1902.jpg?resize=525%2C300&ssl=1 1.5x, https:\/\/i0.wp.com\/www.cisa-arica.cl\/wp1\/wp-content\/uploads\/2024\/05\/DSC_1902.jpg?resize=700%2C400&ssl=1 2x, https:\/\/i0.wp.com\/www.cisa-arica.cl\/wp1\/wp-content\/uploads\/2024\/05\/DSC_1902.jpg?resize=1050%2C600&ssl=1 3x, https:\/\/i0.wp.com\/www.cisa-arica.cl\/wp1\/wp-content\/uploads\/2024\/05\/DSC_1902.jpg?resize=1400%2C800&ssl=1 4x"},"classes":[]},{"id":26225,"url":"https:\/\/www.cisa-arica.cl\/wp1\/2024\/08\/14\/dia-de-la-ninez-educacion-parvularia\/","url_meta":{"origin":11270,"position":1},"title":"D\u00eda de la Ni\u00f1ez Educaci\u00f3n Parvularia","author":"Jeannette Rivera","date":"14 de Agosto de 2024","format":false,"excerpt":"Con alegr\u00eda y entusiasmo, el nivel de educaci\u00f3n parvularia festej\u00f3 el D\u00eda de la Ni\u00f1ez con la planificaci\u00f3n de una serie de actividades en donde las peque\u00f1as estudiantes pudieron disfrutar de este d\u00eda junto a sus educadoras y t\u00edas t\u00e9cnicos. \u00a0","rel":"","context":"Entrada similar ","block_context":{"text":"Entrada similar ","link":""},"img":{"alt_text":"","src":"https:\/\/i0.wp.com\/www.cisa-arica.cl\/wp1\/wp-content\/uploads\/2024\/08\/IMG_4668-scaled.jpg?resize=350%2C200&ssl=1","width":350,"height":200,"srcset":"https:\/\/i0.wp.com\/www.cisa-arica.cl\/wp1\/wp-content\/uploads\/2024\/08\/IMG_4668-scaled.jpg?resize=350%2C200&ssl=1 1x, https:\/\/i0.wp.com\/www.cisa-arica.cl\/wp1\/wp-content\/uploads\/2024\/08\/IMG_4668-scaled.jpg?resize=525%2C300&ssl=1 1.5x, https:\/\/i0.wp.com\/www.cisa-arica.cl\/wp1\/wp-content\/uploads\/2024\/08\/IMG_4668-scaled.jpg?resize=700%2C400&ssl=1 2x, https:\/\/i0.wp.com\/www.cisa-arica.cl\/wp1\/wp-content\/uploads\/2024\/08\/IMG_4668-scaled.jpg?resize=1050%2C600&ssl=1 3x, https:\/\/i0.wp.com\/www.cisa-arica.cl\/wp1\/wp-content\/uploads\/2024\/08\/IMG_4668-scaled.jpg?resize=1400%2C800&ssl=1 4x"},"classes":[]},{"id":17112,"url":"https:\/\/www.cisa-arica.cl\/wp1\/2022\/08\/26\/dia-de-la-tecnico-de-educacion-parvularia\/","url_meta":{"origin":11270,"position":2},"title":"D\u00eda de la T\u00e9cnico de Educaci\u00f3n Parvularia","author":"Jeannette Rivera","date":"26 de Agosto de 2022","format":false,"excerpt":"Muchas felicidades a las t\u00edas t\u00e9cnicos de Educaci\u00f3n Parvularia por su entrega y trabajo, el cual no s\u00f3lo es de apoyo a la educadora, sino que tambi\u00e9n es importante para el buen desarrollo de nuestras estudiantes del nivel. \u00a1Gracias por tanto!","rel":"","context":"Entrada similar ","block_context":{"text":"Entrada similar ","link":""},"img":{"alt_text":"","src":"https:\/\/i0.wp.com\/www.cisa-arica.cl\/wp1\/wp-content\/uploads\/2022\/08\/FB3855D3-A655-442F-9C6F-18DDBD5C92CC.jpeg?resize=350%2C200&ssl=1","width":350,"height":200,"srcset":"https:\/\/i0.wp.com\/www.cisa-arica.cl\/wp1\/wp-content\/uploads\/2022\/08\/FB3855D3-A655-442F-9C6F-18DDBD5C92CC.jpeg?resize=350%2C200&ssl=1 1x, https:\/\/i0.wp.com\/www.cisa-arica.cl\/wp1\/wp-content\/uploads\/2022\/08\/FB3855D3-A655-442F-9C6F-18DDBD5C92CC.jpeg?resize=525%2C300&ssl=1 1.5x, https:\/\/i0.wp.com\/www.cisa-arica.cl\/wp1\/wp-content\/uploads\/2022\/08\/FB3855D3-A655-442F-9C6F-18DDBD5C92CC.jpeg?resize=700%2C400&ssl=1 2x, https:\/\/i0.wp.com\/www.cisa-arica.cl\/wp1\/wp-content\/uploads\/2022\/08\/FB3855D3-A655-442F-9C6F-18DDBD5C92CC.jpeg?resize=1050%2C600&ssl=1 3x"},"classes":[]},{"id":16983,"url":"https:\/\/www.cisa-arica.cl\/wp1\/2022\/08\/05\/semana-del-circo-educacion-parvularia\/","url_meta":{"origin":11270,"position":3},"title":"Semana del Circo Educaci\u00f3n Parvularia","author":"Jeannette Rivera","date":"5 de Agosto de 2022","format":false,"excerpt":"La Unidad del Circo fue trabajada durante la semana del 01 al 05 de agosto en Educaci\u00f3n Parvularia. Esta unidad se cerr\u00f3 con una jornada especial en el nivel, en donde sus educadoras y t\u00edas t\u00e9cnicos, prepararon una especial funci\u00f3n de circo, la cual fue disfrutada por las estudiantes de\u2026","rel":"","context":"Entrada similar ","block_context":{"text":"Entrada similar ","link":""},"img":{"alt_text":"","src":"https:\/\/i0.wp.com\/www.cisa-arica.cl\/wp1\/wp-content\/uploads\/2022\/08\/WhatsApp-Image-2022-08-05-at-6.19.52-PM.jpeg?resize=350%2C200&ssl=1","width":350,"height":200,"srcset":"https:\/\/i0.wp.com\/www.cisa-arica.cl\/wp1\/wp-content\/uploads\/2022\/08\/WhatsApp-Image-2022-08-05-at-6.19.52-PM.jpeg?resize=350%2C200&ssl=1 1x, https:\/\/i0.wp.com\/www.cisa-arica.cl\/wp1\/wp-content\/uploads\/2022\/08\/WhatsApp-Image-2022-08-05-at-6.19.52-PM.jpeg?resize=525%2C300&ssl=1 1.5x, https:\/\/i0.wp.com\/www.cisa-arica.cl\/wp1\/wp-content\/uploads\/2022\/08\/WhatsApp-Image-2022-08-05-at-6.19.52-PM.jpeg?resize=700%2C400&ssl=1 2x, https:\/\/i0.wp.com\/www.cisa-arica.cl\/wp1\/wp-content\/uploads\/2022\/08\/WhatsApp-Image-2022-08-05-at-6.19.52-PM.jpeg?resize=1050%2C600&ssl=1 3x, https:\/\/i0.wp.com\/www.cisa-arica.cl\/wp1\/wp-content\/uploads\/2022\/08\/WhatsApp-Image-2022-08-05-at-6.19.52-PM.jpeg?resize=1400%2C800&ssl=1 4x"},"classes":[]},{"id":16379,"url":"https:\/\/www.cisa-arica.cl\/wp1\/2022\/06\/09\/dia-del-juego-en-educacion-parvularia\/","url_meta":{"origin":11270,"position":4},"title":"D\u00eda del juego en Educaci\u00f3n Parvularia","author":"Jeannette Rivera","date":"9 de Junio de 2022","format":false,"excerpt":"Una entretenida ma\u00f1ana vivieron las estudiantes de educaci\u00f3n parvularia, quienes junto a sus educadoras y t\u00edas t\u00e9cnicos participaron de una serie de juegos para conmemorar \"El d\u00eda del Juego\", actividad que est\u00e1 alineada con los planes y programas de Educaci\u00f3n Parvularia. El objetivo era visibilizar la importancia del juego como\u2026","rel":"","context":"Entrada similar ","block_context":{"text":"Entrada similar ","link":""},"img":{"alt_text":"","src":"https:\/\/i0.wp.com\/www.cisa-arica.cl\/wp1\/wp-content\/uploads\/2022\/06\/DSC_8719.jpg?resize=350%2C200&ssl=1","width":350,"height":200,"srcset":"https:\/\/i0.wp.com\/www.cisa-arica.cl\/wp1\/wp-content\/uploads\/2022\/06\/DSC_8719.jpg?resize=350%2C200&ssl=1 1x, https:\/\/i0.wp.com\/www.cisa-arica.cl\/wp1\/wp-content\/uploads\/2022\/06\/DSC_8719.jpg?resize=525%2C300&ssl=1 1.5x, https:\/\/i0.wp.com\/www.cisa-arica.cl\/wp1\/wp-content\/uploads\/2022\/06\/DSC_8719.jpg?resize=700%2C400&ssl=1 2x, https:\/\/i0.wp.com\/www.cisa-arica.cl\/wp1\/wp-content\/uploads\/2022\/06\/DSC_8719.jpg?resize=1050%2C600&ssl=1 3x"},"classes":[]},{"id":20334,"url":"https:\/\/www.cisa-arica.cl\/wp1\/2023\/05\/04\/academias-en-educacion-parvularia\/","url_meta":{"origin":11270,"position":5},"title":"Academias en Educaci\u00f3n Parvularia","author":"Jeannette Rivera","date":"4 de Mayo de 2023","format":false,"excerpt":"Nuestras peque\u00f1as estudiantes de Educaci\u00f3n Parvularia participando en la Academia de Cocina de los d\u00edas lunes de 15:30 a 16:15 horas, y en la Academia Guardianas del Mundo de los d\u00edas martes desde las 15:30 a 16:15 horas. Las educadoras a cargo de ambas academias son Jocelyn Rojas y Paula\u2026","rel":"","context":"Entrada similar ","block_context":{"text":"Entrada similar ","link":""},"img":{"alt_text":"","src":"https:\/\/i0.wp.com\/www.cisa-arica.cl\/wp1\/wp-content\/uploads\/2023\/05\/WhatsApp-Image-2023-05-04-at-09.41.331.jpeg?resize=350%2C200&ssl=1","width":350,"height":200,"srcset":"https:\/\/i0.wp.com\/www.cisa-arica.cl\/wp1\/wp-content\/uploads\/2023\/05\/WhatsApp-Image-2023-05-04-at-09.41.331.jpeg?resize=350%2C200&ssl=1 1x, https:\/\/i0.wp.com\/www.cisa-arica.cl\/wp1\/wp-content\/uploads\/2023\/05\/WhatsApp-Image-2023-05-04-at-09.41.331.jpeg?resize=525%2C300&ssl=1 1.5x, https:\/\/i0.wp.com\/www.cisa-arica.cl\/wp1\/wp-content\/uploads\/2023\/05\/WhatsApp-Image-2023-05-04-at-09.41.331.jpeg?resize=700%2C400&ssl=1 2x, https:\/\/i0.wp.com\/www.cisa-arica.cl\/wp1\/wp-content\/uploads\/2023\/05\/WhatsApp-Image-2023-05-04-at-09.41.331.jpeg?resize=1050%2C600&ssl=1 3x, https:\/\/i0.wp.com\/www.cisa-arica.cl\/wp1\/wp-content\/uploads\/2023\/05\/WhatsApp-Image-2023-05-04-at-09.41.331.jpeg?resize=1400%2C800&ssl=1 4x"},"classes":[]}],"_links":{"self":[{"href":"https:\/\/www.cisa-arica.cl\/wp1\/wp-json\/wp\/v2\/posts\/11270","targetHints":{"allow":["GET"]}}],"collection":[{"href":"https:\/\/www.cisa-arica.cl\/wp1\/wp-json\/wp\/v2\/posts"}],"about":[{"href":"https:\/\/www.cisa-arica.cl\/wp1\/wp-json\/wp\/v2\/types\/post"}],"author":[{"embeddable":true,"href":"https:\/\/www.cisa-arica.cl\/wp1\/wp-json\/wp\/v2\/users\/1"}],"replies":[{"embeddable":true,"href":"https:\/\/www.cisa-arica.cl\/wp1\/wp-json\/wp\/v2\/comments?post=11270"}],"version-history":[{"count":1,"href":"https:\/\/www.cisa-arica.cl\/wp1\/wp-json\/wp\/v2\/posts\/11270\/revisions"}],"predecessor-version":[{"id":11272,"href":"https:\/\/www.cisa-arica.cl\/wp1\/wp-json\/wp\/v2\/posts\/11270\/revisions\/11272"}],"wp:featuredmedia":[{"embeddable":true,"href":"https:\/\/www.cisa-arica.cl\/wp1\/wp-json\/wp\/v2\/media\/11271"}],"wp:attachment":[{"href":"https:\/\/www.cisa-arica.cl\/wp1\/wp-json\/wp\/v2\/media?parent=11270"}],"wp:term":[{"taxonomy":"category","embeddable":true,"href":"https:\/\/www.cisa-arica.cl\/wp1\/wp-json\/wp\/v2\/categories?post=11270"},{"taxonomy":"post_tag","embeddable":true,"href":"https:\/\/www.cisa-arica.cl\/wp1\/wp-json\/wp\/v2\/tags?post=11270"}],"curies":[{"name":"wp","href":"https:\/\/api.w.org\/{rel}","templated":true}]}}