{"id":11189,"date":"2020-08-10T18:00:00","date_gmt":"2020-08-10T22:00:00","guid":{"rendered":"http:\/\/www.cisa-arica.cl\/wp1\/?p=11189"},"modified":"2020-08-10T17:57:01","modified_gmt":"2020-08-10T21:57:01","slug":"cuentas-de-correo-institucional","status":"publish","type":"post","link":"https:\/\/www.cisa-arica.cl\/wp1\/2020\/08\/10\/cuentas-de-correo-institucional\/","title":{"rendered":"Cuentas de Correo Institucional de alumnas"},"content":{"rendered":"\n<p>Estimada Familia Santa Ana.<\/p>\n\n\n\n<p>Junto con saludar y desear que se encuentren bien junto a sus seres queridos, queremos reforzar lo estipulado en el protocolo de convivencia escolar para el ingreso a clases virtuales.<br>Por motivos de seguridad y tranquilidad de todos los integrantes de la comunidad educativa, s\u00f3lo podr\u00e1n ingresar a clases virtuales las estudiantes que tengan su cuenta institucional activada, ya que a trav\u00e9s de esta cuenta el profesor tendr\u00e1 la claridad de quien est\u00e1 ingresando a la clase, informaci\u00f3n que m\u00e1s tarde ser\u00e1 utilizada por Inspector\u00eda General para monitorear la asistencia diaria.<br>En caso de tener alguna dificultad con la activaci\u00f3n del correo puede comunicarse a soporte@cisa-arica.cl<\/p>\n\n\n\n<p>Atentamente.<\/p>\n\n\n\n<p>Equipo Directivo<\/p>\n","protected":false},"excerpt":{"rendered":"<p>Estimada Familia Santa Ana. Junto con saludar y desear que se encuentren bien junto a sus seres queridos, queremos reforzar lo estipulado en el protocolo de convivencia escolar para el ingreso a clases virtuales.Por motivos de seguridad y tranquilidad de todos los integrantes de la comunidad educativa, s\u00f3lo podr\u00e1n ingresar a clases virtuales las estudiantes <a class=\"read-more\" href=\"https:\/\/www.cisa-arica.cl\/wp1\/2020\/08\/10\/cuentas-de-correo-institucional\/\">Continuar leyendo<\/a><\/p>\n","protected":false},"author":4,"featured_media":11188,"comment_status":"closed","ping_status":"open","sticky":false,"template":"","format":"standard","meta":{"_jetpack_memberships_contains_paid_content":false,"footnotes":"","jetpack_publicize_message":"","jetpack_publicize_feature_enabled":true,"jetpack_social_post_already_shared":true,"jetpack_social_options":{"image_generator_settings":{"template":"highway","default_image_id":0,"font":"","enabled":false},"version":2}},"categories":[5],"tags":[],"class_list":["post-11189","post","type-post","status-publish","format-standard","has-post-thumbnail","hentry","category-uncategorized"],"jetpack_publicize_connections":[],"jetpack_featured_media_url":"https:\/\/www.cisa-arica.cl\/wp1\/wp-content\/uploads\/2020\/08\/ff028c7f-e1e4-4bbd-9f2b-872f27523e3e.png","jetpack_sharing_enabled":true,"jetpack_shortlink":"https:\/\/wp.me\/p84wcz-2Ut","jetpack-related-posts":[{"id":11140,"url":"https:\/\/www.cisa-arica.cl\/wp1\/2020\/07\/29\/activa-tu-cuenta-institucional-de-estudiante-cisa\/","url_meta":{"origin":11189,"position":0},"title":"Activa tu cuenta Institucional de estudiante CISA","author":"CISA","date":"29 de Julio de 2020","format":false,"excerpt":"Estimada Familia Santa Ana. Junto con saludar y desear que se encuentren bien, comunicamos que todas las estudiantes desde Educaci\u00f3n Parvularia hasta 4to a\u00f1o medio, deben activar sus cuentas institucionales personales con las que deben ingresar a las clases virtuales. El instructivo fue enviado a los correos electr\u00f3nicos de los\u2026","rel":"","context":"Entrada similar ","block_context":{"text":"Entrada similar ","link":""},"img":{"alt_text":"","src":"https:\/\/i0.wp.com\/www.cisa-arica.cl\/wp1\/wp-content\/uploads\/2020\/07\/img_2132-1.jpg?resize=350%2C200&ssl=1","width":350,"height":200,"srcset":"https:\/\/i0.wp.com\/www.cisa-arica.cl\/wp1\/wp-content\/uploads\/2020\/07\/img_2132-1.jpg?resize=350%2C200&ssl=1 1x, https:\/\/i0.wp.com\/www.cisa-arica.cl\/wp1\/wp-content\/uploads\/2020\/07\/img_2132-1.jpg?resize=525%2C300&ssl=1 1.5x"},"classes":[]},{"id":12018,"url":"https:\/\/www.cisa-arica.cl\/wp1\/2021\/03\/02\/informativo\/","url_meta":{"origin":11189,"position":1},"title":"Informativo","author":"CISA","date":"2 de Marzo de 2021","format":false,"excerpt":"Estimada Comunidad Educativa: Dando inicio al a\u00f1o escolar les recordamos que las clases virtuales comienzan el d\u00eda jueves 4 de Marzo a trav\u00e9s de la aplicaci\u00f3n meet, donde a cada estudiante le llegar\u00e1 una invitaci\u00f3n a su correo institucional para conectarse a la clase. Para abrir el correo institucional debe\u2026","rel":"","context":"Entrada similar ","block_context":{"text":"Entrada similar ","link":""},"img":{"alt_text":"","src":"https:\/\/i0.wp.com\/www.cisa-arica.cl\/wp1\/wp-content\/uploads\/2021\/03\/Informativo.jpg?resize=350%2C200&ssl=1","width":350,"height":200,"srcset":"https:\/\/i0.wp.com\/www.cisa-arica.cl\/wp1\/wp-content\/uploads\/2021\/03\/Informativo.jpg?resize=350%2C200&ssl=1 1x, https:\/\/i0.wp.com\/www.cisa-arica.cl\/wp1\/wp-content\/uploads\/2021\/03\/Informativo.jpg?resize=525%2C300&ssl=1 1.5x, https:\/\/i0.wp.com\/www.cisa-arica.cl\/wp1\/wp-content\/uploads\/2021\/03\/Informativo.jpg?resize=700%2C400&ssl=1 2x"},"classes":[]},{"id":12127,"url":"https:\/\/www.cisa-arica.cl\/wp1\/2021\/03\/19\/protocolo-para-estudiantes-y-apoderados-en-clases-virtuales\/","url_meta":{"origin":11189,"position":2},"title":"Protocolo para Estudiantes y Apoderados en Clases virtuales","author":"CISA","date":"19 de Marzo de 2021","format":false,"excerpt":"PROTOCOLO PARA ESTUDIANTES Y APODERADOS CLASES VIRTUALES Cada bloque de clases on line, tendr\u00e1 una duraci\u00f3n de 60 minutos y un periodo de recreo de 20 minutos.Para esto se utilizar\u00e1 la aplicaci\u00f3n meet, donde cada estudiante ingresar\u00e1 s\u00f3lo con su correo institucional creado por el Establecimiento. Esta aplicaci\u00f3n permite la\u2026","rel":"","context":"Entrada similar ","block_context":{"text":"Entrada similar ","link":""},"img":{"alt_text":"","src":"","width":0,"height":0},"classes":[]},{"id":11958,"url":"https:\/\/www.cisa-arica.cl\/wp1\/2021\/02\/23\/11958\/","url_meta":{"origin":11189,"position":3},"title":"Informativo a\u00f1o escolar 2021","author":"CISA","date":"23 de Febrero de 2021","format":false,"excerpt":"Estimada Comunidad Educativa. Junto con saludar y desear que se encuentren bien a pocos d\u00edas del inicio del a\u00f1o escolar, queremos recordar que, seg\u00fan lo declarado por el MINEDUC, este a\u00f1o 2021 ser\u00e1 Flexible, Gradual y Convenido, por lo queinformamos lo siguiente: Las clases inician el d\u00eda Jueves 4 de\u2026","rel":"","context":"Entrada similar ","block_context":{"text":"Entrada similar ","link":""},"img":{"alt_text":"","src":"https:\/\/i0.wp.com\/www.cisa-arica.cl\/wp1\/wp-content\/uploads\/2021\/02\/bd5e0105-660a-4ad2-88c0-e81817f44a1b.png?resize=350%2C200&ssl=1","width":350,"height":200},"classes":[]},{"id":27986,"url":"https:\/\/www.cisa-arica.cl\/wp1\/2025\/02\/26\/27986\/","url_meta":{"origin":11189,"position":4},"title":"Informativo A\u00f1o Escolar 2025","author":"Jeannette Rivera","date":"26 de Febrero de 2025","format":false,"excerpt":"Estimadas madres, padres y apoderados: Reciban todos un cordial saludo de bienvenida a este nuevo a\u00f1o escolar 2025, en donde deseamos que Dios y Santa Ana nos acompa\u00f1e en este nuevo caminar junto a nuestras queridas estudiantes. A trav\u00e9s de este informativo se comunica el siguiente horario para dar inicio\u2026","rel":"","context":"Entrada similar ","block_context":{"text":"Entrada similar ","link":""},"img":{"alt_text":"","src":"https:\/\/i0.wp.com\/www.cisa-arica.cl\/wp1\/wp-content\/uploads\/2025\/02\/IMG_3601-1.jpeg?resize=350%2C200&ssl=1","width":350,"height":200,"srcset":"https:\/\/i0.wp.com\/www.cisa-arica.cl\/wp1\/wp-content\/uploads\/2025\/02\/IMG_3601-1.jpeg?resize=350%2C200&ssl=1 1x, https:\/\/i0.wp.com\/www.cisa-arica.cl\/wp1\/wp-content\/uploads\/2025\/02\/IMG_3601-1.jpeg?resize=525%2C300&ssl=1 1.5x, https:\/\/i0.wp.com\/www.cisa-arica.cl\/wp1\/wp-content\/uploads\/2025\/02\/IMG_3601-1.jpeg?resize=700%2C400&ssl=1 2x"},"classes":[]},{"id":10450,"url":"https:\/\/www.cisa-arica.cl\/wp1\/2020\/04\/27\/informacion-retorno-a-clases-virtuales\/","url_meta":{"origin":11189,"position":5},"title":"Informaci\u00f3n retorno a Clases Virtuales","author":"Jeannette Rivera","date":"27 de Abril de 2020","format":false,"excerpt":"Estimados Apoderados: Esperando se encuentren bien junto a sus familias, informamos a Ustedes que hoy lunes 27 de Abril se retoman las clases virtuales a trav\u00e9s de nuestra plataforma Institucional www.aulavirtualsantaana.cl . Se adjunta el instructivo para hacer uso de la plataforma: Instructivo Plataforma Virtual Saludos cordiales. Equipo Directivo.","rel":"","context":"Entrada similar ","block_context":{"text":"Entrada similar ","link":""},"img":{"alt_text":"","src":"https:\/\/i0.wp.com\/www.cisa-arica.cl\/wp1\/wp-content\/uploads\/2019\/04\/cropped-LOGO_CISA_chico-2-e1557940881746.png?resize=350%2C200&ssl=1","width":350,"height":200},"classes":[]}],"_links":{"self":[{"href":"https:\/\/www.cisa-arica.cl\/wp1\/wp-json\/wp\/v2\/posts\/11189","targetHints":{"allow":["GET"]}}],"collection":[{"href":"https:\/\/www.cisa-arica.cl\/wp1\/wp-json\/wp\/v2\/posts"}],"about":[{"href":"https:\/\/www.cisa-arica.cl\/wp1\/wp-json\/wp\/v2\/types\/post"}],"author":[{"embeddable":true,"href":"https:\/\/www.cisa-arica.cl\/wp1\/wp-json\/wp\/v2\/users\/4"}],"replies":[{"embeddable":true,"href":"https:\/\/www.cisa-arica.cl\/wp1\/wp-json\/wp\/v2\/comments?post=11189"}],"version-history":[{"count":2,"href":"https:\/\/www.cisa-arica.cl\/wp1\/wp-json\/wp\/v2\/posts\/11189\/revisions"}],"predecessor-version":[{"id":11225,"href":"https:\/\/www.cisa-arica.cl\/wp1\/wp-json\/wp\/v2\/posts\/11189\/revisions\/11225"}],"wp:featuredmedia":[{"embeddable":true,"href":"https:\/\/www.cisa-arica.cl\/wp1\/wp-json\/wp\/v2\/media\/11188"}],"wp:attachment":[{"href":"https:\/\/www.cisa-arica.cl\/wp1\/wp-json\/wp\/v2\/media?parent=11189"}],"wp:term":[{"taxonomy":"category","embeddable":true,"href":"https:\/\/www.cisa-arica.cl\/wp1\/wp-json\/wp\/v2\/categories?post=11189"},{"taxonomy":"post_tag","embeddable":true,"href":"https:\/\/www.cisa-arica.cl\/wp1\/wp-json\/wp\/v2\/tags?post=11189"}],"curies":[{"name":"wp","href":"https:\/\/api.w.org\/{rel}","templated":true}]}}