{"id":10527,"date":"2020-05-22T02:28:49","date_gmt":"2020-05-22T02:28:49","guid":{"rendered":"http:\/\/www.cisa-arica.cl\/wp1\/?p=10527"},"modified":"2020-06-07T00:39:24","modified_gmt":"2020-06-07T00:39:24","slug":"concurso-fotocisa","status":"publish","type":"post","link":"https:\/\/www.cisa-arica.cl\/wp1\/2020\/05\/22\/concurso-fotocisa\/","title":{"rendered":"Concurso FOTOCISA"},"content":{"rendered":"\n<p><strong>Estimada Comunidad Educativa.<\/strong><br>Junto con saludar y deseando que se encuentren bien junto a su familia, el Equipo Psicosocial junto a Convivencia Escolar, los invita a participar del concurso&nbsp; de fotograf\u00eda&nbsp;<strong>&#8220;Me expreso en cuarentena&#8221;<\/strong>, para ello se adjuntan las bases del concurso el cual tiene 4 categor\u00edas.<\/p>\n\n\n\n<p>1era Categor\u00eda: Estudiantes de 5to a 8avo B\u00e1sico.<\/p>\n\n\n\n<p>2da Categor\u00eda: &nbsp; Estudiantes de 1ero a 4to medio.<\/p>\n\n\n\n<p><strong>3era categor\u00eda: &nbsp; Profesores y asistentes de la educaci\u00f3n.<\/strong><\/p>\n\n\n\n<p>4ta categor\u00eda: \u00a0 \u00a0 Padres y Apoderados de todos los niveles.<br>Para inscribirte debes enviar una ficha con tus datos a\u00a0<a rel=\"noreferrer noopener\" href=\"mailto:convivencia.escolar@cisa-arica.cl\" target=\"_blank\">convivencia.escolar@cisa-arica.cl<\/a>.<br>L@s esperamos<\/p>\n\n\n\n<p><br><strong>Equipo Psicosocial y Convivencia Escolar<\/strong><\/p>\n\n\n\n<figure class=\"wp-block-image size-large\"><img loading=\"lazy\" decoding=\"async\" width=\"424\" height=\"600\" data-attachment-id=\"10529\" data-permalink=\"https:\/\/www.cisa-arica.cl\/wp1\/2020\/05\/22\/concurso-fotocisa\/attachment\/2\/\" data-orig-file=\"https:\/\/www.cisa-arica.cl\/wp1\/wp-content\/uploads\/2020\/05\/2.png\" data-orig-size=\"1587,2245\" data-comments-opened=\"0\" data-image-meta=\"{&quot;aperture&quot;:&quot;0&quot;,&quot;credit&quot;:&quot;&quot;,&quot;camera&quot;:&quot;&quot;,&quot;caption&quot;:&quot;&quot;,&quot;created_timestamp&quot;:&quot;0&quot;,&quot;copyright&quot;:&quot;&quot;,&quot;focal_length&quot;:&quot;0&quot;,&quot;iso&quot;:&quot;0&quot;,&quot;shutter_speed&quot;:&quot;0&quot;,&quot;title&quot;:&quot;&quot;,&quot;orientation&quot;:&quot;0&quot;}\" data-image-title=\"2\" data-image-description=\"\" data-image-caption=\"\" data-large-file=\"https:\/\/www.cisa-arica.cl\/wp1\/wp-content\/uploads\/2020\/05\/2-424x600.png\" src=\"http:\/\/www.cisa-arica.cl\/wp1\/wp-content\/uploads\/2020\/05\/2-424x600.png\" alt=\"\" class=\"wp-image-10529\" srcset=\"https:\/\/www.cisa-arica.cl\/wp1\/wp-content\/uploads\/2020\/05\/2-424x600.png 424w, https:\/\/www.cisa-arica.cl\/wp1\/wp-content\/uploads\/2020\/05\/2-212x300.png 212w, https:\/\/www.cisa-arica.cl\/wp1\/wp-content\/uploads\/2020\/05\/2-768x1086.png 768w, https:\/\/www.cisa-arica.cl\/wp1\/wp-content\/uploads\/2020\/05\/2-1086x1536.png 1086w, https:\/\/www.cisa-arica.cl\/wp1\/wp-content\/uploads\/2020\/05\/2-1448x2048.png 1448w, https:\/\/www.cisa-arica.cl\/wp1\/wp-content\/uploads\/2020\/05\/2.png 1587w\" sizes=\"auto, (max-width: 424px) 100vw, 424px\" \/><\/figure>\n\n\n\n<div class=\"wp-block-file\"><a href=\"http:\/\/www.cisa-arica.cl\/wp1\/wp-content\/uploads\/2020\/05\/BASES-FOTOCISA-2020.pdf\">BASES FOTOCISA 2020<\/a><a href=\"http:\/\/www.cisa-arica.cl\/wp1\/wp-content\/uploads\/2020\/05\/BASES-FOTOCISA-2020.pdf\" class=\"wp-block-file__button\" download>Descargar<\/a><\/div>\n\n\n\n<div class=\"wp-block-file\"><a href=\"http:\/\/www.cisa-arica.cl\/wp1\/wp-content\/uploads\/2020\/05\/Ficha-de-inscripci\u00f3n-concurso-de-fotograf\u00eda-2020.docx\">Ficha de inscripci\u00f3n concurso de fotograf\u00eda 2020<\/a><a href=\"http:\/\/www.cisa-arica.cl\/wp1\/wp-content\/uploads\/2020\/05\/Ficha-de-inscripci\u00f3n-concurso-de-fotograf\u00eda-2020.docx\" class=\"wp-block-file__button\" download>Descargar<\/a><\/div>\n","protected":false},"excerpt":{"rendered":"<p>Estimada Comunidad Educativa.Junto con saludar y deseando que se encuentren bien junto a su familia, el Equipo Psicosocial junto a Convivencia Escolar, los invita a participar del concurso&nbsp; de fotograf\u00eda&nbsp;&#8220;Me expreso en cuarentena&#8221;, para ello se adjuntan las bases del concurso el cual tiene 4 categor\u00edas. 1era Categor\u00eda: Estudiantes de 5to a 8avo B\u00e1sico. 2da <a class=\"read-more\" href=\"https:\/\/www.cisa-arica.cl\/wp1\/2020\/05\/22\/concurso-fotocisa\/\">Continuar leyendo<\/a><\/p>\n","protected":false},"author":1,"featured_media":10528,"comment_status":"closed","ping_status":"open","sticky":false,"template":"","format":"standard","meta":{"_jetpack_memberships_contains_paid_content":false,"footnotes":"","jetpack_publicize_message":"","jetpack_publicize_feature_enabled":true,"jetpack_social_post_already_shared":true,"jetpack_social_options":{"image_generator_settings":{"template":"highway","default_image_id":0,"font":"","enabled":false},"version":2}},"categories":[5],"tags":[],"class_list":["post-10527","post","type-post","status-publish","format-standard","has-post-thumbnail","hentry","category-uncategorized"],"jetpack_publicize_connections":[],"jetpack_featured_media_url":"https:\/\/www.cisa-arica.cl\/wp1\/wp-content\/uploads\/2020\/05\/1.png","jetpack_sharing_enabled":true,"jetpack_shortlink":"https:\/\/wp.me\/p84wcz-2JN","jetpack-related-posts":[{"id":10831,"url":"https:\/\/www.cisa-arica.cl\/wp1\/2020\/06\/30\/concurso-de-ciencias-creando-me-protejo\/","url_meta":{"origin":10527,"position":0},"title":"Concurso de Ciencias &#8220;Creando me protejo&#8221;","author":"cisa","date":"30 de Junio de 2020","format":false,"excerpt":"Estimada comunidad educativa.Junto con saludar y desear que se encuentren bien junto a los suyos, el departamento de\u00a0ciencias\u00a0junto a convivencia escolar, los invitan a participar del\u00a0\u00a0concurso\u00a0titulado\u00a0\"Creando me protejo\"\u00a0para \u00e9sto deben utilizar toda su creatividad y desarrollar un producto innovador y \u00fatil para este tiempo de pandemia.\u00a0An\u00edmate a participar en una\u2026","rel":"","context":"Entrada similar ","block_context":{"text":"Entrada similar ","link":""},"img":{"alt_text":"","src":"https:\/\/i0.wp.com\/www.cisa-arica.cl\/wp1\/wp-content\/uploads\/2020\/06\/2-2.png?resize=350%2C200&ssl=1","width":350,"height":200,"srcset":"https:\/\/i0.wp.com\/www.cisa-arica.cl\/wp1\/wp-content\/uploads\/2020\/06\/2-2.png?resize=350%2C200&ssl=1 1x, https:\/\/i0.wp.com\/www.cisa-arica.cl\/wp1\/wp-content\/uploads\/2020\/06\/2-2.png?resize=525%2C300&ssl=1 1.5x, https:\/\/i0.wp.com\/www.cisa-arica.cl\/wp1\/wp-content\/uploads\/2020\/06\/2-2.png?resize=700%2C400&ssl=1 2x, https:\/\/i0.wp.com\/www.cisa-arica.cl\/wp1\/wp-content\/uploads\/2020\/06\/2-2.png?resize=1050%2C600&ssl=1 3x, https:\/\/i0.wp.com\/www.cisa-arica.cl\/wp1\/wp-content\/uploads\/2020\/06\/2-2.png?resize=1400%2C800&ssl=1 4x"},"classes":[]},{"id":11112,"url":"https:\/\/www.cisa-arica.cl\/wp1\/2020\/07\/26\/resultados-concurso-de-ciencias\/","url_meta":{"origin":10527,"position":1},"title":"Resultados Concurso de Ciencias","author":"cisa","date":"26 de Julio de 2020","format":false,"excerpt":"Estimada comunidad educativa: Invitamos a conocer los ganadores del concurso de Ciencias \u201cCreando me protejo\u201d, recordar que las categor\u00edas del concurso son las siguientes: 1era Categor\u00eda: Estudiantes de 5to a 6to B\u00e1sico. 2da Categor\u00eda: Estudiantes de 7mo a 1ro medio. 3era categor\u00eda: Estudiantes de 2do a 4to medio. 4ta categor\u00eda:\u2026","rel":"","context":"Entrada similar ","block_context":{"text":"Entrada similar ","link":""},"img":{"alt_text":"","src":"https:\/\/i0.wp.com\/www.cisa-arica.cl\/wp1\/wp-content\/uploads\/2020\/07\/1.jpg?resize=350%2C200&ssl=1","width":350,"height":200,"srcset":"https:\/\/i0.wp.com\/www.cisa-arica.cl\/wp1\/wp-content\/uploads\/2020\/07\/1.jpg?resize=350%2C200&ssl=1 1x, https:\/\/i0.wp.com\/www.cisa-arica.cl\/wp1\/wp-content\/uploads\/2020\/07\/1.jpg?resize=525%2C300&ssl=1 1.5x, https:\/\/i0.wp.com\/www.cisa-arica.cl\/wp1\/wp-content\/uploads\/2020\/07\/1.jpg?resize=700%2C400&ssl=1 2x, https:\/\/i0.wp.com\/www.cisa-arica.cl\/wp1\/wp-content\/uploads\/2020\/07\/1.jpg?resize=1050%2C600&ssl=1 3x"},"classes":[]},{"id":27387,"url":"https:\/\/www.cisa-arica.cl\/wp1\/2024\/11\/18\/estudiantes-participantes-concurso-museo-del-mar\/","url_meta":{"origin":10527,"position":2},"title":"Estudiantes participantes concurso Museo del Mar","author":"Jeannette Rivera","date":"18 de Noviembre de 2024","format":false,"excerpt":"Un grupo de estudiantes acept\u00f3 la convocatoria al 2do concurso del Museo del Mar que se realiz\u00f3 el s\u00e1bado 16 de noviembre en el Plaza Grecia. En la oportunidad se obtuvo los siguientes lugares: Categor\u00eda 10- 12 Pascal Monz\u00f3n 7\u00b0A 1er lugarKendra D\u00edaz 6\u00b0B 2do lugar Categor\u00eda 13-15 Kather\u00edn Peralta\u2026","rel":"","context":"Entrada similar ","block_context":{"text":"Entrada similar ","link":""},"img":{"alt_text":"","src":"https:\/\/i0.wp.com\/www.cisa-arica.cl\/wp1\/wp-content\/uploads\/2024\/11\/WhatsApp-Image-2024-11-19-at-5.30.18-PM.jpeg?resize=350%2C200&ssl=1","width":350,"height":200,"srcset":"https:\/\/i0.wp.com\/www.cisa-arica.cl\/wp1\/wp-content\/uploads\/2024\/11\/WhatsApp-Image-2024-11-19-at-5.30.18-PM.jpeg?resize=350%2C200&ssl=1 1x, https:\/\/i0.wp.com\/www.cisa-arica.cl\/wp1\/wp-content\/uploads\/2024\/11\/WhatsApp-Image-2024-11-19-at-5.30.18-PM.jpeg?resize=525%2C300&ssl=1 1.5x, https:\/\/i0.wp.com\/www.cisa-arica.cl\/wp1\/wp-content\/uploads\/2024\/11\/WhatsApp-Image-2024-11-19-at-5.30.18-PM.jpeg?resize=700%2C400&ssl=1 2x, https:\/\/i0.wp.com\/www.cisa-arica.cl\/wp1\/wp-content\/uploads\/2024\/11\/WhatsApp-Image-2024-11-19-at-5.30.18-PM.jpeg?resize=1050%2C600&ssl=1 3x"},"classes":[]},{"id":10878,"url":"https:\/\/www.cisa-arica.cl\/wp1\/2020\/07\/10\/ganadores-concurso-literario\/","url_meta":{"origin":10527,"position":3},"title":"Resultados Concurso Literario","author":"Jeannette Rivera","date":"10 de Julio de 2020","format":false,"excerpt":"Estimada comunidad educativa: Invitamos a conocer los ganadores del concurso literario \u201cMi vida en cuarentena\", recordar que las categor\u00edas del concurso son las siguientes: 1\u00b0 Categor\u00eda: Estudiantes de 5\u00b0 y 6\u00b0 b\u00e1sico.2\u00b0 Categor\u00eda: Estudiantes de 7\u00b0b\u00e1sico a 1\u00b0 medio.3\u00b0 categor\u00eda: Estudiantes de 2\u00b0 a 4\u00b0 medio.4\u00b0 categor\u00eda: Padres y Apoderados\u2026","rel":"","context":"Entrada similar ","block_context":{"text":"Entrada similar ","link":""},"img":{"alt_text":"","src":"https:\/\/i0.wp.com\/www.cisa-arica.cl\/wp1\/wp-content\/uploads\/2020\/07\/resultados.png?resize=350%2C200&ssl=1","width":350,"height":200},"classes":[]},{"id":19577,"url":"https:\/\/www.cisa-arica.cl\/wp1\/2023\/03\/31\/destacada-participacion-en-concurso-pictorico\/","url_meta":{"origin":10527,"position":4},"title":"Destacada participaci\u00f3n en Concurso Pict\u00f3rico","author":"Jeannette Rivera","date":"31 de Marzo de 2023","format":false,"excerpt":"Una destacada participaci\u00f3n tuvo la profesora de Artes Cristina Ordo\u00f1ez junto a la estudiante del 4to medio A Constanza Iba\u00f1ez quien obtuvo el tercer lugar en su categor\u00eda, mientras que la profesora obtuvo el segundo lugar. Ambas fueron premiadas por sus respectivos trabajos. Muchas felicitaciones y esperamos que este sea\u2026","rel":"","context":"Entrada similar ","block_context":{"text":"Entrada similar ","link":""},"img":{"alt_text":"","src":"https:\/\/i0.wp.com\/www.cisa-arica.cl\/wp1\/wp-content\/uploads\/2023\/03\/6AAA58AD-6005-487B-AE9E-C6B1E62CBED2.jpeg?resize=350%2C200&ssl=1","width":350,"height":200,"srcset":"https:\/\/i0.wp.com\/www.cisa-arica.cl\/wp1\/wp-content\/uploads\/2023\/03\/6AAA58AD-6005-487B-AE9E-C6B1E62CBED2.jpeg?resize=350%2C200&ssl=1 1x, https:\/\/i0.wp.com\/www.cisa-arica.cl\/wp1\/wp-content\/uploads\/2023\/03\/6AAA58AD-6005-487B-AE9E-C6B1E62CBED2.jpeg?resize=525%2C300&ssl=1 1.5x, https:\/\/i0.wp.com\/www.cisa-arica.cl\/wp1\/wp-content\/uploads\/2023\/03\/6AAA58AD-6005-487B-AE9E-C6B1E62CBED2.jpeg?resize=700%2C400&ssl=1 2x, https:\/\/i0.wp.com\/www.cisa-arica.cl\/wp1\/wp-content\/uploads\/2023\/03\/6AAA58AD-6005-487B-AE9E-C6B1E62CBED2.jpeg?resize=1050%2C600&ssl=1 3x, https:\/\/i0.wp.com\/www.cisa-arica.cl\/wp1\/wp-content\/uploads\/2023\/03\/6AAA58AD-6005-487B-AE9E-C6B1E62CBED2.jpeg?resize=1400%2C800&ssl=1 4x"},"classes":[]},{"id":10761,"url":"https:\/\/www.cisa-arica.cl\/wp1\/2020\/06\/22\/ganadoras-concurso-de-fotografia\/","url_meta":{"origin":10527,"position":5},"title":"Ganadoras concurso de fotograf\u00eda","author":"Jeannette Rivera","date":"22 de Junio de 2020","format":false,"excerpt":"Estimada comunidad Educativa: Los invitamos a conocer las ganadoras del concurso de fotograf\u00eda \u201cMe expreso en cuarentena\u201d, recordar que las categor\u00edas del concurso son las siguientes: 1era Categor\u00eda: Estudiantes de 5to a 8vo B\u00e1sico.\u00a02da Categor\u00eda: Estudiantes de 1ero a 4to medio.\u00a03era categor\u00eda: Padres y Apoderados de todos los niveles.\u00a0 \u00a0As\u00ed\u2026","rel":"","context":"Entrada similar ","block_context":{"text":"Entrada similar ","link":""},"img":{"alt_text":"","src":"https:\/\/i0.wp.com\/www.cisa-arica.cl\/wp1\/wp-content\/uploads\/2020\/06\/Screenshot_1.png?resize=350%2C200&ssl=1","width":350,"height":200},"classes":[]}],"_links":{"self":[{"href":"https:\/\/www.cisa-arica.cl\/wp1\/wp-json\/wp\/v2\/posts\/10527","targetHints":{"allow":["GET"]}}],"collection":[{"href":"https:\/\/www.cisa-arica.cl\/wp1\/wp-json\/wp\/v2\/posts"}],"about":[{"href":"https:\/\/www.cisa-arica.cl\/wp1\/wp-json\/wp\/v2\/types\/post"}],"author":[{"embeddable":true,"href":"https:\/\/www.cisa-arica.cl\/wp1\/wp-json\/wp\/v2\/users\/1"}],"replies":[{"embeddable":true,"href":"https:\/\/www.cisa-arica.cl\/wp1\/wp-json\/wp\/v2\/comments?post=10527"}],"version-history":[{"count":5,"href":"https:\/\/www.cisa-arica.cl\/wp1\/wp-json\/wp\/v2\/posts\/10527\/revisions"}],"predecessor-version":[{"id":10540,"href":"https:\/\/www.cisa-arica.cl\/wp1\/wp-json\/wp\/v2\/posts\/10527\/revisions\/10540"}],"wp:featuredmedia":[{"embeddable":true,"href":"https:\/\/www.cisa-arica.cl\/wp1\/wp-json\/wp\/v2\/media\/10528"}],"wp:attachment":[{"href":"https:\/\/www.cisa-arica.cl\/wp1\/wp-json\/wp\/v2\/media?parent=10527"}],"wp:term":[{"taxonomy":"category","embeddable":true,"href":"https:\/\/www.cisa-arica.cl\/wp1\/wp-json\/wp\/v2\/categories?post=10527"},{"taxonomy":"post_tag","embeddable":true,"href":"https:\/\/www.cisa-arica.cl\/wp1\/wp-json\/wp\/v2\/tags?post=10527"}],"curies":[{"name":"wp","href":"https:\/\/api.w.org\/{rel}","templated":true}]}}