{"id":10522,"date":"2020-05-20T03:06:24","date_gmt":"2020-05-20T03:06:24","guid":{"rendered":"http:\/\/www.cisa-arica.cl\/wp1\/?p=10522"},"modified":"2020-05-20T03:08:36","modified_gmt":"2020-05-20T03:08:36","slug":"set-de-utiles-junaeb","status":"publish","type":"post","link":"https:\/\/www.cisa-arica.cl\/wp1\/2020\/05\/20\/set-de-utiles-junaeb\/","title":{"rendered":"Set de \u00fatiles JUNAEB"},"content":{"rendered":"\n<p>Estimada Comunidad Educativa.<\/p>\n\n\n\n<p><br>Recuerden que, durante toda esta semana se har\u00e1&nbsp; entrega&nbsp; del set \u00fatiles escolares JUNAEB a todas las estudiantes, desde 1er a\u00f1o b\u00e1sico a 4to a\u00f1o medio. No olvide asistir tomado todas las medidas de seguridad.<\/p>\n\n\n\n<p><br>AtentamenteEquipo Psicosocial<\/p>\n","protected":false},"excerpt":{"rendered":"<p>Estimada Comunidad Educativa. Recuerden que, durante toda esta semana se har\u00e1&nbsp; entrega&nbsp; del set \u00fatiles escolares JUNAEB a todas las estudiantes, desde 1er a\u00f1o b\u00e1sico a 4to a\u00f1o medio. No olvide asistir tomado todas las medidas de seguridad. AtentamenteEquipo Psicosocial<\/p>\n","protected":false},"author":1,"featured_media":10524,"comment_status":"closed","ping_status":"open","sticky":false,"template":"","format":"standard","meta":{"_jetpack_memberships_contains_paid_content":false,"footnotes":"","jetpack_publicize_message":"","jetpack_publicize_feature_enabled":true,"jetpack_social_post_already_shared":true,"jetpack_social_options":{"image_generator_settings":{"template":"highway","default_image_id":0,"font":"","enabled":false},"version":2}},"categories":[5],"tags":[],"class_list":["post-10522","post","type-post","status-publish","format-standard","has-post-thumbnail","hentry","category-uncategorized"],"jetpack_publicize_connections":[],"jetpack_featured_media_url":"https:\/\/www.cisa-arica.cl\/wp1\/wp-content\/uploads\/2020\/05\/WhatsApp-Image-2020-05-19-at-21.43.55.jpeg","jetpack_sharing_enabled":true,"jetpack_shortlink":"https:\/\/wp.me\/p84wcz-2JI","jetpack-related-posts":[{"id":5947,"url":"https:\/\/www.cisa-arica.cl\/wp1\/2019\/03\/14\/entrega-de-textos-escolares-y-programa-de-utiles-escolares-junaeb\/","url_meta":{"origin":10522,"position":0},"title":"Entrega de textos escolares y Programa de \u00datiles Escolares JUNAEB","author":"Jeannette Rivera","date":"14 de Marzo de 2019","format":false,"excerpt":"Durante esta semana el CRA del Colegio Santa Ana finaliz\u00f3 la entrega de textos escolares enviados por el Ministerio a la gran mayor\u00eda de nuestras alumnas desde pre kinder a cuarto medio. Por otra parte, el equipo directivo tambi\u00e9n realiz\u00f3 la entrega de los sets de \u00fatiles escolares enviado por\u2026","rel":"","context":"Entrada similar ","block_context":{"text":"Entrada similar ","link":""},"img":{"alt_text":"","src":"https:\/\/i0.wp.com\/www.cisa-arica.cl\/wp1\/wp-content\/uploads\/2019\/03\/002.jpeg?resize=350%2C200&ssl=1","width":350,"height":200,"srcset":"https:\/\/i0.wp.com\/www.cisa-arica.cl\/wp1\/wp-content\/uploads\/2019\/03\/002.jpeg?resize=350%2C200&ssl=1 1x, https:\/\/i0.wp.com\/www.cisa-arica.cl\/wp1\/wp-content\/uploads\/2019\/03\/002.jpeg?resize=525%2C300&ssl=1 1.5x, https:\/\/i0.wp.com\/www.cisa-arica.cl\/wp1\/wp-content\/uploads\/2019\/03\/002.jpeg?resize=700%2C400&ssl=1 2x"},"classes":[]},{"id":13319,"url":"https:\/\/www.cisa-arica.cl\/wp1\/2021\/10\/13\/entrega-utiles-escolares-junaeb\/","url_meta":{"origin":10522,"position":1},"title":"Entrega \u00datiles Escolares JUNAEB","author":"Jeannette Rivera","date":"13 de Octubre de 2021","format":false,"excerpt":"Estimados Apoderados: Ma\u00f1ana Jueves 14 de octubre desde las 14:30 hasta las 16:00 horas se har\u00e1 entrega de los sets de \u00fatiles escolares JUNAEB para las estudiantes de todos los cursos. La entrega se realizar\u00e1 en las dependencias del colegio. Atentamente, Equipo Psicosocial CISA","rel":"","context":"Entrada similar ","block_context":{"text":"Entrada similar ","link":""},"img":{"alt_text":"","src":"https:\/\/i0.wp.com\/www.cisa-arica.cl\/wp1\/wp-content\/uploads\/2021\/10\/indice-3.jpg?resize=350%2C200&ssl=1","width":350,"height":200,"srcset":"https:\/\/i0.wp.com\/www.cisa-arica.cl\/wp1\/wp-content\/uploads\/2021\/10\/indice-3.jpg?resize=350%2C200&ssl=1 1x, https:\/\/i0.wp.com\/www.cisa-arica.cl\/wp1\/wp-content\/uploads\/2021\/10\/indice-3.jpg?resize=525%2C300&ssl=1 1.5x, https:\/\/i0.wp.com\/www.cisa-arica.cl\/wp1\/wp-content\/uploads\/2021\/10\/indice-3.jpg?resize=700%2C400&ssl=1 2x"},"classes":[]},{"id":14529,"url":"https:\/\/www.cisa-arica.cl\/wp1\/2021\/12\/21\/informacion-postulacion-becas-junaeb-2022\/","url_meta":{"origin":10522,"position":2},"title":"Informaci\u00f3n Becas JUNAEB 2022","author":"Jeannette Rivera","date":"21 de Diciembre de 2021","format":false,"excerpt":"Estimados apoderados y estudiantes: Informamos que a partir de este 20 de diciembre hasta el 21 de enero se abren los plazos para renovar y postular a las varias Becas que entrega JUNAEB para el pr\u00f3ximo a\u00f1o, el tr\u00e1mite se realiza de manera online en el portal de la p\u00e1gina\u2026","rel":"","context":"Entrada similar ","block_context":{"text":"Entrada similar ","link":""},"img":{"alt_text":"","src":"https:\/\/i0.wp.com\/www.cisa-arica.cl\/wp1\/wp-content\/uploads\/2021\/12\/03.jpg?resize=350%2C200&ssl=1","width":350,"height":200,"srcset":"https:\/\/i0.wp.com\/www.cisa-arica.cl\/wp1\/wp-content\/uploads\/2021\/12\/03.jpg?resize=350%2C200&ssl=1 1x, https:\/\/i0.wp.com\/www.cisa-arica.cl\/wp1\/wp-content\/uploads\/2021\/12\/03.jpg?resize=525%2C300&ssl=1 1.5x, https:\/\/i0.wp.com\/www.cisa-arica.cl\/wp1\/wp-content\/uploads\/2021\/12\/03.jpg?resize=700%2C400&ssl=1 2x, https:\/\/i0.wp.com\/www.cisa-arica.cl\/wp1\/wp-content\/uploads\/2021\/12\/03.jpg?resize=1050%2C600&ssl=1 3x"},"classes":[]},{"id":19176,"url":"https:\/\/www.cisa-arica.cl\/wp1\/2022\/12\/16\/acto-de-clausura-del-ano-escolar-2022\/","url_meta":{"origin":10522,"position":3},"title":"Acto de Clausura del A\u00f1o Escolar 2022","author":"Jeannette Rivera","date":"16 de Diciembre de 2022","format":false,"excerpt":"Se informa a toda la comunidad que el d\u00eda Lunes 19 de diciembre\u00a0se realizar\u00e1 en nuestro colegio el \"Acto de Clausura del A\u00f1o Escolar 2022\" Las estudiantes podr\u00e1n asistir con disfraz o ropa de calle (esta \u00faltima acorde a las normativas del colegio) y sin maquillaje ni cabellos tinturados. Este\u2026","rel":"","context":"Entrada similar ","block_context":{"text":"Entrada similar ","link":""},"img":{"alt_text":"","src":"https:\/\/i0.wp.com\/www.cisa-arica.cl\/wp1\/wp-content\/uploads\/2022\/12\/fin-1.png?resize=350%2C200&ssl=1","width":350,"height":200,"srcset":"https:\/\/i0.wp.com\/www.cisa-arica.cl\/wp1\/wp-content\/uploads\/2022\/12\/fin-1.png?resize=350%2C200&ssl=1 1x, https:\/\/i0.wp.com\/www.cisa-arica.cl\/wp1\/wp-content\/uploads\/2022\/12\/fin-1.png?resize=525%2C300&ssl=1 1.5x, https:\/\/i0.wp.com\/www.cisa-arica.cl\/wp1\/wp-content\/uploads\/2022\/12\/fin-1.png?resize=700%2C400&ssl=1 2x"},"classes":[]},{"id":10510,"url":"https:\/\/www.cisa-arica.cl\/wp1\/2020\/05\/14\/programa-junaeb-yo-elijo-mi-pc\/","url_meta":{"origin":10522,"position":4},"title":"Programa JUNAEB \u201cYo elijo mi PC\u201d","author":"CISA","date":"14 de Mayo de 2020","format":false,"excerpt":"Estimada Comunidad Educativa. Durante la 1era semana de mayo, funcionarios del MINEDUC \u00a0hicieron entrega en su domicilio de un notebook m\u00e1s 11 meses de internet a las estudiantes de los 7mos b\u00e1sicos que fueron beneficiadas tras una postulaci\u00f3n realizada el a\u00f1o 2019 al programa \u201cYo elijo mi PC\u201d de JUNAEB.\u00a0\u2026","rel":"","context":"Entrada similar ","block_context":{"text":"Entrada similar ","link":""},"img":{"alt_text":"","src":"https:\/\/i0.wp.com\/www.cisa-arica.cl\/wp1\/wp-content\/uploads\/2020\/05\/WhatsApp-Image-2020-05-14-at-11.38.28.jpeg?resize=350%2C200&ssl=1","width":350,"height":200,"srcset":"https:\/\/i0.wp.com\/www.cisa-arica.cl\/wp1\/wp-content\/uploads\/2020\/05\/WhatsApp-Image-2020-05-14-at-11.38.28.jpeg?resize=350%2C200&ssl=1 1x, https:\/\/i0.wp.com\/www.cisa-arica.cl\/wp1\/wp-content\/uploads\/2020\/05\/WhatsApp-Image-2020-05-14-at-11.38.28.jpeg?resize=525%2C300&ssl=1 1.5x, https:\/\/i0.wp.com\/www.cisa-arica.cl\/wp1\/wp-content\/uploads\/2020\/05\/WhatsApp-Image-2020-05-14-at-11.38.28.jpeg?resize=700%2C400&ssl=1 2x"},"classes":[]},{"id":11660,"url":"https:\/\/www.cisa-arica.cl\/wp1\/2020\/10\/27\/atencion-medica-junaeb-uta\/","url_meta":{"origin":10522,"position":5},"title":"Atenci\u00f3n M\u00e9dica alianza JUNAEB UTA.","author":"CISA","date":"27 de Octubre de 2020","format":false,"excerpt":"Estimada comunidad educativa:Les informamos que JUNAEB en convenio con la Universidad de Tarapac\u00e1 ponen a disposici\u00f3n el centro m\u00e9dico de atenci\u00f3n integral con atenci\u00f3n de m\u00e9dicos pediatras digirida a las estudiantes de 4 a 18 a\u00f1os de edad.Para esto pueden contactarse directamente con la enfermera coordinadora del programa Viviana N\u00fa\u00f1ez\u2026","rel":"","context":"Entrada similar ","block_context":{"text":"Entrada similar ","link":""},"img":{"alt_text":"","src":"https:\/\/i0.wp.com\/www.cisa-arica.cl\/wp1\/wp-content\/uploads\/2020\/10\/76c3b4cd-c2b0-4c6c-9fe4-304ace316651.png?resize=350%2C200&ssl=1","width":350,"height":200,"srcset":"https:\/\/i0.wp.com\/www.cisa-arica.cl\/wp1\/wp-content\/uploads\/2020\/10\/76c3b4cd-c2b0-4c6c-9fe4-304ace316651.png?resize=350%2C200&ssl=1 1x, https:\/\/i0.wp.com\/www.cisa-arica.cl\/wp1\/wp-content\/uploads\/2020\/10\/76c3b4cd-c2b0-4c6c-9fe4-304ace316651.png?resize=525%2C300&ssl=1 1.5x, https:\/\/i0.wp.com\/www.cisa-arica.cl\/wp1\/wp-content\/uploads\/2020\/10\/76c3b4cd-c2b0-4c6c-9fe4-304ace316651.png?resize=700%2C400&ssl=1 2x, https:\/\/i0.wp.com\/www.cisa-arica.cl\/wp1\/wp-content\/uploads\/2020\/10\/76c3b4cd-c2b0-4c6c-9fe4-304ace316651.png?resize=1050%2C600&ssl=1 3x"},"classes":[]}],"_links":{"self":[{"href":"https:\/\/www.cisa-arica.cl\/wp1\/wp-json\/wp\/v2\/posts\/10522","targetHints":{"allow":["GET"]}}],"collection":[{"href":"https:\/\/www.cisa-arica.cl\/wp1\/wp-json\/wp\/v2\/posts"}],"about":[{"href":"https:\/\/www.cisa-arica.cl\/wp1\/wp-json\/wp\/v2\/types\/post"}],"author":[{"embeddable":true,"href":"https:\/\/www.cisa-arica.cl\/wp1\/wp-json\/wp\/v2\/users\/1"}],"replies":[{"embeddable":true,"href":"https:\/\/www.cisa-arica.cl\/wp1\/wp-json\/wp\/v2\/comments?post=10522"}],"version-history":[{"count":2,"href":"https:\/\/www.cisa-arica.cl\/wp1\/wp-json\/wp\/v2\/posts\/10522\/revisions"}],"predecessor-version":[{"id":10525,"href":"https:\/\/www.cisa-arica.cl\/wp1\/wp-json\/wp\/v2\/posts\/10522\/revisions\/10525"}],"wp:featuredmedia":[{"embeddable":true,"href":"https:\/\/www.cisa-arica.cl\/wp1\/wp-json\/wp\/v2\/media\/10524"}],"wp:attachment":[{"href":"https:\/\/www.cisa-arica.cl\/wp1\/wp-json\/wp\/v2\/media?parent=10522"}],"wp:term":[{"taxonomy":"category","embeddable":true,"href":"https:\/\/www.cisa-arica.cl\/wp1\/wp-json\/wp\/v2\/categories?post=10522"},{"taxonomy":"post_tag","embeddable":true,"href":"https:\/\/www.cisa-arica.cl\/wp1\/wp-json\/wp\/v2\/tags?post=10522"}],"curies":[{"name":"wp","href":"https:\/\/api.w.org\/{rel}","templated":true}]}}