{"id":10517,"date":"2020-05-17T00:52:43","date_gmt":"2020-05-17T00:52:43","guid":{"rendered":"http:\/\/www.cisa-arica.cl\/wp1\/?p=10517"},"modified":"2020-05-17T00:52:43","modified_gmt":"2020-05-17T00:52:43","slug":"informativo-foro","status":"publish","type":"post","link":"https:\/\/www.cisa-arica.cl\/wp1\/2020\/05\/17\/informativo-foro\/","title":{"rendered":"Informativo Foro"},"content":{"rendered":"\n<p>Estimados Apoderados:<\/p>\n\n\n\n<p><br>Esperando se encuentren bien junto a sus familias, informamos a Ustedes que cambiamos la modalidad de comunicaci\u00f3n para aclarar dudas pedag\u00f3gicas, ya que el chat de la plataforma no dio un \u00f3ptimo resultado. A partir de esta semana, ocuparemos el foro de la plataforma, donde se podr\u00e1n dejar escritas las consultas pedag\u00f3gicas a los profesores, los docentes diariamente responder\u00e1n a \u00e9stas hasta las 13:00 hrs, en caso de realizar una consulta despu\u00e9s de esa hora se responder\u00e1 al d\u00eda siguiente.<br>Se adjunta instructivo para ingresar al foro.<\/p>\n\n\n\n<p><br>Saludos cordiales.<\/p>\n\n\n\n<p><br>Equipo Directivo<\/p>\n\n\n\n<div class=\"wp-block-file\"><a href=\"http:\/\/www.cisa-arica.cl\/wp1\/wp-content\/uploads\/2020\/05\/INSTRUCTIVO-CREAR-CONSULTA-AL-FORO.pdf\">Instructivo para usar el foro<\/a><a href=\"http:\/\/www.cisa-arica.cl\/wp1\/wp-content\/uploads\/2020\/05\/INSTRUCTIVO-CREAR-CONSULTA-AL-FORO.pdf\" class=\"wp-block-file__button\" download>Descargar<\/a><\/div>\n","protected":false},"excerpt":{"rendered":"<p>Estimados Apoderados: Esperando se encuentren bien junto a sus familias, informamos a Ustedes que cambiamos la modalidad de comunicaci\u00f3n para aclarar dudas pedag\u00f3gicas, ya que el chat de la plataforma no dio un \u00f3ptimo resultado. A partir de esta semana, ocuparemos el foro de la plataforma, donde se podr\u00e1n dejar escritas las consultas pedag\u00f3gicas a <a class=\"read-more\" href=\"https:\/\/www.cisa-arica.cl\/wp1\/2020\/05\/17\/informativo-foro\/\">Continuar leyendo<\/a><\/p>\n","protected":false},"author":1,"featured_media":0,"comment_status":"closed","ping_status":"open","sticky":false,"template":"","format":"standard","meta":{"_jetpack_memberships_contains_paid_content":false,"footnotes":"","jetpack_publicize_message":"","jetpack_publicize_feature_enabled":true,"jetpack_social_post_already_shared":true,"jetpack_social_options":{"image_generator_settings":{"template":"highway","default_image_id":0,"font":"","enabled":false},"version":2}},"categories":[5],"tags":[],"class_list":["post-10517","post","type-post","status-publish","format-standard","hentry","category-uncategorized"],"jetpack_publicize_connections":[],"jetpack_featured_media_url":"","jetpack_sharing_enabled":true,"jetpack_shortlink":"https:\/\/wp.me\/p84wcz-2JD","jetpack-related-posts":[{"id":10787,"url":"https:\/\/www.cisa-arica.cl\/wp1\/2020\/06\/26\/informativo-trabajo-pedagogico\/","url_meta":{"origin":10517,"position":0},"title":"Informativo Trabajo Pedag\u00f3gico","author":"Jeannette Rivera","date":"26 de Junio de 2020","format":false,"excerpt":"Debido a la situaci\u00f3n que afecta al pa\u00eds y la suspensi\u00f3n de clases presenciales, el colegio decide adquirir una plataforma virtual www.aulavirtualsantaana.cl para facilitar la entrega de aprendizajes a nuestras estudiantes y adem\u00e1s se adquiere la aplicaci\u00f3n de mensajer\u00eda de textos \u201cPapinotas\u201d, la cual no requiere de\u00a0 conexi\u00f3n a Internet,\u2026","rel":"","context":"Entrada similar ","block_context":{"text":"Entrada similar ","link":""},"img":{"alt_text":"","src":"https:\/\/i0.wp.com\/www.cisa-arica.cl\/wp1\/wp-content\/uploads\/2020\/06\/Amarillo-Rosa-Azul-Rebajas-Hashtag-Ganar-Redes-Sociales-Publicaci%C3%B3n.png?resize=350%2C200&ssl=1","width":350,"height":200,"srcset":"https:\/\/i0.wp.com\/www.cisa-arica.cl\/wp1\/wp-content\/uploads\/2020\/06\/Amarillo-Rosa-Azul-Rebajas-Hashtag-Ganar-Redes-Sociales-Publicaci%C3%B3n.png?resize=350%2C200&ssl=1 1x, https:\/\/i0.wp.com\/www.cisa-arica.cl\/wp1\/wp-content\/uploads\/2020\/06\/Amarillo-Rosa-Azul-Rebajas-Hashtag-Ganar-Redes-Sociales-Publicaci%C3%B3n.png?resize=525%2C300&ssl=1 1.5x, https:\/\/i0.wp.com\/www.cisa-arica.cl\/wp1\/wp-content\/uploads\/2020\/06\/Amarillo-Rosa-Azul-Rebajas-Hashtag-Ganar-Redes-Sociales-Publicaci%C3%B3n.png?resize=700%2C400&ssl=1 2x"},"classes":[]},{"id":10103,"url":"https:\/\/www.cisa-arica.cl\/wp1\/2019\/11\/18\/comunicado-3\/","url_meta":{"origin":10517,"position":1},"title":"COMUNICADO","author":"Jeannette Rivera","date":"18 de Noviembre de 2019","format":false,"excerpt":"Se informa a toda la Comunidad Educativa, especialmente padres y apoderados, que las clases a\u00fan se mantienen suspendidas ya que no existen las condiciones de seguridad para reanudar las actividades pedag\u00f3gicas. Cualquier novedad ser\u00e1 informada a trav\u00e9s de este medio. Agradezco de antemano la acogida y comprensi\u00f3n, saluda atentamente a\u2026","rel":"","context":"Entrada similar ","block_context":{"text":"Entrada similar ","link":""},"img":{"alt_text":"","src":"https:\/\/i0.wp.com\/www.cisa-arica.cl\/wp1\/wp-content\/uploads\/2019\/04\/cropped-LOGO_CISA_chico-2-e1557940881746.png?resize=350%2C200&ssl=1","width":350,"height":200},"classes":[]},{"id":10601,"url":"https:\/\/www.cisa-arica.cl\/wp1\/2020\/08\/05\/correos-de-profesores\/","url_meta":{"origin":10517,"position":2},"title":"CORREOS INSTITUCIONALES DE LOS DOCENTES","author":"CISA","date":"5 de Agosto de 2020","format":false,"excerpt":"Estimados Apoderados: Junto con saludar y deseando se encuentren bien, damos a conocer los correos institucionales de los docentes del Establecimiento para que Ud. pueda realizar consultas de car\u00e1cter pedag\u00f3gico, las cuales ser\u00e1n contestadas de 8:30 a\u00a0 13:00 hrs.\u00a0 Recuerde que adem\u00e1s puede realizar\u00a0 consultas pedag\u00f3gicas en el mismo horario\u2026","rel":"","context":"Entrada similar ","block_context":{"text":"Entrada similar ","link":""},"img":{"alt_text":"","src":"https:\/\/i0.wp.com\/www.cisa-arica.cl\/wp1\/wp-content\/uploads\/2020\/06\/JEFATURAS-1.png?resize=350%2C200&ssl=1","width":350,"height":200,"srcset":"https:\/\/i0.wp.com\/www.cisa-arica.cl\/wp1\/wp-content\/uploads\/2020\/06\/JEFATURAS-1.png?resize=350%2C200&ssl=1 1x, https:\/\/i0.wp.com\/www.cisa-arica.cl\/wp1\/wp-content\/uploads\/2020\/06\/JEFATURAS-1.png?resize=525%2C300&ssl=1 1.5x, https:\/\/i0.wp.com\/www.cisa-arica.cl\/wp1\/wp-content\/uploads\/2020\/06\/JEFATURAS-1.png?resize=700%2C400&ssl=1 2x, https:\/\/i0.wp.com\/www.cisa-arica.cl\/wp1\/wp-content\/uploads\/2020\/06\/JEFATURAS-1.png?resize=1050%2C600&ssl=1 3x"},"classes":[]},{"id":11108,"url":"https:\/\/www.cisa-arica.cl\/wp1\/2020\/07\/27\/programa-propedeutico-pedagogico-uta-para-1eros-y-2dos-medios-2020\/","url_meta":{"origin":10517,"position":3},"title":"Programa Proped\u00e9utico Pedag\u00f3gico UTA, para 1eros  y 2dos medios 2020.","author":"CISA","date":"27 de Julio de 2020","format":false,"excerpt":"Junto con expresar un cordial saludos, informamos que la Universidad de Tarapac\u00e1 invita a las estudiantes de 1\u00b0 y 2\u00b0 a\u00f1o medio a participar del Programa Proped\u00e9utico L\u00ednea Pedag\u00f3gica UTA a\u00f1o 2020. El programa busca fortalecer las competencias acad\u00e9micas de estudiantes que posean potencial talento pedag\u00f3gico y que est\u00e9n cursando\u2026","rel":"","context":"Entrada similar ","block_context":{"text":"Entrada similar ","link":""},"img":{"alt_text":"","src":"https:\/\/i0.wp.com\/www.cisa-arica.cl\/wp1\/wp-content\/uploads\/2020\/07\/dcd3d40b-23a8-40c0-9eab-5601e3eac169.jpg?resize=350%2C200&ssl=1","width":350,"height":200,"srcset":"https:\/\/i0.wp.com\/www.cisa-arica.cl\/wp1\/wp-content\/uploads\/2020\/07\/dcd3d40b-23a8-40c0-9eab-5601e3eac169.jpg?resize=350%2C200&ssl=1 1x, https:\/\/i0.wp.com\/www.cisa-arica.cl\/wp1\/wp-content\/uploads\/2020\/07\/dcd3d40b-23a8-40c0-9eab-5601e3eac169.jpg?resize=525%2C300&ssl=1 1.5x, https:\/\/i0.wp.com\/www.cisa-arica.cl\/wp1\/wp-content\/uploads\/2020\/07\/dcd3d40b-23a8-40c0-9eab-5601e3eac169.jpg?resize=700%2C400&ssl=1 2x"},"classes":[]},{"id":11233,"url":"https:\/\/www.cisa-arica.cl\/wp1\/2020\/08\/08\/instructivo-para-subir-tareas-a-la-plataforma-virtual\/","url_meta":{"origin":10517,"position":4},"title":"Instructivo para subir tareas a la plataforma virtual.","author":"CISA","date":"8 de Agosto de 2020","format":false,"excerpt":"Estimada Familia Santa Ana: Junto con saludar y desear que se encuentren bien junto a los suyos, queremos compartir con Ustedes este instructivo para subir las tareas a la plataforma, el cual podr\u00e1 ser muy \u00fatil en caso de tener alguna duda. Atentamente. Equipo Directivo","rel":"","context":"Entrada similar ","block_context":{"text":"Entrada similar ","link":""},"img":{"alt_text":"","src":"https:\/\/i0.wp.com\/www.cisa-arica.cl\/wp1\/wp-content\/uploads\/2020\/08\/5f465c30-6aae-49e6-bbb2-7c66ed716fdc.png?resize=350%2C200&ssl=1","width":350,"height":200,"srcset":"https:\/\/i0.wp.com\/www.cisa-arica.cl\/wp1\/wp-content\/uploads\/2020\/08\/5f465c30-6aae-49e6-bbb2-7c66ed716fdc.png?resize=350%2C200&ssl=1 1x, https:\/\/i0.wp.com\/www.cisa-arica.cl\/wp1\/wp-content\/uploads\/2020\/08\/5f465c30-6aae-49e6-bbb2-7c66ed716fdc.png?resize=525%2C300&ssl=1 1.5x, https:\/\/i0.wp.com\/www.cisa-arica.cl\/wp1\/wp-content\/uploads\/2020\/08\/5f465c30-6aae-49e6-bbb2-7c66ed716fdc.png?resize=700%2C400&ssl=1 2x, https:\/\/i0.wp.com\/www.cisa-arica.cl\/wp1\/wp-content\/uploads\/2020\/08\/5f465c30-6aae-49e6-bbb2-7c66ed716fdc.png?resize=1050%2C600&ssl=1 3x"},"classes":[]},{"id":10450,"url":"https:\/\/www.cisa-arica.cl\/wp1\/2020\/04\/27\/informacion-retorno-a-clases-virtuales\/","url_meta":{"origin":10517,"position":5},"title":"Informaci\u00f3n retorno a Clases Virtuales","author":"Jeannette Rivera","date":"27 de Abril de 2020","format":false,"excerpt":"Estimados Apoderados: Esperando se encuentren bien junto a sus familias, informamos a Ustedes que hoy lunes 27 de Abril se retoman las clases virtuales a trav\u00e9s de nuestra plataforma Institucional www.aulavirtualsantaana.cl . Se adjunta el instructivo para hacer uso de la plataforma: Instructivo Plataforma Virtual Saludos cordiales. Equipo Directivo.","rel":"","context":"Entrada similar ","block_context":{"text":"Entrada similar ","link":""},"img":{"alt_text":"","src":"https:\/\/i0.wp.com\/www.cisa-arica.cl\/wp1\/wp-content\/uploads\/2019\/04\/cropped-LOGO_CISA_chico-2-e1557940881746.png?resize=350%2C200&ssl=1","width":350,"height":200},"classes":[]}],"_links":{"self":[{"href":"https:\/\/www.cisa-arica.cl\/wp1\/wp-json\/wp\/v2\/posts\/10517","targetHints":{"allow":["GET"]}}],"collection":[{"href":"https:\/\/www.cisa-arica.cl\/wp1\/wp-json\/wp\/v2\/posts"}],"about":[{"href":"https:\/\/www.cisa-arica.cl\/wp1\/wp-json\/wp\/v2\/types\/post"}],"author":[{"embeddable":true,"href":"https:\/\/www.cisa-arica.cl\/wp1\/wp-json\/wp\/v2\/users\/1"}],"replies":[{"embeddable":true,"href":"https:\/\/www.cisa-arica.cl\/wp1\/wp-json\/wp\/v2\/comments?post=10517"}],"version-history":[{"count":2,"href":"https:\/\/www.cisa-arica.cl\/wp1\/wp-json\/wp\/v2\/posts\/10517\/revisions"}],"predecessor-version":[{"id":10520,"href":"https:\/\/www.cisa-arica.cl\/wp1\/wp-json\/wp\/v2\/posts\/10517\/revisions\/10520"}],"wp:attachment":[{"href":"https:\/\/www.cisa-arica.cl\/wp1\/wp-json\/wp\/v2\/media?parent=10517"}],"wp:term":[{"taxonomy":"category","embeddable":true,"href":"https:\/\/www.cisa-arica.cl\/wp1\/wp-json\/wp\/v2\/categories?post=10517"},{"taxonomy":"post_tag","embeddable":true,"href":"https:\/\/www.cisa-arica.cl\/wp1\/wp-json\/wp\/v2\/tags?post=10517"}],"curies":[{"name":"wp","href":"https:\/\/api.w.org\/{rel}","templated":true}]}}