{"id":10515,"date":"2020-05-15T17:00:07","date_gmt":"2020-05-15T17:00:07","guid":{"rendered":"http:\/\/www.cisa-arica.cl\/wp1\/?p=10515"},"modified":"2020-05-15T17:00:11","modified_gmt":"2020-05-15T17:00:11","slug":"set-de-utiles-escolares","status":"publish","type":"post","link":"https:\/\/www.cisa-arica.cl\/wp1\/2020\/05\/15\/set-de-utiles-escolares\/","title":{"rendered":"Set de \u00datiles Escolares"},"content":{"rendered":"\n<p>Estimados Padres y Apoderados.<\/p>\n\n\n\n<p>Junto con saludar y desear que se encuentren bien junto a su familia, informamos que desde el d\u00eda lunes 18&nbsp; al d\u00eda viernes 22 de mayo se har\u00e1 entrega del <strong>Set de \u00datiles escolares JUNAEB<\/strong> para&nbsp; estudiantes desde 1ero b\u00e1sico a 4to a\u00f1o medio.<\/p>\n\n\n\n<p>A continuaci\u00f3n est\u00e1 la organizaci\u00f3n por curso, fecha y horario de entrega, para as\u00ed evitar aglomeraciones y exponernos a contagios, en caso de tener alguna duda, consulte en <a href=\"mailto:apoyopsicosocial@cisa-arica.cl\">apoyopsicosocial@cisa-arica.cl<\/a><\/p>\n\n\n\n<figure class=\"wp-block-table is-style-stripes\"><table><tbody><tr><td><strong>curso<\/strong><\/td><td><strong>Hora<\/strong><\/td><td><strong>D\u00eda<\/strong><\/td><\/tr><tr><td><strong>1\u00baA<\/strong><\/td><td><strong>8:30&nbsp; &#8211; 9:30<\/strong><\/td><td><strong>&nbsp;&nbsp;&nbsp;&nbsp;&nbsp; Lunes 18 de mayo<\/strong><\/td><\/tr><tr><td><strong>1\u00baB<\/strong><\/td><td><strong>9:30 &#8211; 10:30<\/strong><\/td><td><strong>&nbsp;&nbsp;&nbsp;&nbsp;&nbsp; Lunes 18 de mayo<\/strong><\/td><\/tr><tr><td><strong>2\u00baA<\/strong><\/td><td><strong>10:30 &#8211; 11:30<\/strong><\/td><td><strong>&nbsp;&nbsp;&nbsp;&nbsp;&nbsp; Lunes 18 de mayo<\/strong><\/td><\/tr><tr><td><strong>2\u00baB<\/strong><\/td><td><strong>11:30 &#8211; 12:30<\/strong><\/td><td><strong>&nbsp;&nbsp;&nbsp;&nbsp;&nbsp; Lunes 18 de mayo<\/strong><\/td><\/tr><tr><td><strong>3\u00baA<\/strong><\/td><td><strong>12:30- 13:30<\/strong><\/td><td><strong>&nbsp;&nbsp;&nbsp;&nbsp;&nbsp; Lunes 18 de mayo<\/strong><\/td><\/tr><tr><td><strong>3\u00baB<\/strong><\/td><td><strong>13:30 \u2013 14:30<\/strong><\/td><td><strong>&nbsp;&nbsp;&nbsp;&nbsp;&nbsp; Lunes 18 de mayo<\/strong><\/td><\/tr><tr><td><strong>&nbsp;<\/strong><\/td><td><strong>&nbsp;<\/strong><\/td><td><strong>&nbsp;<\/strong><\/td><\/tr><tr><td><strong>4\u00baA<\/strong><\/td><td><strong>8:30&nbsp; &#8211; 9:30<\/strong><\/td><td><strong>Martes 19 de mayo<\/strong><\/td><\/tr><tr><td><strong>4\u00baB<\/strong><\/td><td><strong>9:30 &#8211; 10:30<\/strong><\/td><td><strong>Martes 19 de mayo<\/strong><\/td><\/tr><tr><td><strong>5\u00baA<\/strong><\/td><td><strong>10:30 &#8211; 11:30<\/strong><\/td><td><strong>Martes 19 de mayo<\/strong><\/td><\/tr><tr><td><strong>5\u00baB<\/strong><\/td><td><strong>11:30 &#8211; 12:30<\/strong><\/td><td><strong>Martes 19 de mayo<\/strong><\/td><\/tr><tr><td><strong>6\u00b0A<\/strong><\/td><td><strong>12:30- 13:30<\/strong><\/td><td><strong>Martes 19 de mayo<\/strong><\/td><\/tr><tr><td><strong>6\u00b0B<\/strong><\/td><td><strong>13:30 \u2013 14:30<\/strong><\/td><td><strong>Martes 19 de mayo<\/strong><\/td><\/tr><tr><td><strong>&nbsp;<\/strong><\/td><td><strong>&nbsp;<\/strong><\/td><td><strong>&nbsp;<\/strong><\/td><\/tr><tr><td><strong>7\u00baA<\/strong><\/td><td><strong>8:30&nbsp; &#8211; 9:30<\/strong><\/td><td><strong>Mi\u00e9rcoles 20 de mayo<\/strong><\/td><\/tr><tr><td><strong>7\u00baB<\/strong><\/td><td><strong>9:30 &#8211; 10:30<\/strong><\/td><td><strong>Mi\u00e9rcoles 20 de mayo<\/strong><\/td><\/tr><tr><td><strong>8\u00baA<\/strong><\/td><td><strong>10:30 &#8211; 11:30<\/strong><\/td><td><strong>Mi\u00e9rcoles 20 de mayo<\/strong><\/td><\/tr><tr><td><strong>8\u00baB<\/strong><\/td><td><strong>11:30 &#8211; 12:30<\/strong><\/td><td><strong>Mi\u00e9rcoles 20 de mayo<\/strong><\/td><\/tr><tr><td><strong>1\u00b0medio A<\/strong><\/td><td><strong>12:30- 13:30<\/strong><\/td><td><strong>Mi\u00e9rcoles 20 de mayo<\/strong><\/td><\/tr><tr><td><strong>1\u00b0medio B<\/strong><\/td><td><strong>13:30 \u2013 14:30<\/strong><\/td><td><strong>Mi\u00e9rcoles 20 de mayo<\/strong><\/td><\/tr><tr><td><strong>&nbsp;<\/strong><\/td><td><strong>&nbsp;<\/strong><\/td><td><strong>&nbsp;<\/strong><\/td><\/tr><tr><td><strong>2\u00b0medio A<\/strong><\/td><td><strong>8:30&nbsp; &#8211; 9:30<\/strong><\/td><td><strong>Viernes 22 de mayo<\/strong><\/td><\/tr><tr><td><strong>2\u00b0medio B<\/strong><\/td><td><strong>9:30 &#8211; 10:30<\/strong><\/td><td><strong>Viernes 22 de mayo<\/strong><\/td><\/tr><tr><td><strong>3\u00b0medio A<\/strong><\/td><td><strong>10:30 &#8211; 11:30<\/strong><\/td><td><strong>Viernes 22 de mayo<\/strong><\/td><\/tr><tr><td><strong>3\u00b0medio B<\/strong><\/td><td><strong>11:30 &#8211; 12:30<\/strong><\/td><td><strong>Viernes 22 de mayo<\/strong><\/td><\/tr><tr><td><strong>4\u00b0medio A<\/strong><\/td><td><strong>12:30- 13:30<\/strong><\/td><td><strong>Viernes 22 de mayo<\/strong><\/td><\/tr><tr><td><strong>4\u00b0medio B<\/strong><\/td><td><strong>13:30 \u2013 14:30<\/strong><\/td><td><strong>Viernes 22 de mayo<\/strong><\/td><\/tr><\/tbody><\/table><\/figure>\n\n\n\n<p><\/p>\n\n\n\n<p>En relaci\u00f3n a las medidas de seguridad:<\/p>\n\n\n\n<ol class=\"wp-block-list\" type=\"1\"><li>Un funcionario del establecimiento actuar\u00e1 como ministro de fe, para evitar as\u00ed la firma del apoderado.<\/li><li>El ingreso ser\u00e1 por Arturo Gallo (Educaci\u00f3n Parvularia) y la salida por Sotomayor.<\/li><li>El ingreso al Establecimiento ser\u00e1 solo de 10 apoderados y podr\u00e1 entrar solo una persona por beneficiaria y con mascarilla, estableciendo una distancia de dos metros entre personas, para as\u00ed tomar los resguardos necesarios se\u00f1alados en los protocolos de la OMS.<\/li><\/ol>\n\n\n\n<p>Atentamente<\/p>\n\n\n\n<p><strong>Equipo Directivo<\/strong><\/p>\n","protected":false},"excerpt":{"rendered":"<p>Estimados Padres y Apoderados. Junto con saludar y desear que se encuentren bien junto a su familia, informamos que desde el d\u00eda lunes 18&nbsp; al d\u00eda viernes 22 de mayo se har\u00e1 entrega del Set de \u00datiles escolares JUNAEB para&nbsp; estudiantes desde 1ero b\u00e1sico a 4to a\u00f1o medio. A continuaci\u00f3n est\u00e1 la organizaci\u00f3n por curso, <a class=\"read-more\" href=\"https:\/\/www.cisa-arica.cl\/wp1\/2020\/05\/15\/set-de-utiles-escolares\/\">Continuar leyendo<\/a><\/p>\n","protected":false},"author":1,"featured_media":0,"comment_status":"closed","ping_status":"open","sticky":false,"template":"","format":"standard","meta":{"_jetpack_memberships_contains_paid_content":false,"footnotes":"","jetpack_publicize_message":"","jetpack_publicize_feature_enabled":true,"jetpack_social_post_already_shared":true,"jetpack_social_options":{"image_generator_settings":{"template":"highway","default_image_id":0,"font":"","enabled":false},"version":2}},"categories":[5],"tags":[],"class_list":["post-10515","post","type-post","status-publish","format-standard","hentry","category-uncategorized"],"jetpack_publicize_connections":[],"jetpack_featured_media_url":"","jetpack_sharing_enabled":true,"jetpack_shortlink":"https:\/\/wp.me\/p84wcz-2JB","jetpack-related-posts":[{"id":13319,"url":"https:\/\/www.cisa-arica.cl\/wp1\/2021\/10\/13\/entrega-utiles-escolares-junaeb\/","url_meta":{"origin":10515,"position":0},"title":"Entrega \u00datiles Escolares JUNAEB","author":"Jeannette Rivera","date":"13 de Octubre de 2021","format":false,"excerpt":"Estimados Apoderados: Ma\u00f1ana Jueves 14 de octubre desde las 14:30 hasta las 16:00 horas se har\u00e1 entrega de los sets de \u00fatiles escolares JUNAEB para las estudiantes de todos los cursos. La entrega se realizar\u00e1 en las dependencias del colegio. Atentamente, Equipo Psicosocial CISA","rel":"","context":"Entrada similar ","block_context":{"text":"Entrada similar ","link":""},"img":{"alt_text":"","src":"https:\/\/i0.wp.com\/www.cisa-arica.cl\/wp1\/wp-content\/uploads\/2021\/10\/indice-3.jpg?resize=350%2C200&ssl=1","width":350,"height":200,"srcset":"https:\/\/i0.wp.com\/www.cisa-arica.cl\/wp1\/wp-content\/uploads\/2021\/10\/indice-3.jpg?resize=350%2C200&ssl=1 1x, https:\/\/i0.wp.com\/www.cisa-arica.cl\/wp1\/wp-content\/uploads\/2021\/10\/indice-3.jpg?resize=525%2C300&ssl=1 1.5x, https:\/\/i0.wp.com\/www.cisa-arica.cl\/wp1\/wp-content\/uploads\/2021\/10\/indice-3.jpg?resize=700%2C400&ssl=1 2x"},"classes":[]},{"id":5947,"url":"https:\/\/www.cisa-arica.cl\/wp1\/2019\/03\/14\/entrega-de-textos-escolares-y-programa-de-utiles-escolares-junaeb\/","url_meta":{"origin":10515,"position":1},"title":"Entrega de textos escolares y Programa de \u00datiles Escolares JUNAEB","author":"Jeannette Rivera","date":"14 de Marzo de 2019","format":false,"excerpt":"Durante esta semana el CRA del Colegio Santa Ana finaliz\u00f3 la entrega de textos escolares enviados por el Ministerio a la gran mayor\u00eda de nuestras alumnas desde pre kinder a cuarto medio. Por otra parte, el equipo directivo tambi\u00e9n realiz\u00f3 la entrega de los sets de \u00fatiles escolares enviado por\u2026","rel":"","context":"Entrada similar ","block_context":{"text":"Entrada similar ","link":""},"img":{"alt_text":"","src":"https:\/\/i0.wp.com\/www.cisa-arica.cl\/wp1\/wp-content\/uploads\/2019\/03\/002.jpeg?resize=350%2C200&ssl=1","width":350,"height":200,"srcset":"https:\/\/i0.wp.com\/www.cisa-arica.cl\/wp1\/wp-content\/uploads\/2019\/03\/002.jpeg?resize=350%2C200&ssl=1 1x, https:\/\/i0.wp.com\/www.cisa-arica.cl\/wp1\/wp-content\/uploads\/2019\/03\/002.jpeg?resize=525%2C300&ssl=1 1.5x, https:\/\/i0.wp.com\/www.cisa-arica.cl\/wp1\/wp-content\/uploads\/2019\/03\/002.jpeg?resize=700%2C400&ssl=1 2x"},"classes":[]},{"id":10522,"url":"https:\/\/www.cisa-arica.cl\/wp1\/2020\/05\/20\/set-de-utiles-junaeb\/","url_meta":{"origin":10515,"position":2},"title":"Set de \u00fatiles JUNAEB","author":"CISA","date":"20 de Mayo de 2020","format":false,"excerpt":"Estimada Comunidad Educativa. Recuerden que, durante toda esta semana se har\u00e1\u00a0 entrega\u00a0 del set \u00fatiles escolares JUNAEB a todas las estudiantes, desde 1er a\u00f1o b\u00e1sico a 4to a\u00f1o medio. No olvide asistir tomado todas las medidas de seguridad. AtentamenteEquipo Psicosocial","rel":"","context":"Entrada similar ","block_context":{"text":"Entrada similar ","link":""},"img":{"alt_text":"","src":"https:\/\/i0.wp.com\/www.cisa-arica.cl\/wp1\/wp-content\/uploads\/2020\/05\/WhatsApp-Image-2020-05-19-at-21.43.55.jpeg?resize=350%2C200&ssl=1","width":350,"height":200,"srcset":"https:\/\/i0.wp.com\/www.cisa-arica.cl\/wp1\/wp-content\/uploads\/2020\/05\/WhatsApp-Image-2020-05-19-at-21.43.55.jpeg?resize=350%2C200&ssl=1 1x, https:\/\/i0.wp.com\/www.cisa-arica.cl\/wp1\/wp-content\/uploads\/2020\/05\/WhatsApp-Image-2020-05-19-at-21.43.55.jpeg?resize=525%2C300&ssl=1 1.5x, https:\/\/i0.wp.com\/www.cisa-arica.cl\/wp1\/wp-content\/uploads\/2020\/05\/WhatsApp-Image-2020-05-19-at-21.43.55.jpeg?resize=700%2C400&ssl=1 2x, https:\/\/i0.wp.com\/www.cisa-arica.cl\/wp1\/wp-content\/uploads\/2020\/05\/WhatsApp-Image-2020-05-19-at-21.43.55.jpeg?resize=1050%2C600&ssl=1 3x"},"classes":[]},{"id":29833,"url":"https:\/\/www.cisa-arica.cl\/wp1\/2026\/02\/23\/listas-de-utiles-y-plan-lector-2026\/","url_meta":{"origin":10515,"position":3},"title":"Listas de \u00fatiles y Plan Lector 2026","author":"Jeannette Rivera","date":"23 de Febrero de 2026","format":false,"excerpt":"Estimados padres y apoderados: Esperamos que se encuentren bien junto a la familia y aprovechando de recargar energ\u00edas para este nuevo a\u00f1o escolar pr\u00f3ximo a comenzar. Debido a varias consultas, se reitera la informaci\u00f3n sobre las listas de \u00fatiles desde 5to a 4to medio las cuales ser\u00e1n entregadas por los\u2026","rel":"","context":"Entrada similar ","block_context":{"text":"Entrada similar ","link":""},"img":{"alt_text":"","src":"https:\/\/i0.wp.com\/www.cisa-arica.cl\/wp1\/wp-content\/uploads\/2026\/02\/lista-de-utiles.jpeg?resize=350%2C200&ssl=1","width":350,"height":200,"srcset":"https:\/\/i0.wp.com\/www.cisa-arica.cl\/wp1\/wp-content\/uploads\/2026\/02\/lista-de-utiles.jpeg?resize=350%2C200&ssl=1 1x, https:\/\/i0.wp.com\/www.cisa-arica.cl\/wp1\/wp-content\/uploads\/2026\/02\/lista-de-utiles.jpeg?resize=525%2C300&ssl=1 1.5x, https:\/\/i0.wp.com\/www.cisa-arica.cl\/wp1\/wp-content\/uploads\/2026\/02\/lista-de-utiles.jpeg?resize=700%2C400&ssl=1 2x"},"classes":[]},{"id":27976,"url":"https:\/\/www.cisa-arica.cl\/wp1\/2025\/02\/26\/lista-de-utiles-escolares-2025\/","url_meta":{"origin":10515,"position":4},"title":"Lista de \u00datiles Escolares 2025","author":"Jeannette Rivera","date":"26 de Febrero de 2025","format":false,"excerpt":"Estimados padres y apoderados: Estas son las mismas listas de \u00fatiles escolares que se entregaron en el proceso de matr\u00edcula 2025 a los apoderados de los cursos desde Prekinder a 4to a\u00f1o b\u00e1sico: Educaci\u00f3n Parvularia:\u00a0LISTA DE UTILES 2025 Primeros B\u00e1sicos\u00a0 \u00a0 \u00a0 \u00a0: LISTA PRIMEROS B\u00c1SICOS Segundos B\u00e1sicos\u00a0 \u00a0 \u00a0:\u2026","rel":"","context":"Entrada similar ","block_context":{"text":"Entrada similar ","link":""},"img":{"alt_text":"","src":"","width":0,"height":0},"classes":[]},{"id":12087,"url":"https:\/\/www.cisa-arica.cl\/wp1\/2021\/03\/09\/entrega-textos-escolares-2021-2\/","url_meta":{"origin":10515,"position":5},"title":"Entrega Textos Escolares 2021","author":"Jeannette Rivera","date":"9 de Marzo de 2021","format":false,"excerpt":"Estimados Padres y Apoderados: Junto con saludarlos y deseando que se encuentren bien, informamos que durante la semana se continuar\u00e1n entregando los Textos Escolares 2021, en los siguientes horarios: ED. PARVULARIA: Martes 09 y Mi\u00e9rcoles 10 de Marzo desde 12:00 a 14:00 hrs. (Por entrada de Gallo) 1\u00b0 a 4\u00b0\u2026","rel":"","context":"Entrada similar ","block_context":{"text":"Entrada similar ","link":""},"img":{"alt_text":"","src":"https:\/\/i0.wp.com\/www.cisa-arica.cl\/wp1\/wp-content\/uploads\/2021\/03\/The-Great-Book-Bargain.png?resize=350%2C200&ssl=1","width":350,"height":200,"srcset":"https:\/\/i0.wp.com\/www.cisa-arica.cl\/wp1\/wp-content\/uploads\/2021\/03\/The-Great-Book-Bargain.png?resize=350%2C200&ssl=1 1x, https:\/\/i0.wp.com\/www.cisa-arica.cl\/wp1\/wp-content\/uploads\/2021\/03\/The-Great-Book-Bargain.png?resize=525%2C300&ssl=1 1.5x"},"classes":[]}],"_links":{"self":[{"href":"https:\/\/www.cisa-arica.cl\/wp1\/wp-json\/wp\/v2\/posts\/10515","targetHints":{"allow":["GET"]}}],"collection":[{"href":"https:\/\/www.cisa-arica.cl\/wp1\/wp-json\/wp\/v2\/posts"}],"about":[{"href":"https:\/\/www.cisa-arica.cl\/wp1\/wp-json\/wp\/v2\/types\/post"}],"author":[{"embeddable":true,"href":"https:\/\/www.cisa-arica.cl\/wp1\/wp-json\/wp\/v2\/users\/1"}],"replies":[{"embeddable":true,"href":"https:\/\/www.cisa-arica.cl\/wp1\/wp-json\/wp\/v2\/comments?post=10515"}],"version-history":[{"count":1,"href":"https:\/\/www.cisa-arica.cl\/wp1\/wp-json\/wp\/v2\/posts\/10515\/revisions"}],"predecessor-version":[{"id":10516,"href":"https:\/\/www.cisa-arica.cl\/wp1\/wp-json\/wp\/v2\/posts\/10515\/revisions\/10516"}],"wp:attachment":[{"href":"https:\/\/www.cisa-arica.cl\/wp1\/wp-json\/wp\/v2\/media?parent=10515"}],"wp:term":[{"taxonomy":"category","embeddable":true,"href":"https:\/\/www.cisa-arica.cl\/wp1\/wp-json\/wp\/v2\/categories?post=10515"},{"taxonomy":"post_tag","embeddable":true,"href":"https:\/\/www.cisa-arica.cl\/wp1\/wp-json\/wp\/v2\/tags?post=10515"}],"curies":[{"name":"wp","href":"https:\/\/api.w.org\/{rel}","templated":true}]}}