{"id":10483,"date":"2020-05-09T15:48:35","date_gmt":"2020-05-09T15:48:35","guid":{"rendered":"http:\/\/www.cisa-arica.cl\/wp1\/?p=10483"},"modified":"2020-05-09T20:23:05","modified_gmt":"2020-05-09T20:23:05","slug":"informacion-importante-3","status":"publish","type":"post","link":"https:\/\/www.cisa-arica.cl\/wp1\/2020\/05\/09\/informacion-importante-3\/","title":{"rendered":"Informaci\u00f3n Importante"},"content":{"rendered":"\n<p><\/p>\n\n\n\n<p>Estimados Apoderados:<br><\/p>\n\n\n\n<p>Pensando siempre en lo mejor para nuestras estudiantes, es que a partir del lunes 11 de mayo, todos los docentes se conectar\u00e1n al chat de la plataforma institucional www.aulavirtualsantaana.cl de lunes a viernes de 10:00 a 12:00 hrs, para aclarar dudas exclusivamente del material subido a Internet.<\/p>\n\n\n\n<p><br>Saludos cordiales<\/p>\n\n\n\n<p><br>Equipo directivo<\/p>\n","protected":false},"excerpt":{"rendered":"<p>Estimados Apoderados: Pensando siempre en lo mejor para nuestras estudiantes, es que a partir del lunes 11 de mayo, todos los docentes se conectar\u00e1n al chat de la plataforma institucional www.aulavirtualsantaana.cl de lunes a viernes de 10:00 a 12:00 hrs, para aclarar dudas exclusivamente del material subido a Internet. Saludos cordiales Equipo directivo<\/p>\n","protected":false},"author":1,"featured_media":0,"comment_status":"closed","ping_status":"open","sticky":false,"template":"","format":"standard","meta":{"_jetpack_memberships_contains_paid_content":false,"footnotes":"","jetpack_publicize_message":"","jetpack_publicize_feature_enabled":true,"jetpack_social_post_already_shared":true,"jetpack_social_options":{"image_generator_settings":{"template":"highway","default_image_id":0,"font":"","enabled":false},"version":2}},"categories":[5],"tags":[],"class_list":["post-10483","post","type-post","status-publish","format-standard","hentry","category-uncategorized"],"jetpack_publicize_connections":[],"jetpack_featured_media_url":"","jetpack_sharing_enabled":true,"jetpack_shortlink":"https:\/\/wp.me\/p84wcz-2J5","jetpack-related-posts":[{"id":10048,"url":"https:\/\/www.cisa-arica.cl\/wp1\/2019\/11\/03\/retorno-a-clases-lunes-04-de-noviembre\/","url_meta":{"origin":10483,"position":0},"title":"Retorno a clases Lunes 04 de noviembre","author":"Jeannette Rivera","date":"3 de Noviembre de 2019","format":false,"excerpt":"Estimados padres y apoderados: Les recordamos que ma\u00f1ana Lunes 04 de noviembre se retomar\u00e1n las clases a horario normal para nuestras alumnas desde Pre Kinder a 3\u00ba medio. Atentamente, Colegio Italiano Santa Ana","rel":"","context":"Entrada similar ","block_context":{"text":"Entrada similar ","link":""},"img":{"alt_text":"","src":"https:\/\/i0.wp.com\/www.cisa-arica.cl\/wp1\/wp-content\/uploads\/2019\/04\/cropped-LOGO_CISA_chico-2-e1557940881746.png?resize=350%2C200&ssl=1","width":350,"height":200},"classes":[]},{"id":13341,"url":"https:\/\/www.cisa-arica.cl\/wp1\/2021\/10\/15\/informativo-clases-lunes-18-de-octubre\/","url_meta":{"origin":10483,"position":1},"title":"Informativo clases Lunes 18 de octubre","author":"Jeannette Rivera","date":"15 de Octubre de 2021","format":false,"excerpt":"Estimados Apoderados: Comunicamos que este Lunes 18 de Octubre las clases de nuestras alumnas se desarrollar\u00e1n solamente de manera virtual, no presenciales, en el horario normal que corresponda. Atentamente, Colegio Italiano Santa Ana","rel":"","context":"Entrada similar ","block_context":{"text":"Entrada similar ","link":""},"img":{"alt_text":"","src":"https:\/\/i0.wp.com\/www.cisa-arica.cl\/wp1\/wp-content\/uploads\/2021\/10\/Screenshot_15.jpg?resize=350%2C200&ssl=1","width":350,"height":200,"srcset":"https:\/\/i0.wp.com\/www.cisa-arica.cl\/wp1\/wp-content\/uploads\/2021\/10\/Screenshot_15.jpg?resize=350%2C200&ssl=1 1x, https:\/\/i0.wp.com\/www.cisa-arica.cl\/wp1\/wp-content\/uploads\/2021\/10\/Screenshot_15.jpg?resize=525%2C300&ssl=1 1.5x, https:\/\/i0.wp.com\/www.cisa-arica.cl\/wp1\/wp-content\/uploads\/2021\/10\/Screenshot_15.jpg?resize=700%2C400&ssl=1 2x"},"classes":[]},{"id":25356,"url":"https:\/\/www.cisa-arica.cl\/wp1\/2024\/05\/17\/suspension-de-clases-lunes-20-05\/","url_meta":{"origin":10483,"position":2},"title":"Suspensi\u00f3n de clases Lunes 20-05","author":"Jeannette Rivera","date":"17 de Mayo de 2024","format":false,"excerpt":"\u00a0Se informa a toda la Comunidad Educativa que el lunes 20 de mayo se realizar\u00e1 una suspensi\u00f3n de clases con RECUPERACI\u00d3N para el s\u00e1bado 07 de septiembre de 2024. La suspensi\u00f3n de clases del d\u00eda lunes 20 es total, por lo tanto, NO se realizar\u00e1 ninguna academia ni taller de\u2026","rel":"","context":"Entrada similar ","block_context":{"text":"Entrada similar ","link":""},"img":{"alt_text":"","src":"https:\/\/i0.wp.com\/www.cisa-arica.cl\/wp1\/wp-content\/uploads\/2024\/05\/suspension-de-clases.jpg?resize=350%2C200&ssl=1","width":350,"height":200,"srcset":"https:\/\/i0.wp.com\/www.cisa-arica.cl\/wp1\/wp-content\/uploads\/2024\/05\/suspension-de-clases.jpg?resize=350%2C200&ssl=1 1x, https:\/\/i0.wp.com\/www.cisa-arica.cl\/wp1\/wp-content\/uploads\/2024\/05\/suspension-de-clases.jpg?resize=525%2C300&ssl=1 1.5x, https:\/\/i0.wp.com\/www.cisa-arica.cl\/wp1\/wp-content\/uploads\/2024\/05\/suspension-de-clases.jpg?resize=700%2C400&ssl=1 2x"},"classes":[]},{"id":10058,"url":"https:\/\/www.cisa-arica.cl\/wp1\/2019\/11\/04\/horario-de-salida-alumnas-lunes-04-11\/","url_meta":{"origin":10483,"position":3},"title":"Horario de salida alumnas Lunes 04\/11","author":"CISA","date":"4 de Noviembre de 2019","format":false,"excerpt":"Estimados padres y apoderados: Se comunica que el horario de salida para hoy Lunes 04 de noviembre es a las 15:00 hrs para todos los niveles de Pre b\u00e1sica a 3\u00ba medio. Atentamente, Colegio Italiano Santa Ana","rel":"","context":"Entrada similar ","block_context":{"text":"Entrada similar ","link":""},"img":{"alt_text":"","src":"","width":0,"height":0},"classes":[]},{"id":28672,"url":"https:\/\/www.cisa-arica.cl\/wp1\/2025\/08\/22\/suspension-de-academia-de-basquetbol-lunes-28-08\/","url_meta":{"origin":10483,"position":4},"title":"Suspensi\u00f3n de Academia de Basquetbol Lunes 28-08","author":"Jeannette Rivera","date":"22 de Agosto de 2025","format":false,"excerpt":"Se informa que por problemas de salud imprevistos, nos vemos en la necesidad de suspender la siguiente academia: SUSPENSI\u00d3N: S\u00d3LO EL D\u00cdA LUNES 25 DE AGOSTO 2025 ACADEMIA DE B\u00c1SQUETBOL B\u00c1SICA Desde ya agradezco su comprensi\u00f3n. Saluda atentamente, --","rel":"","context":"Entrada similar ","block_context":{"text":"Entrada similar ","link":""},"img":{"alt_text":"","src":"https:\/\/i0.wp.com\/www.cisa-arica.cl\/wp1\/wp-content\/uploads\/2025\/08\/WhatsApp-Image-2025-08-22-at-11.54.45-AM.jpeg?resize=350%2C200&ssl=1","width":350,"height":200,"srcset":"https:\/\/i0.wp.com\/www.cisa-arica.cl\/wp1\/wp-content\/uploads\/2025\/08\/WhatsApp-Image-2025-08-22-at-11.54.45-AM.jpeg?resize=350%2C200&ssl=1 1x, https:\/\/i0.wp.com\/www.cisa-arica.cl\/wp1\/wp-content\/uploads\/2025\/08\/WhatsApp-Image-2025-08-22-at-11.54.45-AM.jpeg?resize=525%2C300&ssl=1 1.5x, https:\/\/i0.wp.com\/www.cisa-arica.cl\/wp1\/wp-content\/uploads\/2025\/08\/WhatsApp-Image-2025-08-22-at-11.54.45-AM.jpeg?resize=700%2C400&ssl=1 2x, https:\/\/i0.wp.com\/www.cisa-arica.cl\/wp1\/wp-content\/uploads\/2025\/08\/WhatsApp-Image-2025-08-22-at-11.54.45-AM.jpeg?resize=1050%2C600&ssl=1 3x"},"classes":[]},{"id":16439,"url":"https:\/\/www.cisa-arica.cl\/wp1\/2022\/06\/16\/suspension-de-clases-lunes-20-06\/","url_meta":{"origin":10483,"position":5},"title":"Suspensi\u00f3n de Clases Lunes 20-06","author":"Jeannette Rivera","date":"16 de Junio de 2022","format":false,"excerpt":"Estimados Padres y\/o Apoderados: Comunicamos que fue solicitado al Ministerio\u00a0 la Suspensi\u00f3n de Clases del d\u00eda lunes 20 de junio\u00a0 la cual fue aceptada. Este d\u00eda \u00a0ser\u00e1 recuperado en el mes de diciembre. Las clases se retomar\u00e1n de forma normal el mi\u00e9rcoles 22 de junio. Atentamente, \u00a0 \u00a0 Equipo Directivo","rel":"","context":"Entrada similar ","block_context":{"text":"Entrada similar ","link":""},"img":{"alt_text":"","src":"","width":0,"height":0},"classes":[]}],"_links":{"self":[{"href":"https:\/\/www.cisa-arica.cl\/wp1\/wp-json\/wp\/v2\/posts\/10483","targetHints":{"allow":["GET"]}}],"collection":[{"href":"https:\/\/www.cisa-arica.cl\/wp1\/wp-json\/wp\/v2\/posts"}],"about":[{"href":"https:\/\/www.cisa-arica.cl\/wp1\/wp-json\/wp\/v2\/types\/post"}],"author":[{"embeddable":true,"href":"https:\/\/www.cisa-arica.cl\/wp1\/wp-json\/wp\/v2\/users\/1"}],"replies":[{"embeddable":true,"href":"https:\/\/www.cisa-arica.cl\/wp1\/wp-json\/wp\/v2\/comments?post=10483"}],"version-history":[{"count":2,"href":"https:\/\/www.cisa-arica.cl\/wp1\/wp-json\/wp\/v2\/posts\/10483\/revisions"}],"predecessor-version":[{"id":10486,"href":"https:\/\/www.cisa-arica.cl\/wp1\/wp-json\/wp\/v2\/posts\/10483\/revisions\/10486"}],"wp:attachment":[{"href":"https:\/\/www.cisa-arica.cl\/wp1\/wp-json\/wp\/v2\/media?parent=10483"}],"wp:term":[{"taxonomy":"category","embeddable":true,"href":"https:\/\/www.cisa-arica.cl\/wp1\/wp-json\/wp\/v2\/categories?post=10483"},{"taxonomy":"post_tag","embeddable":true,"href":"https:\/\/www.cisa-arica.cl\/wp1\/wp-json\/wp\/v2\/tags?post=10483"}],"curies":[{"name":"wp","href":"https:\/\/api.w.org\/{rel}","templated":true}]}}