{"id":10481,"date":"2020-05-08T23:05:59","date_gmt":"2020-05-08T23:05:59","guid":{"rendered":"http:\/\/www.cisa-arica.cl\/wp1\/?p=10481"},"modified":"2020-05-09T20:23:05","modified_gmt":"2020-05-09T20:23:05","slug":"centro-general-de-padres-y-apoderados","status":"publish","type":"post","link":"https:\/\/www.cisa-arica.cl\/wp1\/2020\/05\/08\/centro-general-de-padres-y-apoderados\/","title":{"rendered":"Centro General de Padres y Apoderados"},"content":{"rendered":"\n<p>Estimada comunidad.<\/p>\n\n\n\n<p>Esperando que se encuentren bien junto a los suyos, queremos agradecer el apoyo otorgado por el Centro General de Padres y Apoderados, quienes han aportado con canastas de alimentos no perecibles y \u00fatiles de aseo destinada a 20 de nuestras estudiantes y sus familias que en estos momentos lo necesitan.<\/p>\n\n\n\n<p>Atte.<\/p>\n\n\n\n<p>Equipo Directivo<\/p>\n","protected":false},"excerpt":{"rendered":"<p>Estimada comunidad. Esperando que se encuentren bien junto a los suyos, queremos agradecer el apoyo otorgado por el Centro General de Padres y Apoderados, quienes han aportado con canastas de alimentos no perecibles y \u00fatiles de aseo destinada a 20 de nuestras estudiantes y sus familias que en estos momentos lo necesitan. Atte. Equipo Directivo<\/p>\n","protected":false},"author":1,"featured_media":0,"comment_status":"closed","ping_status":"open","sticky":false,"template":"","format":"standard","meta":{"_jetpack_memberships_contains_paid_content":false,"footnotes":"","jetpack_publicize_message":"","jetpack_publicize_feature_enabled":true,"jetpack_social_post_already_shared":true,"jetpack_social_options":{"image_generator_settings":{"template":"highway","default_image_id":0,"font":"","enabled":false},"version":2}},"categories":[5],"tags":[],"class_list":["post-10481","post","type-post","status-publish","format-standard","hentry","category-uncategorized"],"jetpack_publicize_connections":[],"jetpack_featured_media_url":"","jetpack_sharing_enabled":true,"jetpack_shortlink":"https:\/\/wp.me\/p84wcz-2J3","jetpack-related-posts":[{"id":28462,"url":"https:\/\/www.cisa-arica.cl\/wp1\/2025\/05\/28\/reunion-de-centro-general-de-padres-y-apoderados\/","url_meta":{"origin":10481,"position":0},"title":"Reuni\u00f3n de Centro General de Padres y Apoderados","author":"Jeannette Rivera","date":"28 de Mayo de 2025","format":false,"excerpt":"Ma\u00f1ana jueves 29 de mayo est\u00e1n convocados los apoderados que salieron elegidos como presidentes de su respectivos cursos, a la primera Reuni\u00f3n del Centro General de Padres y Apoderados, cuya profesora a cargo es la se\u00f1ora Marisol Morales. la reuni\u00f3n est\u00e1 programada para este jueves a las 19 horas.","rel":"","context":"Entrada similar ","block_context":{"text":"Entrada similar ","link":""},"img":{"alt_text":"","src":"https:\/\/i0.wp.com\/www.cisa-arica.cl\/wp1\/wp-content\/uploads\/2025\/05\/Beige-and-Orange-Autumn-Wreath-Thanksgiving-Invitation-1.png?resize=350%2C200&ssl=1","width":350,"height":200,"srcset":"https:\/\/i0.wp.com\/www.cisa-arica.cl\/wp1\/wp-content\/uploads\/2025\/05\/Beige-and-Orange-Autumn-Wreath-Thanksgiving-Invitation-1.png?resize=350%2C200&ssl=1 1x, https:\/\/i0.wp.com\/www.cisa-arica.cl\/wp1\/wp-content\/uploads\/2025\/05\/Beige-and-Orange-Autumn-Wreath-Thanksgiving-Invitation-1.png?resize=525%2C300&ssl=1 1.5x, https:\/\/i0.wp.com\/www.cisa-arica.cl\/wp1\/wp-content\/uploads\/2025\/05\/Beige-and-Orange-Autumn-Wreath-Thanksgiving-Invitation-1.png?resize=700%2C400&ssl=1 2x, https:\/\/i0.wp.com\/www.cisa-arica.cl\/wp1\/wp-content\/uploads\/2025\/05\/Beige-and-Orange-Autumn-Wreath-Thanksgiving-Invitation-1.png?resize=1050%2C600&ssl=1 3x, https:\/\/i0.wp.com\/www.cisa-arica.cl\/wp1\/wp-content\/uploads\/2025\/05\/Beige-and-Orange-Autumn-Wreath-Thanksgiving-Invitation-1.png?resize=1400%2C800&ssl=1 4x"},"classes":[]},{"id":10075,"url":"https:\/\/www.cisa-arica.cl\/wp1\/2019\/11\/07\/comunicado-centro-general-de-padres-y-apoderados\/","url_meta":{"origin":10481,"position":1},"title":"Comunicado Centro General de Padres y Apoderados","author":"Jeannette Rivera","date":"7 de Noviembre de 2019","format":false,"excerpt":"","rel":"","context":"Entrada similar ","block_context":{"text":"Entrada similar ","link":""},"img":{"alt_text":"","src":"https:\/\/i0.wp.com\/www.cisa-arica.cl\/wp1\/wp-content\/uploads\/2019\/11\/COMUNICADO-OFICIAL.jpg?resize=350%2C200&ssl=1","width":350,"height":200,"srcset":"https:\/\/i0.wp.com\/www.cisa-arica.cl\/wp1\/wp-content\/uploads\/2019\/11\/COMUNICADO-OFICIAL.jpg?resize=350%2C200&ssl=1 1x, https:\/\/i0.wp.com\/www.cisa-arica.cl\/wp1\/wp-content\/uploads\/2019\/11\/COMUNICADO-OFICIAL.jpg?resize=525%2C300&ssl=1 1.5x, https:\/\/i0.wp.com\/www.cisa-arica.cl\/wp1\/wp-content\/uploads\/2019\/11\/COMUNICADO-OFICIAL.jpg?resize=700%2C400&ssl=1 2x"},"classes":[]},{"id":12249,"url":"https:\/\/www.cisa-arica.cl\/wp1\/2021\/04\/12\/reunion-con-centro-general-de-padres-y-apoderados\/","url_meta":{"origin":10481,"position":2},"title":"Reuni\u00f3n con Centro General de Padres y Apoderados","author":"CISA","date":"12 de Abril de 2021","format":false,"excerpt":"Estimados Apoderados. Junto con saludar y desear que se encuentren bien junto a los suyos, les comunicamos que el d\u00eda jueves 15 de abril a las 17:00 hrs. realizaremos un consejo ampliado con todos los delegados o representantes de curso, desde Educaci\u00f3n Parvularia hasta 4to a\u00f1o de ense\u00f1anza media. Dicha\u2026","rel":"","context":"Entrada similar ","block_context":{"text":"Entrada similar ","link":""},"img":{"alt_text":"","src":"https:\/\/i0.wp.com\/www.cisa-arica.cl\/wp1\/wp-content\/uploads\/2021\/04\/img_7612.jpg?resize=350%2C200&ssl=1","width":350,"height":200,"srcset":"https:\/\/i0.wp.com\/www.cisa-arica.cl\/wp1\/wp-content\/uploads\/2021\/04\/img_7612.jpg?resize=350%2C200&ssl=1 1x, https:\/\/i0.wp.com\/www.cisa-arica.cl\/wp1\/wp-content\/uploads\/2021\/04\/img_7612.jpg?resize=525%2C300&ssl=1 1.5x"},"classes":[]},{"id":8791,"url":"https:\/\/www.cisa-arica.cl\/wp1\/2019\/08\/23\/taller-para-padres-y-apoderados-6o-basico\/","url_meta":{"origin":10481,"position":3},"title":"Taller para padres y apoderados 6\u00ba b\u00e1sico","author":"Jeannette Rivera","date":"23 de Agosto de 2019","format":false,"excerpt":"El pasado mi\u00e9rcoles 21 de agosto se realiz\u00f3 en nuestro establecimiento el Taller para padres y apoderados de 6tos b\u00e1sicos \"C\u00f3mo establecer l\u00edmites y roles\", a cargo de nuestro Equipo Psicosocial y Convivencia Escolar, y cuyo objetivo fue el entregar algunas herramientas necesarias para lograr una vinculaci\u00f3n positiva entre padres\u2026","rel":"","context":"Entrada similar ","block_context":{"text":"Entrada similar ","link":""},"img":{"alt_text":"","src":"https:\/\/i0.wp.com\/www.cisa-arica.cl\/wp1\/wp-content\/uploads\/2019\/08\/006-11.jpeg?resize=350%2C200&ssl=1","width":350,"height":200,"srcset":"https:\/\/i0.wp.com\/www.cisa-arica.cl\/wp1\/wp-content\/uploads\/2019\/08\/006-11.jpeg?resize=350%2C200&ssl=1 1x, https:\/\/i0.wp.com\/www.cisa-arica.cl\/wp1\/wp-content\/uploads\/2019\/08\/006-11.jpeg?resize=525%2C300&ssl=1 1.5x, https:\/\/i0.wp.com\/www.cisa-arica.cl\/wp1\/wp-content\/uploads\/2019\/08\/006-11.jpeg?resize=700%2C400&ssl=1 2x, https:\/\/i0.wp.com\/www.cisa-arica.cl\/wp1\/wp-content\/uploads\/2019\/08\/006-11.jpeg?resize=1050%2C600&ssl=1 3x"},"classes":[]},{"id":8885,"url":"https:\/\/www.cisa-arica.cl\/wp1\/2019\/09\/03\/taller-para-padres-y-apoderados-8os-basicos\/","url_meta":{"origin":10481,"position":4},"title":"Taller para padres y apoderados 8os b\u00e1sicos","author":"Jeannette Rivera","date":"3 de Septiembre de 2019","format":false,"excerpt":"El pasado mi\u00e9rcoles 28 de agosto se realiz\u00f3 en nuestro establecimiento el Taller para padres y apoderados de 8tos b\u00e1sicos \u201cEnfrentando los cambios en la adolescencia\u201d, a cargo de nuestro Equipo Psicosocial y Convivencia Escolar, y cuyo objetivo fue el entregar algunas herramientas necesarias para lograr una vinculaci\u00f3n positiva entre\u2026","rel":"","context":"Entrada similar ","block_context":{"text":"Entrada similar ","link":""},"img":{"alt_text":"","src":"https:\/\/i0.wp.com\/www.cisa-arica.cl\/wp1\/wp-content\/uploads\/2019\/09\/aae.jpeg?resize=350%2C200&ssl=1","width":350,"height":200,"srcset":"https:\/\/i0.wp.com\/www.cisa-arica.cl\/wp1\/wp-content\/uploads\/2019\/09\/aae.jpeg?resize=350%2C200&ssl=1 1x, https:\/\/i0.wp.com\/www.cisa-arica.cl\/wp1\/wp-content\/uploads\/2019\/09\/aae.jpeg?resize=525%2C300&ssl=1 1.5x, https:\/\/i0.wp.com\/www.cisa-arica.cl\/wp1\/wp-content\/uploads\/2019\/09\/aae.jpeg?resize=700%2C400&ssl=1 2x, https:\/\/i0.wp.com\/www.cisa-arica.cl\/wp1\/wp-content\/uploads\/2019\/09\/aae.jpeg?resize=1050%2C600&ssl=1 3x"},"classes":[]},{"id":9251,"url":"https:\/\/www.cisa-arica.cl\/wp1\/2019\/09\/10\/taller-para-padres-y-apoderados-2os-medios\/","url_meta":{"origin":10481,"position":5},"title":"Taller para padres y apoderados 2os medios","author":"Jeannette Rivera","date":"10 de Septiembre de 2019","format":false,"excerpt":"El pasado mi\u00e9rcoles 04 de septiembre se realiz\u00f3 en nuestro establecimiento el Taller para padres y apoderados de 2os medios \u201cComo mejorar el v\u00ednculo con mi hija\u201d, a cargo de nuestro Equipo Psicosocial y Convivencia Escolar, y cuyo objetivo fue el entregar algunas herramientas necesarias para lograr una vinculaci\u00f3n positiva\u2026","rel":"","context":"Entrada similar ","block_context":{"text":"Entrada similar ","link":""},"img":{"alt_text":"","src":"https:\/\/i0.wp.com\/www.cisa-arica.cl\/wp1\/wp-content\/uploads\/2019\/09\/012-8.jpeg?resize=350%2C200&ssl=1","width":350,"height":200,"srcset":"https:\/\/i0.wp.com\/www.cisa-arica.cl\/wp1\/wp-content\/uploads\/2019\/09\/012-8.jpeg?resize=350%2C200&ssl=1 1x, https:\/\/i0.wp.com\/www.cisa-arica.cl\/wp1\/wp-content\/uploads\/2019\/09\/012-8.jpeg?resize=525%2C300&ssl=1 1.5x, https:\/\/i0.wp.com\/www.cisa-arica.cl\/wp1\/wp-content\/uploads\/2019\/09\/012-8.jpeg?resize=700%2C400&ssl=1 2x"},"classes":[]}],"_links":{"self":[{"href":"https:\/\/www.cisa-arica.cl\/wp1\/wp-json\/wp\/v2\/posts\/10481","targetHints":{"allow":["GET"]}}],"collection":[{"href":"https:\/\/www.cisa-arica.cl\/wp1\/wp-json\/wp\/v2\/posts"}],"about":[{"href":"https:\/\/www.cisa-arica.cl\/wp1\/wp-json\/wp\/v2\/types\/post"}],"author":[{"embeddable":true,"href":"https:\/\/www.cisa-arica.cl\/wp1\/wp-json\/wp\/v2\/users\/1"}],"replies":[{"embeddable":true,"href":"https:\/\/www.cisa-arica.cl\/wp1\/wp-json\/wp\/v2\/comments?post=10481"}],"version-history":[{"count":1,"href":"https:\/\/www.cisa-arica.cl\/wp1\/wp-json\/wp\/v2\/posts\/10481\/revisions"}],"predecessor-version":[{"id":10482,"href":"https:\/\/www.cisa-arica.cl\/wp1\/wp-json\/wp\/v2\/posts\/10481\/revisions\/10482"}],"wp:attachment":[{"href":"https:\/\/www.cisa-arica.cl\/wp1\/wp-json\/wp\/v2\/media?parent=10481"}],"wp:term":[{"taxonomy":"category","embeddable":true,"href":"https:\/\/www.cisa-arica.cl\/wp1\/wp-json\/wp\/v2\/categories?post=10481"},{"taxonomy":"post_tag","embeddable":true,"href":"https:\/\/www.cisa-arica.cl\/wp1\/wp-json\/wp\/v2\/tags?post=10481"}],"curies":[{"name":"wp","href":"https:\/\/api.w.org\/{rel}","templated":true}]}}