{"id":10473,"date":"2020-05-04T21:59:17","date_gmt":"2020-05-04T21:59:17","guid":{"rendered":"http:\/\/www.cisa-arica.cl\/wp1\/?p=10473"},"modified":"2020-05-09T20:23:05","modified_gmt":"2020-05-09T20:23:05","slug":"invitacion-concurso-regional-de-cuentos-hazla-cortita","status":"publish","type":"post","link":"https:\/\/www.cisa-arica.cl\/wp1\/2020\/05\/04\/invitacion-concurso-regional-de-cuentos-hazla-cortita\/","title":{"rendered":"Invitaci\u00f3n Concurso Regional  de Cuentos &#8220;Hazla Cortita&#8221;"},"content":{"rendered":"\n<p>Estimad@s Estudiantes.<\/p>\n\n\n\n<pre class=\"wp-block-code\"><code>   Junto con saludar y desear una buena semana en casa, les escribo para compartir esta informaci\u00f3n sobre el concurso regional  de cuentos 2020  \"Hazla Cortita\", Instancia al que pueden postular hasta el mes de agosto, a continuaci\u00f3n adjunto las bases.\n\n<\/code><\/pre>\n\n\n\n<div class=\"wp-block-file\"><a href=\"http:\/\/www.cisa-arica.cl\/wp1\/wp-content\/uploads\/2020\/05\/BaseshazlaCortita2020v3.pdf\">Bases hazla Cortita 2020 v3<\/a><a href=\"http:\/\/www.cisa-arica.cl\/wp1\/wp-content\/uploads\/2020\/05\/BaseshazlaCortita2020v3.pdf\" class=\"wp-block-file__button\" download>Descargar<\/a><\/div>\n\n\n\n<p>Cari\u00f1os<br>Carolina Blanco Aguirre<br>Orientadora<br>Colegio Italiano Santa Ana<\/p>\n","protected":false},"excerpt":{"rendered":"<p>Estimad@s Estudiantes. Cari\u00f1osCarolina Blanco AguirreOrientadoraColegio Italiano Santa Ana<\/p>\n","protected":false},"author":1,"featured_media":10476,"comment_status":"closed","ping_status":"open","sticky":false,"template":"","format":"standard","meta":{"_jetpack_memberships_contains_paid_content":false,"footnotes":"","jetpack_publicize_message":"","jetpack_publicize_feature_enabled":true,"jetpack_social_post_already_shared":true,"jetpack_social_options":{"image_generator_settings":{"template":"highway","default_image_id":0,"font":"","enabled":false},"version":2}},"categories":[5],"tags":[],"class_list":["post-10473","post","type-post","status-publish","format-standard","has-post-thumbnail","hentry","category-uncategorized"],"jetpack_publicize_connections":[],"jetpack_featured_media_url":"https:\/\/www.cisa-arica.cl\/wp1\/wp-content\/uploads\/2020\/05\/viralhazlacorta.png","jetpack_sharing_enabled":true,"jetpack_shortlink":"https:\/\/wp.me\/p84wcz-2IV","jetpack-related-posts":[{"id":8551,"url":"https:\/\/www.cisa-arica.cl\/wp1\/2019\/08\/22\/alumna-maite-bernales-ganadora-del-1er-lugar-en-concurso-literario-hazla-cortita\/","url_meta":{"origin":10473,"position":0},"title":"Alumna Maite Bernales, ganadora del 1er lugar en Concurso Literario &#8220;Hazla Cortita&#8221;","author":"Jeannette Rivera","date":"22 de Agosto de 2019","format":false,"excerpt":"Maite Bernales, quien cursa el 4\u00ba medio A, logr\u00f3 el 1er lugar en la categor\u00eda estudiantes de Ense\u00f1anza Media con su micro cuento \"MUNSMAWA\" del Concurso literario de cuentos cortos organizado anualmente por la Seremi de las Culturas, las Artes y el Patrimonio, la Ilustre Municipalidad de Arica y la\u2026","rel":"","context":"En &quot;galeria&quot;","block_context":{"text":"galeria","link":"https:\/\/www.cisa-arica.cl\/wp1\/category\/galeria\/"},"img":{"alt_text":"","src":"https:\/\/i0.wp.com\/www.cisa-arica.cl\/wp1\/wp-content\/uploads\/2019\/08\/69264351_2399072326828378_227034084390469632_n.jpg?resize=350%2C200&ssl=1","width":350,"height":200,"srcset":"https:\/\/i0.wp.com\/www.cisa-arica.cl\/wp1\/wp-content\/uploads\/2019\/08\/69264351_2399072326828378_227034084390469632_n.jpg?resize=350%2C200&ssl=1 1x, https:\/\/i0.wp.com\/www.cisa-arica.cl\/wp1\/wp-content\/uploads\/2019\/08\/69264351_2399072326828378_227034084390469632_n.jpg?resize=525%2C300&ssl=1 1.5x, https:\/\/i0.wp.com\/www.cisa-arica.cl\/wp1\/wp-content\/uploads\/2019\/08\/69264351_2399072326828378_227034084390469632_n.jpg?resize=700%2C400&ssl=1 2x"},"classes":[]},{"id":10571,"url":"https:\/\/www.cisa-arica.cl\/wp1\/2020\/05\/30\/invitacion-concurso-literario\/","url_meta":{"origin":10473,"position":1},"title":"Invitaci\u00f3n Concurso Literario","author":"Jeannette Rivera","date":"30 de Mayo de 2020","format":false,"excerpt":"Estimada Comunidad Educativa: Los invitamos a participar\u00a0del Concurso Literario CISA con el tema \"Mi historia de cuarentena\". Esta actividad organizada por Convivencia Escolar y el Dpto. de Lenguaje y Comunicaci\u00f3n busca que nuestras alumnas y apoderados se expresen a trav\u00e9s de historias, cuentos, poemas y otros medios de creaci\u00f3n literaria.\u2026","rel":"","context":"Entrada similar ","block_context":{"text":"Entrada similar ","link":""},"img":{"alt_text":"","src":"https:\/\/i0.wp.com\/www.cisa-arica.cl\/wp1\/wp-content\/uploads\/2020\/05\/AFICHE.jpg?resize=350%2C200&ssl=1","width":350,"height":200,"srcset":"https:\/\/i0.wp.com\/www.cisa-arica.cl\/wp1\/wp-content\/uploads\/2020\/05\/AFICHE.jpg?resize=350%2C200&ssl=1 1x, https:\/\/i0.wp.com\/www.cisa-arica.cl\/wp1\/wp-content\/uploads\/2020\/05\/AFICHE.jpg?resize=525%2C300&ssl=1 1.5x, https:\/\/i0.wp.com\/www.cisa-arica.cl\/wp1\/wp-content\/uploads\/2020\/05\/AFICHE.jpg?resize=700%2C400&ssl=1 2x"},"classes":[]},{"id":10840,"url":"https:\/\/www.cisa-arica.cl\/wp1\/2020\/07\/03\/votacion-concurso-literario\/","url_meta":{"origin":10473,"position":2},"title":"Votaci\u00f3n Concurso Literario","author":"Jeannette Rivera","date":"3 de Julio de 2020","format":false,"excerpt":"Estimada comunidad educativa:\u00a0 Junto con saludar y esperando que se encuentren bien, queremos invitarlos a visitar los cuentos y poemas del concurso organizado por Convivencia Escolar y Dpto. De Lenguaje, y votar por los que m\u00e1s prefieran en cada categor\u00eda. La galer\u00eda es presentada a trav\u00e9s de la plataforma de\u2026","rel":"","context":"Entrada similar ","block_context":{"text":"Entrada similar ","link":""},"img":{"alt_text":"","src":"https:\/\/i0.wp.com\/www.cisa-arica.cl\/wp1\/wp-content\/uploads\/2020\/07\/20200703_100433.jpg?resize=350%2C200&ssl=1","width":350,"height":200,"srcset":"https:\/\/i0.wp.com\/www.cisa-arica.cl\/wp1\/wp-content\/uploads\/2020\/07\/20200703_100433.jpg?resize=350%2C200&ssl=1 1x, https:\/\/i0.wp.com\/www.cisa-arica.cl\/wp1\/wp-content\/uploads\/2020\/07\/20200703_100433.jpg?resize=525%2C300&ssl=1 1.5x, https:\/\/i0.wp.com\/www.cisa-arica.cl\/wp1\/wp-content\/uploads\/2020\/07\/20200703_100433.jpg?resize=700%2C400&ssl=1 2x, https:\/\/i0.wp.com\/www.cisa-arica.cl\/wp1\/wp-content\/uploads\/2020\/07\/20200703_100433.jpg?resize=1050%2C600&ssl=1 3x"},"classes":[]},{"id":10561,"url":"https:\/\/www.cisa-arica.cl\/wp1\/2020\/05\/28\/invitacion-concurso-de-dibujo\/","url_meta":{"origin":10473,"position":3},"title":"Invitaci\u00f3n Concurso de Dibujo","author":"Jeannette Rivera","date":"28 de Mayo de 2020","format":false,"excerpt":"Estimada Comunidad Educativa.Los invitamos a participar\u00a0del concurso de DIBUJO CISA con el tema\u00a0 \u00bfC\u00f3mo me siento en cuarentena? Esta actividad organizada por el Equipo Psicosocial\u00a0y Convivencia Escolar busca que puedas expresar tus emociones a trav\u00e9s del arte terapia. Descarga las bases y ficha de inscripci\u00f3n aqu\u00ed.L@s esperamos.Equipo Psicosocial y Equipo\u2026","rel":"","context":"Entrada similar ","block_context":{"text":"Entrada similar ","link":""},"img":{"alt_text":"","src":"https:\/\/i0.wp.com\/www.cisa-arica.cl\/wp1\/wp-content\/uploads\/2020\/05\/1-1.png?resize=350%2C200&ssl=1","width":350,"height":200,"srcset":"https:\/\/i0.wp.com\/www.cisa-arica.cl\/wp1\/wp-content\/uploads\/2020\/05\/1-1.png?resize=350%2C200&ssl=1 1x, https:\/\/i0.wp.com\/www.cisa-arica.cl\/wp1\/wp-content\/uploads\/2020\/05\/1-1.png?resize=525%2C300&ssl=1 1.5x, https:\/\/i0.wp.com\/www.cisa-arica.cl\/wp1\/wp-content\/uploads\/2020\/05\/1-1.png?resize=700%2C400&ssl=1 2x, https:\/\/i0.wp.com\/www.cisa-arica.cl\/wp1\/wp-content\/uploads\/2020\/05\/1-1.png?resize=1050%2C600&ssl=1 3x, https:\/\/i0.wp.com\/www.cisa-arica.cl\/wp1\/wp-content\/uploads\/2020\/05\/1-1.png?resize=1400%2C800&ssl=1 4x"},"classes":[]},{"id":10527,"url":"https:\/\/www.cisa-arica.cl\/wp1\/2020\/05\/22\/concurso-fotocisa\/","url_meta":{"origin":10473,"position":4},"title":"Concurso FOTOCISA","author":"CISA","date":"22 de Mayo de 2020","format":false,"excerpt":"Estimada Comunidad Educativa.Junto con saludar y deseando que se encuentren bien junto a su familia, el Equipo Psicosocial junto a Convivencia Escolar, los invita a participar del concurso\u00a0 de fotograf\u00eda\u00a0\"Me expreso en cuarentena\", para ello se adjuntan las bases del concurso el cual tiene 4 categor\u00edas. 1era Categor\u00eda: Estudiantes de\u2026","rel":"","context":"Entrada similar ","block_context":{"text":"Entrada similar ","link":""},"img":{"alt_text":"","src":"https:\/\/i0.wp.com\/www.cisa-arica.cl\/wp1\/wp-content\/uploads\/2020\/05\/1.png?resize=350%2C200&ssl=1","width":350,"height":200,"srcset":"https:\/\/i0.wp.com\/www.cisa-arica.cl\/wp1\/wp-content\/uploads\/2020\/05\/1.png?resize=350%2C200&ssl=1 1x, https:\/\/i0.wp.com\/www.cisa-arica.cl\/wp1\/wp-content\/uploads\/2020\/05\/1.png?resize=525%2C300&ssl=1 1.5x, https:\/\/i0.wp.com\/www.cisa-arica.cl\/wp1\/wp-content\/uploads\/2020\/05\/1.png?resize=700%2C400&ssl=1 2x, https:\/\/i0.wp.com\/www.cisa-arica.cl\/wp1\/wp-content\/uploads\/2020\/05\/1.png?resize=1050%2C600&ssl=1 3x, https:\/\/i0.wp.com\/www.cisa-arica.cl\/wp1\/wp-content\/uploads\/2020\/05\/1.png?resize=1400%2C800&ssl=1 4x"},"classes":[]},{"id":9719,"url":"https:\/\/www.cisa-arica.cl\/wp1\/2019\/10\/03\/concurso-de-fotografia-mujeres-que-construyen-el-futuro\/","url_meta":{"origin":10473,"position":5},"title":"Concurso de Fotograf\u00eda: &#8220;Mujeres que Construyen el Futuro&#8221;","author":"CISA","date":"3 de Octubre de 2019","format":false,"excerpt":"Descarga las bases del concurso Aqu\u00ed","rel":"","context":"Entrada similar ","block_context":{"text":"Entrada similar ","link":""},"img":{"alt_text":"","src":"","width":0,"height":0},"classes":[]}],"_links":{"self":[{"href":"https:\/\/www.cisa-arica.cl\/wp1\/wp-json\/wp\/v2\/posts\/10473","targetHints":{"allow":["GET"]}}],"collection":[{"href":"https:\/\/www.cisa-arica.cl\/wp1\/wp-json\/wp\/v2\/posts"}],"about":[{"href":"https:\/\/www.cisa-arica.cl\/wp1\/wp-json\/wp\/v2\/types\/post"}],"author":[{"embeddable":true,"href":"https:\/\/www.cisa-arica.cl\/wp1\/wp-json\/wp\/v2\/users\/1"}],"replies":[{"embeddable":true,"href":"https:\/\/www.cisa-arica.cl\/wp1\/wp-json\/wp\/v2\/comments?post=10473"}],"version-history":[{"count":1,"href":"https:\/\/www.cisa-arica.cl\/wp1\/wp-json\/wp\/v2\/posts\/10473\/revisions"}],"predecessor-version":[{"id":10475,"href":"https:\/\/www.cisa-arica.cl\/wp1\/wp-json\/wp\/v2\/posts\/10473\/revisions\/10475"}],"wp:featuredmedia":[{"embeddable":true,"href":"https:\/\/www.cisa-arica.cl\/wp1\/wp-json\/wp\/v2\/media\/10476"}],"wp:attachment":[{"href":"https:\/\/www.cisa-arica.cl\/wp1\/wp-json\/wp\/v2\/media?parent=10473"}],"wp:term":[{"taxonomy":"category","embeddable":true,"href":"https:\/\/www.cisa-arica.cl\/wp1\/wp-json\/wp\/v2\/categories?post=10473"},{"taxonomy":"post_tag","embeddable":true,"href":"https:\/\/www.cisa-arica.cl\/wp1\/wp-json\/wp\/v2\/tags?post=10473"}],"curies":[{"name":"wp","href":"https:\/\/api.w.org\/{rel}","templated":true}]}}