{"id":10464,"date":"2020-05-01T15:49:44","date_gmt":"2020-05-01T15:49:44","guid":{"rendered":"http:\/\/www.cisa-arica.cl\/wp1\/?p=10464"},"modified":"2020-05-09T20:23:05","modified_gmt":"2020-05-09T20:23:05","slug":"feliz-dia-del-trabajador","status":"publish","type":"post","link":"https:\/\/www.cisa-arica.cl\/wp1\/2020\/05\/01\/feliz-dia-del-trabajador\/","title":{"rendered":"Feliz D\u00eda del Trabajador"},"content":{"rendered":"\n<figure class=\"wp-block-image size-large is-resized\"><img loading=\"lazy\" decoding=\"async\" data-attachment-id=\"10465\" data-permalink=\"https:\/\/www.cisa-arica.cl\/wp1\/2020\/05\/01\/feliz-dia-del-trabajador\/0002-1\/\" data-orig-file=\"https:\/\/www.cisa-arica.cl\/wp1\/wp-content\/uploads\/2020\/05\/0002-1.jpg\" data-orig-size=\"1299,2140\" data-comments-opened=\"0\" data-image-meta=\"{&quot;aperture&quot;:&quot;0&quot;,&quot;credit&quot;:&quot;&quot;,&quot;camera&quot;:&quot;&quot;,&quot;caption&quot;:&quot;&quot;,&quot;created_timestamp&quot;:&quot;0&quot;,&quot;copyright&quot;:&quot;&quot;,&quot;focal_length&quot;:&quot;0&quot;,&quot;iso&quot;:&quot;0&quot;,&quot;shutter_speed&quot;:&quot;0&quot;,&quot;title&quot;:&quot;&quot;,&quot;orientation&quot;:&quot;1&quot;}\" data-image-title=\"0002-1\" data-image-description=\"\" data-image-caption=\"\" data-large-file=\"https:\/\/www.cisa-arica.cl\/wp1\/wp-content\/uploads\/2020\/05\/0002-1-364x600.jpg\" src=\"http:\/\/www.cisa-arica.cl\/wp1\/wp-content\/uploads\/2020\/05\/0002-1-364x600.jpg\" alt=\"\" class=\"wp-image-10465\" width=\"730\" height=\"1203\" srcset=\"https:\/\/www.cisa-arica.cl\/wp1\/wp-content\/uploads\/2020\/05\/0002-1-364x600.jpg 364w, https:\/\/www.cisa-arica.cl\/wp1\/wp-content\/uploads\/2020\/05\/0002-1-182x300.jpg 182w, https:\/\/www.cisa-arica.cl\/wp1\/wp-content\/uploads\/2020\/05\/0002-1-768x1265.jpg 768w, https:\/\/www.cisa-arica.cl\/wp1\/wp-content\/uploads\/2020\/05\/0002-1-932x1536.jpg 932w, https:\/\/www.cisa-arica.cl\/wp1\/wp-content\/uploads\/2020\/05\/0002-1-1243x2048.jpg 1243w, https:\/\/www.cisa-arica.cl\/wp1\/wp-content\/uploads\/2020\/05\/0002-1.jpg 1299w\" sizes=\"auto, (max-width: 730px) 100vw, 730px\" \/><\/figure>\n","protected":false},"excerpt":{"rendered":"","protected":false},"author":1,"featured_media":10470,"comment_status":"closed","ping_status":"open","sticky":false,"template":"","format":"standard","meta":{"_jetpack_memberships_contains_paid_content":false,"footnotes":"","jetpack_publicize_message":"","jetpack_publicize_feature_enabled":true,"jetpack_social_post_already_shared":true,"jetpack_social_options":{"image_generator_settings":{"template":"highway","default_image_id":0,"font":"","enabled":false},"version":2}},"categories":[5],"tags":[],"class_list":["post-10464","post","type-post","status-publish","format-standard","has-post-thumbnail","hentry","category-uncategorized"],"jetpack_publicize_connections":[],"jetpack_featured_media_url":"https:\/\/www.cisa-arica.cl\/wp1\/wp-content\/uploads\/2020\/05\/FELIZ-DIA.jpg","jetpack_sharing_enabled":true,"jetpack_shortlink":"https:\/\/wp.me\/p84wcz-2IM","jetpack-related-posts":[{"id":25297,"url":"https:\/\/www.cisa-arica.cl\/wp1\/2024\/05\/01\/feliz-dia-del-trabajador-2\/","url_meta":{"origin":10464,"position":0},"title":"FELIZ DIA DEL TRABAJADOR","author":"Jeannette Rivera","date":"1 de Mayo de 2024","format":false,"excerpt":"A toda la Comunidad Escolar, se le desea un Feliz y bendecido D\u00eda del Trabajor, en donde su labor en el \u00e1rea donde se desempe\u00f1an los engrandece como personas. \u00a1Qu\u00e9 Dios, Santa Ana y Rosa Gattorno, bendiga sus vidas!","rel":"","context":"Entrada similar ","block_context":{"text":"Entrada similar ","link":""},"img":{"alt_text":"","src":"https:\/\/i0.wp.com\/www.cisa-arica.cl\/wp1\/wp-content\/uploads\/2024\/03\/DSC_1412.jpg?resize=350%2C200&ssl=1","width":350,"height":200,"srcset":"https:\/\/i0.wp.com\/www.cisa-arica.cl\/wp1\/wp-content\/uploads\/2024\/03\/DSC_1412.jpg?resize=350%2C200&ssl=1 1x, https:\/\/i0.wp.com\/www.cisa-arica.cl\/wp1\/wp-content\/uploads\/2024\/03\/DSC_1412.jpg?resize=525%2C300&ssl=1 1.5x, https:\/\/i0.wp.com\/www.cisa-arica.cl\/wp1\/wp-content\/uploads\/2024\/03\/DSC_1412.jpg?resize=700%2C400&ssl=1 2x, https:\/\/i0.wp.com\/www.cisa-arica.cl\/wp1\/wp-content\/uploads\/2024\/03\/DSC_1412.jpg?resize=1050%2C600&ssl=1 3x, https:\/\/i0.wp.com\/www.cisa-arica.cl\/wp1\/wp-content\/uploads\/2024\/03\/DSC_1412.jpg?resize=1400%2C800&ssl=1 4x"},"classes":[]},{"id":12361,"url":"https:\/\/www.cisa-arica.cl\/wp1\/2021\/05\/01\/cisa-saluda-en-el-dia-del-trabajador\/","url_meta":{"origin":10464,"position":1},"title":"CISA saluda en el D\u00eda del Trabajador","author":"Jeannette Rivera","date":"1 de Mayo de 2021","format":false,"excerpt":"\u00bfQu\u00e9 debo saber sobre el 1\u00b0 de Mayo? Corresponde al D\u00eda Internacional de los Trabajadores para conmemorar el movimiento obrero mundial el cual se inici\u00f3 en el a\u00f1o 1886. En la actualidad, el D\u00eda de los Trabajadores se ha convertido en una efem\u00e9ride festiva, en homenaje a aquellos que lucharon\u2026","rel":"","context":"Entrada similar ","block_context":{"text":"Entrada similar ","link":""},"img":{"alt_text":"","src":"https:\/\/i0.wp.com\/www.cisa-arica.cl\/wp1\/wp-content\/uploads\/2021\/04\/DDT.png?resize=350%2C200&ssl=1","width":350,"height":200},"classes":[]},{"id":10477,"url":"https:\/\/www.cisa-arica.cl\/wp1\/2020\/05\/05\/video-dia-del-trabajador\/","url_meta":{"origin":10464,"position":2},"title":"Video D\u00eda del Trabajador","author":"CISA","date":"5 de Mayo de 2020","format":false,"excerpt":"Video de nuestro colegio por el d\u00eda del Trabajador https:\/\/www.youtube.com\/watch?v=lsGDELx1rGE&feature=youtu.be","rel":"","context":"Entrada similar ","block_context":{"text":"Entrada similar ","link":""},"img":{"alt_text":"","src":"https:\/\/i0.wp.com\/img.youtube.com\/vi\/lsGDELx1rGE\/0.jpg?resize=350%2C200","width":350,"height":200},"classes":[]},{"id":12408,"url":"https:\/\/www.cisa-arica.cl\/wp1\/2021\/05\/01\/saludo-de-hermana-directora-en-el-dia-del-trabajador\/","url_meta":{"origin":10464,"position":3},"title":"Saludo de Hermana Directora en el D\u00eda del Trabajador","author":"Jeannette Rivera","date":"1 de Mayo de 2021","format":false,"excerpt":"Estimada Comunidad Educativa: En este D\u00eda de los Trabajadores, nuestra directora Hna. Adela Espinoza Zapatel comparte el siguiente mensaje:","rel":"","context":"Entrada similar ","block_context":{"text":"Entrada similar ","link":""},"img":{"alt_text":"","src":"https:\/\/i0.wp.com\/www.cisa-arica.cl\/wp1\/wp-content\/uploads\/2021\/04\/DDT.png?resize=350%2C200&ssl=1","width":350,"height":200},"classes":[]},{"id":10497,"url":"https:\/\/www.cisa-arica.cl\/wp1\/2020\/05\/11\/feliz-dia-del-estudiante\/","url_meta":{"origin":10464,"position":4},"title":"Feliz D\u00eda del Estudiante","author":"CISA","date":"11 de Mayo de 2020","format":false,"excerpt":"https:\/\/www.youtube.com\/watch?v=Zwade42yyEE&feature=youtu.be","rel":"","context":"Entrada similar ","block_context":{"text":"Entrada similar ","link":""},"img":{"alt_text":"","src":"https:\/\/i0.wp.com\/www.cisa-arica.cl\/wp1\/wp-content\/uploads\/2020\/05\/FELIZ-DIA-DE-ESTUDIANTE-BANNER.jpg?resize=350%2C200&ssl=1","width":350,"height":200,"srcset":"https:\/\/i0.wp.com\/www.cisa-arica.cl\/wp1\/wp-content\/uploads\/2020\/05\/FELIZ-DIA-DE-ESTUDIANTE-BANNER.jpg?resize=350%2C200&ssl=1 1x, https:\/\/i0.wp.com\/www.cisa-arica.cl\/wp1\/wp-content\/uploads\/2020\/05\/FELIZ-DIA-DE-ESTUDIANTE-BANNER.jpg?resize=525%2C300&ssl=1 1.5x, https:\/\/i0.wp.com\/www.cisa-arica.cl\/wp1\/wp-content\/uploads\/2020\/05\/FELIZ-DIA-DE-ESTUDIANTE-BANNER.jpg?resize=700%2C400&ssl=1 2x, https:\/\/i0.wp.com\/www.cisa-arica.cl\/wp1\/wp-content\/uploads\/2020\/05\/FELIZ-DIA-DE-ESTUDIANTE-BANNER.jpg?resize=1050%2C600&ssl=1 3x, https:\/\/i0.wp.com\/www.cisa-arica.cl\/wp1\/wp-content\/uploads\/2020\/05\/FELIZ-DIA-DE-ESTUDIANTE-BANNER.jpg?resize=1400%2C800&ssl=1 4x"},"classes":[]},{"id":22553,"url":"https:\/\/www.cisa-arica.cl\/wp1\/2023\/10\/16\/feliz-dia-del-profesor-y-profesora\/","url_meta":{"origin":10464,"position":5},"title":"Feliz d\u00eda del Profesor y Profesora","author":"Jeannette Rivera","date":"16 de Octubre de 2023","format":false,"excerpt":"Cada 16 de Octubre, es el d\u00eda en que se hace un alto en los colegios, para conmemorar la noble\u00a0 profesi\u00f3n de ense\u00f1ar y su importancia en la formaci\u00f3n de tantos ni\u00f1os y j\u00f3venes de nuestro pa\u00eds. Colegio Italiano Santa Ana se suma a estos festejos brindando un cordial y\u2026","rel":"","context":"Entrada similar ","block_context":{"text":"Entrada similar ","link":""},"img":{"alt_text":"","src":"https:\/\/i0.wp.com\/www.cisa-arica.cl\/wp1\/wp-content\/uploads\/2023\/10\/C18C7103-B711-44FA-9586-CDDF3B7D028A-600x399-1.webp?resize=350%2C200&ssl=1","width":350,"height":200,"srcset":"https:\/\/i0.wp.com\/www.cisa-arica.cl\/wp1\/wp-content\/uploads\/2023\/10\/C18C7103-B711-44FA-9586-CDDF3B7D028A-600x399-1.webp?resize=350%2C200&ssl=1 1x, https:\/\/i0.wp.com\/www.cisa-arica.cl\/wp1\/wp-content\/uploads\/2023\/10\/C18C7103-B711-44FA-9586-CDDF3B7D028A-600x399-1.webp?resize=525%2C300&ssl=1 1.5x"},"classes":[]}],"_links":{"self":[{"href":"https:\/\/www.cisa-arica.cl\/wp1\/wp-json\/wp\/v2\/posts\/10464","targetHints":{"allow":["GET"]}}],"collection":[{"href":"https:\/\/www.cisa-arica.cl\/wp1\/wp-json\/wp\/v2\/posts"}],"about":[{"href":"https:\/\/www.cisa-arica.cl\/wp1\/wp-json\/wp\/v2\/types\/post"}],"author":[{"embeddable":true,"href":"https:\/\/www.cisa-arica.cl\/wp1\/wp-json\/wp\/v2\/users\/1"}],"replies":[{"embeddable":true,"href":"https:\/\/www.cisa-arica.cl\/wp1\/wp-json\/wp\/v2\/comments?post=10464"}],"version-history":[{"count":1,"href":"https:\/\/www.cisa-arica.cl\/wp1\/wp-json\/wp\/v2\/posts\/10464\/revisions"}],"predecessor-version":[{"id":10466,"href":"https:\/\/www.cisa-arica.cl\/wp1\/wp-json\/wp\/v2\/posts\/10464\/revisions\/10466"}],"wp:featuredmedia":[{"embeddable":true,"href":"https:\/\/www.cisa-arica.cl\/wp1\/wp-json\/wp\/v2\/media\/10470"}],"wp:attachment":[{"href":"https:\/\/www.cisa-arica.cl\/wp1\/wp-json\/wp\/v2\/media?parent=10464"}],"wp:term":[{"taxonomy":"category","embeddable":true,"href":"https:\/\/www.cisa-arica.cl\/wp1\/wp-json\/wp\/v2\/categories?post=10464"},{"taxonomy":"post_tag","embeddable":true,"href":"https:\/\/www.cisa-arica.cl\/wp1\/wp-json\/wp\/v2\/tags?post=10464"}],"curies":[{"name":"wp","href":"https:\/\/api.w.org\/{rel}","templated":true}]}}