{"id":10386,"date":"2020-04-01T14:43:03","date_gmt":"2020-04-01T14:43:03","guid":{"rendered":"http:\/\/www.cisa-arica.cl\/wp1\/2020\/04\/01\/apoyo-psicosocial-2\/"},"modified":"2020-04-01T14:43:03","modified_gmt":"2020-04-01T14:43:03","slug":"apoyo-psicosocial-2","status":"publish","type":"post","link":"https:\/\/www.cisa-arica.cl\/wp1\/2020\/04\/01\/apoyo-psicosocial-2\/","title":{"rendered":"Apoyo Psicosocial"},"content":{"rendered":"\n<p>Estimadas Alumnas, Padres y Apoderados.<\/p>\n\n\n\n<p>Junto con saludar y esperando que se encuentren bien junto a los suyos y entendiendo la angustia e incertidumbre generadas por esta crisis sanitaria mundial, es que como Equipo Psicosocial del establecimiento hemos puesto a disposici\u00f3n el siguiente contacto <em>apoyopsicosocial@cisa-arica.cl<\/em> , con el fin de disipar dudas, inquietudes u otros temas propios del \u00e1rea. Este es un equipo multidisciplinario conformado por Orientaci\u00f3n, Psic\u00f3loga de Ed. b\u00e1sica, Psic\u00f3loga de Ed. media y Trabajadora social, quienes a trav\u00e9s de este medio facilitar\u00e1n la informaci\u00f3n y orientaci\u00f3n que necesite.<\/p>\n\n\n\n<p><em>Equipo Directivo<\/em><\/p>\n","protected":false},"excerpt":{"rendered":"<p>Estimadas Alumnas, Padres y Apoderados. Junto con saludar y esperando que se encuentren bien junto a los suyos y entendiendo la angustia e incertidumbre generadas por esta crisis sanitaria mundial, es que como Equipo Psicosocial del establecimiento hemos puesto a disposici\u00f3n el siguiente contacto apoyopsicosocial@cisa-arica.cl , con el fin de disipar dudas, inquietudes u otros <a class=\"read-more\" href=\"https:\/\/www.cisa-arica.cl\/wp1\/2020\/04\/01\/apoyo-psicosocial-2\/\">Continuar leyendo<\/a><\/p>\n","protected":false},"author":1,"featured_media":0,"comment_status":"closed","ping_status":"open","sticky":false,"template":"","format":"standard","meta":{"_jetpack_memberships_contains_paid_content":false,"footnotes":"","jetpack_publicize_message":"","jetpack_publicize_feature_enabled":true,"jetpack_social_post_already_shared":true,"jetpack_social_options":{"image_generator_settings":{"template":"highway","default_image_id":0,"font":"","enabled":false},"version":2}},"categories":[5],"tags":[],"class_list":["post-10386","post","type-post","status-publish","format-standard","hentry","category-uncategorized"],"jetpack_publicize_connections":[],"jetpack_featured_media_url":"","jetpack_sharing_enabled":true,"jetpack_shortlink":"https:\/\/wp.me\/p84wcz-2Hw","jetpack-related-posts":[{"id":10383,"url":"https:\/\/www.cisa-arica.cl\/wp1\/2020\/04\/01\/apoyo-psicosocial\/","url_meta":{"origin":10386,"position":0},"title":"Apoyo Psicosocial","author":"Jeannette Rivera","date":"1 de Abril de 2020","format":false,"excerpt":"Estimadas alumnas, padres y apoderados: Junto con saludar y esperando que se encuentren bien junto a los suyos, y entendiendo la angustia e incertidumbre generadas por esta crisis sanitaria mundial, es que como Equipo Psicosocial del establecimiento hemos puesto a disposici\u00f3n el siguente contacto: apoyopsicosocial@cisa-arica.cl , con el fin de\u2026","rel":"","context":"Entrada similar ","block_context":{"text":"Entrada similar ","link":""},"img":{"alt_text":"","src":"https:\/\/i0.wp.com\/www.cisa-arica.cl\/wp1\/wp-content\/uploads\/2019\/04\/cropped-LOGO_CISA_chico-2-e1557940881746.png?resize=350%2C200&ssl=1","width":350,"height":200},"classes":[]},{"id":12276,"url":"https:\/\/www.cisa-arica.cl\/wp1\/2021\/04\/20\/reunion-delegados-de-curso-padres-y-o-apoderados\/","url_meta":{"origin":10386,"position":1},"title":"Reuni\u00f3n Delegados de Curso (Padres y\/o Apoderados)","author":"Jeannette Rivera","date":"20 de Abril de 2021","format":false,"excerpt":"Estimada Familia Santa Ana: Junto con saludarlos, queremos dar a conocer que el d\u00eda Jueves 15 de Abril a las 17 hrs. se realiz\u00f3 una reuni\u00f3n con los delegados de cada curso, para recordar y socializar lo siguiente: Plan de retorno a clases: Protocolos de medidas sanitarias. Protocolo de limpieza\u2026","rel":"","context":"Entrada similar ","block_context":{"text":"Entrada similar ","link":""},"img":{"alt_text":"","src":"https:\/\/i0.wp.com\/www.cisa-arica.cl\/wp1\/wp-content\/uploads\/2021\/04\/WhatsApp-Image-2021-04-20-at-12.53.36-150x150.jpeg?resize=350%2C200&ssl=1","width":350,"height":200,"srcset":"https:\/\/i0.wp.com\/www.cisa-arica.cl\/wp1\/wp-content\/uploads\/2021\/04\/WhatsApp-Image-2021-04-20-at-12.53.36-150x150.jpeg?resize=350%2C200&ssl=1 1x, https:\/\/i0.wp.com\/www.cisa-arica.cl\/wp1\/wp-content\/uploads\/2021\/04\/WhatsApp-Image-2021-04-20-at-12.53.36-150x150.jpeg?resize=525%2C300&ssl=1 1.5x, https:\/\/i0.wp.com\/www.cisa-arica.cl\/wp1\/wp-content\/uploads\/2021\/04\/WhatsApp-Image-2021-04-20-at-12.53.36-150x150.jpeg?resize=700%2C400&ssl=1 2x, https:\/\/i0.wp.com\/www.cisa-arica.cl\/wp1\/wp-content\/uploads\/2021\/04\/WhatsApp-Image-2021-04-20-at-12.53.36-150x150.jpeg?resize=1050%2C600&ssl=1 3x"},"classes":[]},{"id":28420,"url":"https:\/\/www.cisa-arica.cl\/wp1\/2025\/05\/24\/jornada-del-6to-b-en-la-parcela\/","url_meta":{"origin":10386,"position":2},"title":"Jornada del 6to B en la parcela.","author":"Jeannette Rivera","date":"24 de Mayo de 2025","format":false,"excerpt":"Una hermosa jornada vivieron las estudiantes del 6to a\u00f1o B en la parcela junto a su profesora \u00a0Jefe Jeannette Rivera y al equipo psicosocial psic\u00f3loga D\u00e9bora Llewellyn y la trabajadora social Karla Sep\u00falveda. En la oportunidad las estudiantes disfrutaron de una serie de actividades cuya finalidad era trabajar las relaciones\u2026","rel":"","context":"Entrada similar ","block_context":{"text":"Entrada similar ","link":""},"img":{"alt_text":"","src":"https:\/\/i0.wp.com\/www.cisa-arica.cl\/wp1\/wp-content\/uploads\/2025\/05\/IMG_4382-scaled.jpeg?resize=350%2C200&ssl=1","width":350,"height":200,"srcset":"https:\/\/i0.wp.com\/www.cisa-arica.cl\/wp1\/wp-content\/uploads\/2025\/05\/IMG_4382-scaled.jpeg?resize=350%2C200&ssl=1 1x, https:\/\/i0.wp.com\/www.cisa-arica.cl\/wp1\/wp-content\/uploads\/2025\/05\/IMG_4382-scaled.jpeg?resize=525%2C300&ssl=1 1.5x, https:\/\/i0.wp.com\/www.cisa-arica.cl\/wp1\/wp-content\/uploads\/2025\/05\/IMG_4382-scaled.jpeg?resize=700%2C400&ssl=1 2x, https:\/\/i0.wp.com\/www.cisa-arica.cl\/wp1\/wp-content\/uploads\/2025\/05\/IMG_4382-scaled.jpeg?resize=1050%2C600&ssl=1 3x, https:\/\/i0.wp.com\/www.cisa-arica.cl\/wp1\/wp-content\/uploads\/2025\/05\/IMG_4382-scaled.jpeg?resize=1400%2C800&ssl=1 4x"},"classes":[]},{"id":8677,"url":"https:\/\/www.cisa-arica.cl\/wp1\/2019\/08\/26\/ciclo-de-charlas-cesfam-a-alumnas-de-ed-basica\/","url_meta":{"origin":10386,"position":3},"title":"Ciclo de charlas CESFAM a alumnas de Ed. B\u00e1sica","author":"Jeannette Rivera","date":"26 de Agosto de 2019","format":false,"excerpt":"Durante la jornada de los d\u00edas mi\u00e9rcoles 21 y jueves 22 de agosto se realizaron talleres coordinados por nuestro Equipo Psicosocial y trabajados por una psic\u00f3loga del CESFAM Remigio Sapunar, dirigidos a los cursos de 4\u00ba, 5\u00ba y 7\u00ba b\u00e1sico. En ellos se trataron los temas del bullying y los\u2026","rel":"","context":"Entrada similar ","block_context":{"text":"Entrada similar ","link":""},"img":{"alt_text":"","src":"https:\/\/i0.wp.com\/www.cisa-arica.cl\/wp1\/wp-content\/uploads\/2019\/08\/IMG_20190821_094039-150x150.jpg?resize=350%2C200&ssl=1","width":350,"height":200,"srcset":"https:\/\/i0.wp.com\/www.cisa-arica.cl\/wp1\/wp-content\/uploads\/2019\/08\/IMG_20190821_094039-150x150.jpg?resize=350%2C200&ssl=1 1x, https:\/\/i0.wp.com\/www.cisa-arica.cl\/wp1\/wp-content\/uploads\/2019\/08\/IMG_20190821_094039-150x150.jpg?resize=525%2C300&ssl=1 1.5x, https:\/\/i0.wp.com\/www.cisa-arica.cl\/wp1\/wp-content\/uploads\/2019\/08\/IMG_20190821_094039-150x150.jpg?resize=700%2C400&ssl=1 2x, https:\/\/i0.wp.com\/www.cisa-arica.cl\/wp1\/wp-content\/uploads\/2019\/08\/IMG_20190821_094039-150x150.jpg?resize=1050%2C600&ssl=1 3x, https:\/\/i0.wp.com\/www.cisa-arica.cl\/wp1\/wp-content\/uploads\/2019\/08\/IMG_20190821_094039-150x150.jpg?resize=1400%2C800&ssl=1 4x"},"classes":[]},{"id":10527,"url":"https:\/\/www.cisa-arica.cl\/wp1\/2020\/05\/22\/concurso-fotocisa\/","url_meta":{"origin":10386,"position":4},"title":"Concurso FOTOCISA","author":"CISA","date":"22 de Mayo de 2020","format":false,"excerpt":"Estimada Comunidad Educativa.Junto con saludar y deseando que se encuentren bien junto a su familia, el Equipo Psicosocial junto a Convivencia Escolar, los invita a participar del concurso\u00a0 de fotograf\u00eda\u00a0\"Me expreso en cuarentena\", para ello se adjuntan las bases del concurso el cual tiene 4 categor\u00edas. 1era Categor\u00eda: Estudiantes de\u2026","rel":"","context":"Entrada similar ","block_context":{"text":"Entrada similar ","link":""},"img":{"alt_text":"","src":"https:\/\/i0.wp.com\/www.cisa-arica.cl\/wp1\/wp-content\/uploads\/2020\/05\/1.png?resize=350%2C200&ssl=1","width":350,"height":200,"srcset":"https:\/\/i0.wp.com\/www.cisa-arica.cl\/wp1\/wp-content\/uploads\/2020\/05\/1.png?resize=350%2C200&ssl=1 1x, https:\/\/i0.wp.com\/www.cisa-arica.cl\/wp1\/wp-content\/uploads\/2020\/05\/1.png?resize=525%2C300&ssl=1 1.5x, https:\/\/i0.wp.com\/www.cisa-arica.cl\/wp1\/wp-content\/uploads\/2020\/05\/1.png?resize=700%2C400&ssl=1 2x, https:\/\/i0.wp.com\/www.cisa-arica.cl\/wp1\/wp-content\/uploads\/2020\/05\/1.png?resize=1050%2C600&ssl=1 3x, https:\/\/i0.wp.com\/www.cisa-arica.cl\/wp1\/wp-content\/uploads\/2020\/05\/1.png?resize=1400%2C800&ssl=1 4x"},"classes":[]},{"id":10617,"url":"https:\/\/www.cisa-arica.cl\/wp1\/2020\/06\/09\/boletin-n2-como-prevenir-el-contagio-del-covid-19\/","url_meta":{"origin":10386,"position":5},"title":"Bolet\u00edn N\u00b02 \u00bfC\u00f3mo prevenir el contagio del covid-19?","author":"CISA","date":"9 de Junio de 2020","format":false,"excerpt":"Estimadada comunidad educativa. Junto con saludar y esperando que se encuentren bien, el equipo Psicosocial quiere recordar las siguientes medidas para prevenir el contagio de covid-19 . En los siguientes afiches pertenecientes al ministerio de salud, podr\u00e1 observar las acciones b\u00e1sicas que debemos realizar para cuidarnos de esta pandemia. Considere\u2026","rel":"","context":"En &quot;Boletines&quot;","block_context":{"text":"Boletines","link":"https:\/\/www.cisa-arica.cl\/wp1\/category\/boletines\/"},"img":{"alt_text":"","src":"https:\/\/i0.wp.com\/www.cisa-arica.cl\/wp1\/wp-content\/uploads\/2020\/06\/2020.04.16_VOLANTE-CORONAVIRUS_USO-OBLIGATORIO-MASCARILLAS_tiro-1.png?resize=350%2C200&ssl=1","width":350,"height":200,"srcset":"https:\/\/i0.wp.com\/www.cisa-arica.cl\/wp1\/wp-content\/uploads\/2020\/06\/2020.04.16_VOLANTE-CORONAVIRUS_USO-OBLIGATORIO-MASCARILLAS_tiro-1.png?resize=350%2C200&ssl=1 1x, https:\/\/i0.wp.com\/www.cisa-arica.cl\/wp1\/wp-content\/uploads\/2020\/06\/2020.04.16_VOLANTE-CORONAVIRUS_USO-OBLIGATORIO-MASCARILLAS_tiro-1.png?resize=525%2C300&ssl=1 1.5x, https:\/\/i0.wp.com\/www.cisa-arica.cl\/wp1\/wp-content\/uploads\/2020\/06\/2020.04.16_VOLANTE-CORONAVIRUS_USO-OBLIGATORIO-MASCARILLAS_tiro-1.png?resize=700%2C400&ssl=1 2x, https:\/\/i0.wp.com\/www.cisa-arica.cl\/wp1\/wp-content\/uploads\/2020\/06\/2020.04.16_VOLANTE-CORONAVIRUS_USO-OBLIGATORIO-MASCARILLAS_tiro-1.png?resize=1050%2C600&ssl=1 3x"},"classes":[]}],"_links":{"self":[{"href":"https:\/\/www.cisa-arica.cl\/wp1\/wp-json\/wp\/v2\/posts\/10386","targetHints":{"allow":["GET"]}}],"collection":[{"href":"https:\/\/www.cisa-arica.cl\/wp1\/wp-json\/wp\/v2\/posts"}],"about":[{"href":"https:\/\/www.cisa-arica.cl\/wp1\/wp-json\/wp\/v2\/types\/post"}],"author":[{"embeddable":true,"href":"https:\/\/www.cisa-arica.cl\/wp1\/wp-json\/wp\/v2\/users\/1"}],"replies":[{"embeddable":true,"href":"https:\/\/www.cisa-arica.cl\/wp1\/wp-json\/wp\/v2\/comments?post=10386"}],"version-history":[{"count":0,"href":"https:\/\/www.cisa-arica.cl\/wp1\/wp-json\/wp\/v2\/posts\/10386\/revisions"}],"wp:attachment":[{"href":"https:\/\/www.cisa-arica.cl\/wp1\/wp-json\/wp\/v2\/media?parent=10386"}],"wp:term":[{"taxonomy":"category","embeddable":true,"href":"https:\/\/www.cisa-arica.cl\/wp1\/wp-json\/wp\/v2\/categories?post=10386"},{"taxonomy":"post_tag","embeddable":true,"href":"https:\/\/www.cisa-arica.cl\/wp1\/wp-json\/wp\/v2\/tags?post=10386"}],"curies":[{"name":"wp","href":"https:\/\/api.w.org\/{rel}","templated":true}]}}