{"id":10360,"date":"2020-03-25T21:16:36","date_gmt":"2020-03-25T21:16:36","guid":{"rendered":"http:\/\/www.cisa-arica.cl\/wp1\/?p=10360"},"modified":"2020-03-27T18:41:56","modified_gmt":"2020-03-27T18:41:56","slug":"nueva-plataforma-educativa","status":"publish","type":"post","link":"https:\/\/www.cisa-arica.cl\/wp1\/2020\/03\/25\/nueva-plataforma-educativa\/","title":{"rendered":"Nueva Plataforma Educativa"},"content":{"rendered":"\n<p>Estimados Padres y Apoderados:<\/p>\n\n\n\n<p>Junto con saludar, les informamos a Ustedes que debido a la situaci\u00f3n actual que vive nuestro pa\u00eds y por la medida tomada por el Ministerio de Educaci\u00f3n de suspender las clases, el colegio como forma de apoyo pedag\u00f3gico a nuestras estudiantes, ha decidido habilitar una nueva Plataforma Virtual.<\/p>\n\n\n\n<p>Los contenidos y\/o actividades se estar\u00e1n subiendo durante esta semana en todos los cursos (desde Pre Kinder a 4to Medio).<\/p>\n\n\n\n<p>Para ingresar debe entrar a nuestra p\u00e1gina web www.cisa-arica.cl y hacer clic en el link que dice &#8220;Plataforma Educativa&#8221;. Luego ingresar el Rut de la alumna completo. Ej 023.538.435-k (con un cero al principio y min\u00fasculas) y su contrase\u00f1a inicial es cisa2020.<\/p>\n\n\n\n<p>Se adjunta a continuaci\u00f3n una gu\u00eda de apoyo para el uso de la plataforma.<\/p>\n\n\n\n<p>Saludos<\/p>\n\n\n\n<p>Colegio Italiano Santa Ana<\/p>\n\n\n\n<div class=\"wp-block-file\"><a href=\"http:\/\/www.cisa-arica.cl\/wp1\/wp-content\/uploads\/2020\/03\/INSTRUCTIVO_INGRESO.pdf\">Instructivo para ingresar<\/a><a href=\"http:\/\/www.cisa-arica.cl\/wp1\/wp-content\/uploads\/2020\/03\/INSTRUCTIVO_INGRESO.pdf\" class=\"wp-block-file__button\" download>Descargar<\/a><\/div>\n","protected":false},"excerpt":{"rendered":"<p>Estimados Padres y Apoderados: Junto con saludar, les informamos a Ustedes que debido a la situaci\u00f3n actual que vive nuestro pa\u00eds y por la medida tomada por el Ministerio de Educaci\u00f3n de suspender las clases, el colegio como forma de apoyo pedag\u00f3gico a nuestras estudiantes, ha decidido habilitar una nueva Plataforma Virtual. Los contenidos y\/o <a class=\"read-more\" href=\"https:\/\/www.cisa-arica.cl\/wp1\/2020\/03\/25\/nueva-plataforma-educativa\/\">Continuar leyendo<\/a><\/p>\n","protected":false},"author":1,"featured_media":10352,"comment_status":"closed","ping_status":"open","sticky":false,"template":"","format":"standard","meta":{"_jetpack_memberships_contains_paid_content":false,"footnotes":"","jetpack_publicize_message":"","jetpack_publicize_feature_enabled":true,"jetpack_social_post_already_shared":true,"jetpack_social_options":{"image_generator_settings":{"template":"highway","default_image_id":0,"font":"","enabled":false},"version":2}},"categories":[5],"tags":[],"class_list":["post-10360","post","type-post","status-publish","format-standard","has-post-thumbnail","hentry","category-uncategorized"],"jetpack_publicize_connections":[],"jetpack_featured_media_url":"https:\/\/www.cisa-arica.cl\/wp1\/wp-content\/uploads\/2020\/03\/BANNER_CISA.png","jetpack_sharing_enabled":true,"jetpack_shortlink":"https:\/\/wp.me\/p84wcz-2H6","jetpack-related-posts":[{"id":10394,"url":"https:\/\/www.cisa-arica.cl\/wp1\/2020\/04\/04\/aviso-plataforma-virtual\/","url_meta":{"origin":10360,"position":0},"title":"Comunicado Apoderados","author":"CISA","date":"4 de Abril de 2020","format":false,"excerpt":"Estimados Apoderados: Como comunidad educativa, no estamos ajenos a la situaci\u00f3n actual y siendo nuestro principal foco como siempre ha sido el apoyo a nuestras estudiantes, es que informamos a Ustedes que todas las actividades subidas a la nueva plataforma son para reforzar contenidos de a\u00f1os anteriores y \u00e9stas son\u2026","rel":"","context":"Entrada similar ","block_context":{"text":"Entrada similar ","link":""},"img":{"alt_text":"","src":"","width":0,"height":0},"classes":[]},{"id":10411,"url":"https:\/\/www.cisa-arica.cl\/wp1\/2020\/04\/09\/carta-dirigida-a-nuestras-estudiantes\/","url_meta":{"origin":10360,"position":1},"title":"Carta dirigida a nuestras Estudiantes","author":"Jeannette Rivera","date":"9 de Abril de 2020","format":false,"excerpt":"\u00a0\u00a0\u00a0\u00a0\u00a0\u00a0\u00a0\u00a0\u00a0\u00a0\u00a0\u00a0\u00a0\u00a0\u00a0\u00a0\u00a0\u00a0\u00a0\u00a0\u00a0\u00a0\u00a0\u00a0\u00a0\u00a0\u00a0\u00a0\u00a0\u00a0\u00a0\u00a0\u00a0\u00a0\u00a0\u00a0\u00a0\u00a0\u00a0\u00a0\u00a0\u00a0\u00a0\u00a0\u00a0\u00a0\u00a0\u00a0\u00a0\u00a0\u00a0\u00a0\u00a0\u00a0\u00a0\u00a0\u00a0\u00a0\u00a0\u00a0\u00a0\u00a0\u00a0\u00a0\u00a0\u00a0\u00a0\u00a0\u00a0\u00a0\u00a0\u00a0\u00a0\u00a0\u00a0\u00a0\u00a0\u00a0\u00a0\u00a0\u00a0\u00a0\u00a0\u00a0\u00a0\u00a0\u00a0\u00a0\u00a0\u00a0\u00a0\u00a0\u00a0\u00a0\u00a0\u00a0\u00a0\u00a0\u00a0\u00a0\u00a0\u00a0\u00a0\u00a0\u00a0\u00a0\u00a0\u00a0\u00a0\u00a0\u00a0\u00a0\u00a0\u00a0\u00a0\u00a0\u00a0\u00a0\u00a0\u00a0\u00a0\u00a0\u00a0\u00a0\u00a0\u00a0\u00a0\u00a0\u00a0\u00a0\u00a0\u00a0\u00a0\u00a0\u00a0\u00a0\u00a0\u00a0\u00a0\u00a0 \u00a0\u00a0\u00a0\u00a0\u00a0\u00a0\u00a0\u00a0 Jueves 9 de abril de 2020 Queridas Estudiantes \u00a0\u00a0\u00a0\u00a0\u00a0\u00a0\u00a0\u00a0\u00a0\u00a0\u00a0 Junto con saludarlas con mucho cari\u00f1o y esperando que se encuentren bien al igual que sus familias, me dirijo \u00a0a ustedes para compartirles lo que el colegio ha ido programando con el objetivo de responder de la mejor forma\u2026","rel":"","context":"Entrada similar ","block_context":{"text":"Entrada similar ","link":""},"img":{"alt_text":"","src":"https:\/\/i0.wp.com\/www.cisa-arica.cl\/wp1\/wp-content\/uploads\/2019\/04\/cropped-LOGO_CISA_chico-2-e1557940881746.png?resize=350%2C200&ssl=1","width":350,"height":200},"classes":[]},{"id":10517,"url":"https:\/\/www.cisa-arica.cl\/wp1\/2020\/05\/17\/informativo-foro\/","url_meta":{"origin":10360,"position":2},"title":"Informativo Foro","author":"CISA","date":"17 de Mayo de 2020","format":false,"excerpt":"Estimados Apoderados: Esperando se encuentren bien junto a sus familias, informamos a Ustedes que cambiamos la modalidad de comunicaci\u00f3n para aclarar dudas pedag\u00f3gicas, ya que el chat de la plataforma no dio un \u00f3ptimo resultado. A partir de esta semana, ocuparemos el foro de la plataforma, donde se podr\u00e1n dejar\u2026","rel":"","context":"Entrada similar ","block_context":{"text":"Entrada similar ","link":""},"img":{"alt_text":"","src":"","width":0,"height":0},"classes":[]},{"id":12875,"url":"https:\/\/www.cisa-arica.cl\/wp1\/2021\/08\/23\/fechas-4to-cuestionario-institucional-online\/","url_meta":{"origin":10360,"position":3},"title":"Fechas 4to Cuestionario Institucional Online","author":"CISA","date":"23 de Agosto de 2021","format":false,"excerpt":"Estimados Apoderados y Estudiantes: Junto con saludarlos, queremos recordar que\u00a0desde el 30 de agosto\u00a0 y hasta el\u00a0 9 de septiembre, se encontrar\u00e1n disponibles en la plataforma\u00a0arica.aulavirtualsantaana.cl\u00a0las\u00a0cuartas evaluaciones (cuestionarios institucionales)\u00a0de car\u00e1cter obligatorias en las asignaturas de lenguaje, matem\u00e1tica, historia , ciencias e ingl\u00e9s desde 1ero b\u00e1sico a\u00a04to\u00a0medio, las que tienen como\u2026","rel":"","context":"Entrada similar ","block_context":{"text":"Entrada similar ","link":""},"img":{"alt_text":"","src":"https:\/\/i0.wp.com\/www.cisa-arica.cl\/wp1\/wp-content\/uploads\/2021\/08\/WhatsApp-Image-2021-08-23-at-22.00.31.jpeg?resize=350%2C200&ssl=1","width":350,"height":200,"srcset":"https:\/\/i0.wp.com\/www.cisa-arica.cl\/wp1\/wp-content\/uploads\/2021\/08\/WhatsApp-Image-2021-08-23-at-22.00.31.jpeg?resize=350%2C200&ssl=1 1x, https:\/\/i0.wp.com\/www.cisa-arica.cl\/wp1\/wp-content\/uploads\/2021\/08\/WhatsApp-Image-2021-08-23-at-22.00.31.jpeg?resize=525%2C300&ssl=1 1.5x, https:\/\/i0.wp.com\/www.cisa-arica.cl\/wp1\/wp-content\/uploads\/2021\/08\/WhatsApp-Image-2021-08-23-at-22.00.31.jpeg?resize=700%2C400&ssl=1 2x, https:\/\/i0.wp.com\/www.cisa-arica.cl\/wp1\/wp-content\/uploads\/2021\/08\/WhatsApp-Image-2021-08-23-at-22.00.31.jpeg?resize=1050%2C600&ssl=1 3x, https:\/\/i0.wp.com\/www.cisa-arica.cl\/wp1\/wp-content\/uploads\/2021\/08\/WhatsApp-Image-2021-08-23-at-22.00.31.jpeg?resize=1400%2C800&ssl=1 4x"},"classes":[]},{"id":10686,"url":"https:\/\/www.cisa-arica.cl\/wp1\/2020\/06\/13\/participa-de-la-academia-de-basquetbol\/","url_meta":{"origin":10360,"position":4},"title":"Participa de la academia de B\u00e1squetbol","author":"Jeannette Rivera","date":"13 de Junio de 2020","format":false,"excerpt":"Estimada Comunidad Educativa:Junto con saludar y deseando que\u00a0se encuentren bien, informamos que desde el mes de junio dimos inicio a los talleres de distintas disciplinas. Si est\u00e1s interesada, cont\u00e1ctate\u00a0a trav\u00e9s del correo electr\u00f3nico con el profesor\u00a0o monitor a cargo.Los horarios de la Academia de B\u00e1squetbol en la plataforma virtual son\u2026","rel":"","context":"En &quot;Academias CISA&quot;","block_context":{"text":"Academias CISA","link":"https:\/\/www.cisa-arica.cl\/wp1\/category\/academias-cisa\/"},"img":{"alt_text":"","src":"https:\/\/i0.wp.com\/www.cisa-arica.cl\/wp1\/wp-content\/uploads\/2020\/06\/Ac-basqutbl.png?resize=350%2C200&ssl=1","width":350,"height":200},"classes":[]},{"id":10689,"url":"https:\/\/www.cisa-arica.cl\/wp1\/2020\/06\/13\/participa-de-la-academia-de-teatro\/","url_meta":{"origin":10360,"position":5},"title":"Participa de la academia de Teatro","author":"Jeannette Rivera","date":"13 de Junio de 2020","format":false,"excerpt":"Estimada Comunidad Educativa:Junto con saludar y deseando que\u00a0se encuentren bien, informamos que desde el mes de junio dimos inicio a los talleres de distintas disciplinas. Si est\u00e1s interesada, cont\u00e1ctate\u00a0a trav\u00e9s del correo electr\u00f3nico con el profesor\u00a0o monitor a cargo.Los horarios de la Academia de Teatro en la plataforma virtual son\u2026","rel":"","context":"En &quot;Academias CISA&quot;","block_context":{"text":"Academias CISA","link":"https:\/\/www.cisa-arica.cl\/wp1\/category\/academias-cisa\/"},"img":{"alt_text":"","src":"https:\/\/i0.wp.com\/www.cisa-arica.cl\/wp1\/wp-content\/uploads\/2020\/06\/Ac-teatro-1.png?resize=350%2C200&ssl=1","width":350,"height":200},"classes":[]}],"_links":{"self":[{"href":"https:\/\/www.cisa-arica.cl\/wp1\/wp-json\/wp\/v2\/posts\/10360","targetHints":{"allow":["GET"]}}],"collection":[{"href":"https:\/\/www.cisa-arica.cl\/wp1\/wp-json\/wp\/v2\/posts"}],"about":[{"href":"https:\/\/www.cisa-arica.cl\/wp1\/wp-json\/wp\/v2\/types\/post"}],"author":[{"embeddable":true,"href":"https:\/\/www.cisa-arica.cl\/wp1\/wp-json\/wp\/v2\/users\/1"}],"replies":[{"embeddable":true,"href":"https:\/\/www.cisa-arica.cl\/wp1\/wp-json\/wp\/v2\/comments?post=10360"}],"version-history":[{"count":2,"href":"https:\/\/www.cisa-arica.cl\/wp1\/wp-json\/wp\/v2\/posts\/10360\/revisions"}],"predecessor-version":[{"id":10370,"href":"https:\/\/www.cisa-arica.cl\/wp1\/wp-json\/wp\/v2\/posts\/10360\/revisions\/10370"}],"wp:featuredmedia":[{"embeddable":true,"href":"https:\/\/www.cisa-arica.cl\/wp1\/wp-json\/wp\/v2\/media\/10352"}],"wp:attachment":[{"href":"https:\/\/www.cisa-arica.cl\/wp1\/wp-json\/wp\/v2\/media?parent=10360"}],"wp:term":[{"taxonomy":"category","embeddable":true,"href":"https:\/\/www.cisa-arica.cl\/wp1\/wp-json\/wp\/v2\/categories?post=10360"},{"taxonomy":"post_tag","embeddable":true,"href":"https:\/\/www.cisa-arica.cl\/wp1\/wp-json\/wp\/v2\/tags?post=10360"}],"curies":[{"name":"wp","href":"https:\/\/api.w.org\/{rel}","templated":true}]}}