{"id":10107,"date":"2019-11-22T21:22:53","date_gmt":"2019-11-22T21:22:53","guid":{"rendered":"http:\/\/www.cisa-arica.cl\/wp1\/?p=10107"},"modified":"2019-11-23T18:21:33","modified_gmt":"2019-11-23T18:21:33","slug":"oracion-por-chile-y-los-continentes","status":"publish","type":"post","link":"https:\/\/www.cisa-arica.cl\/wp1\/2019\/11\/22\/oracion-por-chile-y-los-continentes\/","title":{"rendered":"Oraci\u00f3n por Chile y los continentes"},"content":{"rendered":"<p><img loading=\"lazy\" decoding=\"async\" data-attachment-id=\"10111\" data-permalink=\"https:\/\/www.cisa-arica.cl\/wp1\/2019\/11\/22\/oracion-por-chile-y-los-continentes\/20191122_1457098203489053522773035\/\" data-orig-file=\"https:\/\/www.cisa-arica.cl\/wp1\/wp-content\/uploads\/2019\/11\/20191122_1457098203489053522773035.jpg\" data-orig-size=\"3000,2250\" data-comments-opened=\"0\" data-image-meta=\"{&quot;aperture&quot;:&quot;0&quot;,&quot;credit&quot;:&quot;&quot;,&quot;camera&quot;:&quot;&quot;,&quot;caption&quot;:&quot;&quot;,&quot;created_timestamp&quot;:&quot;0&quot;,&quot;copyright&quot;:&quot;&quot;,&quot;focal_length&quot;:&quot;0&quot;,&quot;iso&quot;:&quot;0&quot;,&quot;shutter_speed&quot;:&quot;0&quot;,&quot;title&quot;:&quot;&quot;,&quot;orientation&quot;:&quot;0&quot;}\" data-image-title=\"20191122_1457098203489053522773035.jpg\" data-image-description=\"\" data-image-caption=\"\" data-large-file=\"https:\/\/www.cisa-arica.cl\/wp1\/wp-content\/uploads\/2019\/11\/20191122_1457098203489053522773035-600x450.jpg\" class=\"wp-image-10111 alignnone size-full\" src=\"http:\/\/www.cisa-arica.cl\/wp1\/wp-content\/uploads\/2019\/11\/20191122_1457098203489053522773035.jpg\" width=\"3000\" height=\"2250\" srcset=\"https:\/\/www.cisa-arica.cl\/wp1\/wp-content\/uploads\/2019\/11\/20191122_1457098203489053522773035.jpg 3000w, https:\/\/www.cisa-arica.cl\/wp1\/wp-content\/uploads\/2019\/11\/20191122_1457098203489053522773035-300x225.jpg 300w, https:\/\/www.cisa-arica.cl\/wp1\/wp-content\/uploads\/2019\/11\/20191122_1457098203489053522773035-768x576.jpg 768w, https:\/\/www.cisa-arica.cl\/wp1\/wp-content\/uploads\/2019\/11\/20191122_1457098203489053522773035-600x450.jpg 600w\" sizes=\"auto, (max-width: 3000px) 100vw, 3000px\" \/><img decoding=\"async\" class=\"size-full\" data-wpid=\"873\" src=\"http:\/\/www.cisa-arica.cl\/wp1\/wp-content\/uploads\/2019\/11\/20191122_1544223489399089521256549.jpg\" \/><img loading=\"lazy\" decoding=\"async\" data-attachment-id=\"10113\" data-permalink=\"https:\/\/www.cisa-arica.cl\/wp1\/2019\/11\/22\/oracion-por-chile-y-los-continentes\/20191122_1508168511727169171550658\/\" data-orig-file=\"https:\/\/www.cisa-arica.cl\/wp1\/wp-content\/uploads\/2019\/11\/20191122_1508168511727169171550658.jpg\" data-orig-size=\"3000,2250\" data-comments-opened=\"0\" data-image-meta=\"{&quot;aperture&quot;:&quot;0&quot;,&quot;credit&quot;:&quot;&quot;,&quot;camera&quot;:&quot;&quot;,&quot;caption&quot;:&quot;&quot;,&quot;created_timestamp&quot;:&quot;0&quot;,&quot;copyright&quot;:&quot;&quot;,&quot;focal_length&quot;:&quot;0&quot;,&quot;iso&quot;:&quot;0&quot;,&quot;shutter_speed&quot;:&quot;0&quot;,&quot;title&quot;:&quot;&quot;,&quot;orientation&quot;:&quot;0&quot;}\" data-image-title=\"20191122_1508168511727169171550658.jpg\" data-image-description=\"\" data-image-caption=\"\" data-large-file=\"https:\/\/www.cisa-arica.cl\/wp1\/wp-content\/uploads\/2019\/11\/20191122_1508168511727169171550658-600x450.jpg\" class=\"wp-image-10113 alignnone size-full\" src=\"http:\/\/www.cisa-arica.cl\/wp1\/wp-content\/uploads\/2019\/11\/20191122_1508168511727169171550658.jpg\" width=\"3000\" height=\"2250\" srcset=\"https:\/\/www.cisa-arica.cl\/wp1\/wp-content\/uploads\/2019\/11\/20191122_1508168511727169171550658.jpg 3000w, https:\/\/www.cisa-arica.cl\/wp1\/wp-content\/uploads\/2019\/11\/20191122_1508168511727169171550658-300x225.jpg 300w, https:\/\/www.cisa-arica.cl\/wp1\/wp-content\/uploads\/2019\/11\/20191122_1508168511727169171550658-768x576.jpg 768w, https:\/\/www.cisa-arica.cl\/wp1\/wp-content\/uploads\/2019\/11\/20191122_1508168511727169171550658-600x450.jpg 600w\" sizes=\"auto, (max-width: 3000px) 100vw, 3000px\" \/><img loading=\"lazy\" decoding=\"async\" data-attachment-id=\"10112\" data-permalink=\"https:\/\/www.cisa-arica.cl\/wp1\/2019\/11\/22\/oracion-por-chile-y-los-continentes\/20191122_1507501525472930405017140\/\" data-orig-file=\"https:\/\/www.cisa-arica.cl\/wp1\/wp-content\/uploads\/2019\/11\/20191122_1507501525472930405017140.jpg\" data-orig-size=\"3000,2250\" data-comments-opened=\"0\" data-image-meta=\"{&quot;aperture&quot;:&quot;0&quot;,&quot;credit&quot;:&quot;&quot;,&quot;camera&quot;:&quot;&quot;,&quot;caption&quot;:&quot;&quot;,&quot;created_timestamp&quot;:&quot;0&quot;,&quot;copyright&quot;:&quot;&quot;,&quot;focal_length&quot;:&quot;0&quot;,&quot;iso&quot;:&quot;0&quot;,&quot;shutter_speed&quot;:&quot;0&quot;,&quot;title&quot;:&quot;&quot;,&quot;orientation&quot;:&quot;0&quot;}\" data-image-title=\"20191122_1507501525472930405017140.jpg\" data-image-description=\"\" data-image-caption=\"\" data-large-file=\"https:\/\/www.cisa-arica.cl\/wp1\/wp-content\/uploads\/2019\/11\/20191122_1507501525472930405017140-600x450.jpg\" class=\"wp-image-10112 alignnone size-full\" src=\"http:\/\/www.cisa-arica.cl\/wp1\/wp-content\/uploads\/2019\/11\/20191122_1507501525472930405017140.jpg\" width=\"3000\" height=\"2250\" data-temp-aztec-id=\"aa4a2545-b56b-47d9-b303-151f5fed0b3c\" srcset=\"https:\/\/www.cisa-arica.cl\/wp1\/wp-content\/uploads\/2019\/11\/20191122_1507501525472930405017140.jpg 3000w, https:\/\/www.cisa-arica.cl\/wp1\/wp-content\/uploads\/2019\/11\/20191122_1507501525472930405017140-300x225.jpg 300w, https:\/\/www.cisa-arica.cl\/wp1\/wp-content\/uploads\/2019\/11\/20191122_1507501525472930405017140-768x576.jpg 768w, https:\/\/www.cisa-arica.cl\/wp1\/wp-content\/uploads\/2019\/11\/20191122_1507501525472930405017140-600x450.jpg 600w\" sizes=\"auto, (max-width: 3000px) 100vw, 3000px\" \/><img loading=\"lazy\" decoding=\"async\" data-attachment-id=\"10114\" data-permalink=\"https:\/\/www.cisa-arica.cl\/wp1\/2019\/11\/22\/oracion-por-chile-y-los-continentes\/20191122_150020578410221950481379\/\" data-orig-file=\"https:\/\/www.cisa-arica.cl\/wp1\/wp-content\/uploads\/2019\/11\/20191122_150020578410221950481379.jpg\" data-orig-size=\"3000,2250\" data-comments-opened=\"0\" data-image-meta=\"{&quot;aperture&quot;:&quot;0&quot;,&quot;credit&quot;:&quot;&quot;,&quot;camera&quot;:&quot;&quot;,&quot;caption&quot;:&quot;&quot;,&quot;created_timestamp&quot;:&quot;0&quot;,&quot;copyright&quot;:&quot;&quot;,&quot;focal_length&quot;:&quot;0&quot;,&quot;iso&quot;:&quot;0&quot;,&quot;shutter_speed&quot;:&quot;0&quot;,&quot;title&quot;:&quot;&quot;,&quot;orientation&quot;:&quot;0&quot;}\" data-image-title=\"20191122_150020578410221950481379.jpg\" data-image-description=\"\" data-image-caption=\"\" data-large-file=\"https:\/\/www.cisa-arica.cl\/wp1\/wp-content\/uploads\/2019\/11\/20191122_150020578410221950481379-600x450.jpg\" class=\"wp-image-10114 alignnone size-full\" src=\"http:\/\/www.cisa-arica.cl\/wp1\/wp-content\/uploads\/2019\/11\/20191122_150020578410221950481379.jpg\" width=\"3000\" height=\"2250\" srcset=\"https:\/\/www.cisa-arica.cl\/wp1\/wp-content\/uploads\/2019\/11\/20191122_150020578410221950481379.jpg 3000w, https:\/\/www.cisa-arica.cl\/wp1\/wp-content\/uploads\/2019\/11\/20191122_150020578410221950481379-300x225.jpg 300w, https:\/\/www.cisa-arica.cl\/wp1\/wp-content\/uploads\/2019\/11\/20191122_150020578410221950481379-768x576.jpg 768w, https:\/\/www.cisa-arica.cl\/wp1\/wp-content\/uploads\/2019\/11\/20191122_150020578410221950481379-600x450.jpg 600w\" sizes=\"auto, (max-width: 3000px) 100vw, 3000px\" \/><\/p>\n","protected":false},"excerpt":{"rendered":"","protected":false},"author":1,"featured_media":0,"comment_status":"closed","ping_status":"open","sticky":false,"template":"","format":"standard","meta":{"_jetpack_memberships_contains_paid_content":false,"footnotes":"","jetpack_publicize_message":"","jetpack_publicize_feature_enabled":true,"jetpack_social_post_already_shared":true,"jetpack_social_options":{"image_generator_settings":{"template":"highway","default_image_id":0,"font":"","enabled":false},"version":2}},"categories":[5],"tags":[],"class_list":["post-10107","post","type-post","status-publish","format-standard","hentry","category-uncategorized"],"jetpack_publicize_connections":[],"jetpack_featured_media_url":"","jetpack_sharing_enabled":true,"jetpack_shortlink":"https:\/\/wp.me\/p84wcz-2D1","jetpack-related-posts":[{"id":22558,"url":"https:\/\/www.cisa-arica.cl\/wp1\/2023\/08\/31\/misa-de-los-2dos-anos-basicos\/","url_meta":{"origin":10107,"position":0},"title":"Misa de los 2dos a\u00f1os B\u00e1sicos","author":"Jeannette Rivera","date":"31 de Agosto de 2023","format":false,"excerpt":"El mi\u00e9rcoles se realiz\u00f3 la misa de los Segundos a\u00f1os B\u00e1sicos A y B quienes dedicaron su oraci\u00f3n por rezar por las familias y por quienes est\u00e1n enfermos. \u00a0","rel":"","context":"Entrada similar ","block_context":{"text":"Entrada similar ","link":""},"img":{"alt_text":"","src":"https:\/\/i0.wp.com\/www.cisa-arica.cl\/wp1\/wp-content\/uploads\/2023\/08\/IMG_3118-600x400-1.webp?resize=350%2C200&ssl=1","width":350,"height":200,"srcset":"https:\/\/i0.wp.com\/www.cisa-arica.cl\/wp1\/wp-content\/uploads\/2023\/08\/IMG_3118-600x400-1.webp?resize=350%2C200&ssl=1 1x, https:\/\/i0.wp.com\/www.cisa-arica.cl\/wp1\/wp-content\/uploads\/2023\/08\/IMG_3118-600x400-1.webp?resize=525%2C300&ssl=1 1.5x"},"classes":[]},{"id":11734,"url":"https:\/\/www.cisa-arica.cl\/wp1\/2020\/11\/09\/condolencias-hermana-albina-palominos\/","url_meta":{"origin":10107,"position":1},"title":"Condolencias, Hermana Albina Palominos.","author":"CISA","date":"9 de Noviembre de 2020","format":false,"excerpt":"Querida Comunidad Educativa:Con profunda confianza en el amor de Dios y con nuestra esperanza puesta en la resurrecci\u00f3n, nos unimos en oraci\u00f3n como familia educativa, pidiendo al Se\u00f1or que acoja con los brazos abiertos a nuestra querida hermana: SOR ANA ALBINA PALOMINOS (Q.E.P.D)Quien fuera en vida una gran mujer, siempre\u2026","rel":"","context":"Entrada similar ","block_context":{"text":"Entrada similar ","link":""},"img":{"alt_text":"","src":"https:\/\/i0.wp.com\/www.cisa-arica.cl\/wp1\/wp-content\/uploads\/2020\/11\/7c004a03-8879-4fa3-ae28-afd0ec43a135.png?resize=350%2C200&ssl=1","width":350,"height":200,"srcset":"https:\/\/i0.wp.com\/www.cisa-arica.cl\/wp1\/wp-content\/uploads\/2020\/11\/7c004a03-8879-4fa3-ae28-afd0ec43a135.png?resize=350%2C200&ssl=1 1x, https:\/\/i0.wp.com\/www.cisa-arica.cl\/wp1\/wp-content\/uploads\/2020\/11\/7c004a03-8879-4fa3-ae28-afd0ec43a135.png?resize=525%2C300&ssl=1 1.5x, https:\/\/i0.wp.com\/www.cisa-arica.cl\/wp1\/wp-content\/uploads\/2020\/11\/7c004a03-8879-4fa3-ae28-afd0ec43a135.png?resize=700%2C400&ssl=1 2x, https:\/\/i0.wp.com\/www.cisa-arica.cl\/wp1\/wp-content\/uploads\/2020\/11\/7c004a03-8879-4fa3-ae28-afd0ec43a135.png?resize=1050%2C600&ssl=1 3x, https:\/\/i0.wp.com\/www.cisa-arica.cl\/wp1\/wp-content\/uploads\/2020\/11\/7c004a03-8879-4fa3-ae28-afd0ec43a135.png?resize=1400%2C800&ssl=1 4x"},"classes":[]},{"id":12332,"url":"https:\/\/www.cisa-arica.cl\/wp1\/2021\/04\/27\/calendario-de-efemerides-dia-del-carabinero\/","url_meta":{"origin":10107,"position":2},"title":"Calendario de Efem\u00e9rides: D\u00eda del Carabinero","author":"Jeannette Rivera","date":"27 de Abril de 2021","format":false,"excerpt":"Hoy en Chile es el D\u00eda del Carabinero, fecha que conmemora la creaci\u00f3n de este cuerpo un d\u00eda 27 de abril de 1927, cuando Carlos Ib\u00e1\u00f1ez del Campo, entonces vicepresidente de la Rep\u00fablica, decidi\u00f3 fusionar los distintos cuerpos de polic\u00edas y de orden existentes a los largo del territorio chileno\u2026","rel":"","context":"Entrada similar ","block_context":{"text":"Entrada similar ","link":""},"img":{"alt_text":"","src":"https:\/\/i0.wp.com\/www.cisa-arica.cl\/wp1\/wp-content\/uploads\/2021\/04\/efemerides.jpg?resize=350%2C200&ssl=1","width":350,"height":200},"classes":[]},{"id":27958,"url":"https:\/\/www.cisa-arica.cl\/wp1\/2025\/01\/05\/condolencias-19\/","url_meta":{"origin":10107,"position":3},"title":"Condolencias","author":"Jeannette Rivera","date":"5 de Enero de 2025","format":false,"excerpt":"Con profundo dolor comunicamos el sensible fallecimiento de la se\u00f1ora Victoria Amanda Castillo Araya (QEPD) quien es la mam\u00e1 de nuestra querida profesora Karen Rojas. Como Comunidad Educativa, nos unimos en oraci\u00f3n para pedir a Dios y a Santa Ana por el eterno descanso de la se\u00f1ora Victoria Castillo y\u2026","rel":"","context":"Entrada similar ","block_context":{"text":"Entrada similar ","link":""},"img":{"alt_text":"","src":"https:\/\/i0.wp.com\/www.cisa-arica.cl\/wp1\/wp-content\/uploads\/2025\/01\/IMG_3037.png?resize=350%2C200&ssl=1","width":350,"height":200,"srcset":"https:\/\/i0.wp.com\/www.cisa-arica.cl\/wp1\/wp-content\/uploads\/2025\/01\/IMG_3037.png?resize=350%2C200&ssl=1 1x, https:\/\/i0.wp.com\/www.cisa-arica.cl\/wp1\/wp-content\/uploads\/2025\/01\/IMG_3037.png?resize=525%2C300&ssl=1 1.5x, https:\/\/i0.wp.com\/www.cisa-arica.cl\/wp1\/wp-content\/uploads\/2025\/01\/IMG_3037.png?resize=700%2C400&ssl=1 2x, https:\/\/i0.wp.com\/www.cisa-arica.cl\/wp1\/wp-content\/uploads\/2025\/01\/IMG_3037.png?resize=1050%2C600&ssl=1 3x"},"classes":[]},{"id":21029,"url":"https:\/\/www.cisa-arica.cl\/wp1\/2023\/06\/23\/urban-day-martes-27\/","url_meta":{"origin":10107,"position":4},"title":"Urban Day Martes 27","author":"Jeannette Rivera","date":"23 de Junio de 2023","format":false,"excerpt":"El pr\u00f3ximo martes 27 de junio se realizar\u00e1 un Urban Day el cual ir\u00e1 en total beneficio de una familia de nuestro colegio que requiere de apoyo y mucha oraci\u00f3n. \u00a0Las estudiantes, de todos los niveles, pueden asistir con ropa de calle, considerando las normativas del colegio. El valor del\u2026","rel":"","context":"Entrada similar ","block_context":{"text":"Entrada similar ","link":""},"img":{"alt_text":"","src":"https:\/\/i0.wp.com\/www.cisa-arica.cl\/wp1\/wp-content\/uploads\/2023\/06\/67BC28FE-1223-4A1B-990D-F801FD30163F.jpeg?resize=350%2C200&ssl=1","width":350,"height":200,"srcset":"https:\/\/i0.wp.com\/www.cisa-arica.cl\/wp1\/wp-content\/uploads\/2023\/06\/67BC28FE-1223-4A1B-990D-F801FD30163F.jpeg?resize=350%2C200&ssl=1 1x, https:\/\/i0.wp.com\/www.cisa-arica.cl\/wp1\/wp-content\/uploads\/2023\/06\/67BC28FE-1223-4A1B-990D-F801FD30163F.jpeg?resize=525%2C300&ssl=1 1.5x, https:\/\/i0.wp.com\/www.cisa-arica.cl\/wp1\/wp-content\/uploads\/2023\/06\/67BC28FE-1223-4A1B-990D-F801FD30163F.jpeg?resize=700%2C400&ssl=1 2x, https:\/\/i0.wp.com\/www.cisa-arica.cl\/wp1\/wp-content\/uploads\/2023\/06\/67BC28FE-1223-4A1B-990D-F801FD30163F.jpeg?resize=1050%2C600&ssl=1 3x"},"classes":[]},{"id":29814,"url":"https:\/\/www.cisa-arica.cl\/wp1\/2026\/01\/14\/comunicado-oficial-2\/","url_meta":{"origin":10107,"position":5},"title":"Comunicado Oficial","author":"Jeannette Rivera","date":"14 de Enero de 2026","format":false,"excerpt":"Con profundo dolor y pesar, el Colegio Italiano Santa Ana informa a toda su comunidad educativa el sensible fallecimiento de nuestra estudiante Yasm\u00edn Guarachi Teller\u00eda. Su partida representa una p\u00e9rdida inmensa para nuestra comunidad, dejando un profundo sentimiento de tristeza entre quienes compartieron con ella en las aulas, patios y\u2026","rel":"","context":"Entrada similar ","block_context":{"text":"Entrada similar ","link":""},"img":{"alt_text":"","src":"https:\/\/i0.wp.com\/www.cisa-arica.cl\/wp1\/wp-content\/uploads\/2026\/01\/YAZMIN-GUARACHI-TELLERIA-.png?resize=350%2C200&ssl=1","width":350,"height":200,"srcset":"https:\/\/i0.wp.com\/www.cisa-arica.cl\/wp1\/wp-content\/uploads\/2026\/01\/YAZMIN-GUARACHI-TELLERIA-.png?resize=350%2C200&ssl=1 1x, https:\/\/i0.wp.com\/www.cisa-arica.cl\/wp1\/wp-content\/uploads\/2026\/01\/YAZMIN-GUARACHI-TELLERIA-.png?resize=525%2C300&ssl=1 1.5x, https:\/\/i0.wp.com\/www.cisa-arica.cl\/wp1\/wp-content\/uploads\/2026\/01\/YAZMIN-GUARACHI-TELLERIA-.png?resize=700%2C400&ssl=1 2x, https:\/\/i0.wp.com\/www.cisa-arica.cl\/wp1\/wp-content\/uploads\/2026\/01\/YAZMIN-GUARACHI-TELLERIA-.png?resize=1050%2C600&ssl=1 3x"},"classes":[]}],"_links":{"self":[{"href":"https:\/\/www.cisa-arica.cl\/wp1\/wp-json\/wp\/v2\/posts\/10107","targetHints":{"allow":["GET"]}}],"collection":[{"href":"https:\/\/www.cisa-arica.cl\/wp1\/wp-json\/wp\/v2\/posts"}],"about":[{"href":"https:\/\/www.cisa-arica.cl\/wp1\/wp-json\/wp\/v2\/types\/post"}],"author":[{"embeddable":true,"href":"https:\/\/www.cisa-arica.cl\/wp1\/wp-json\/wp\/v2\/users\/1"}],"replies":[{"embeddable":true,"href":"https:\/\/www.cisa-arica.cl\/wp1\/wp-json\/wp\/v2\/comments?post=10107"}],"version-history":[{"count":4,"href":"https:\/\/www.cisa-arica.cl\/wp1\/wp-json\/wp\/v2\/posts\/10107\/revisions"}],"predecessor-version":[{"id":10121,"href":"https:\/\/www.cisa-arica.cl\/wp1\/wp-json\/wp\/v2\/posts\/10107\/revisions\/10121"}],"wp:attachment":[{"href":"https:\/\/www.cisa-arica.cl\/wp1\/wp-json\/wp\/v2\/media?parent=10107"}],"wp:term":[{"taxonomy":"category","embeddable":true,"href":"https:\/\/www.cisa-arica.cl\/wp1\/wp-json\/wp\/v2\/categories?post=10107"},{"taxonomy":"post_tag","embeddable":true,"href":"https:\/\/www.cisa-arica.cl\/wp1\/wp-json\/wp\/v2\/tags?post=10107"}],"curies":[{"name":"wp","href":"https:\/\/api.w.org\/{rel}","templated":true}]}}